{"id":6617,"date":"2026-09-02T13:34:03","date_gmt":"2026-09-02T11:34:03","guid":{"rendered":"https:\/\/fr.365yawm.ma\/?p=6617"},"modified":"2026-09-02T13:34:03","modified_gmt":"2026-09-02T11:34:03","slug":"deces-du-pere-de-notre-confrere-said-kobrit","status":"publish","type":"post","link":"https:\/\/fr.365yawm.ma\/index.php\/2026\/09\/02\/deces-du-pere-de-notre-confrere-said-kobrit\/","title":{"rendered":"D\u00c9C\u00c8S DU P\u00c8RE DE NOTRE CONFR\u00c8RE SA\u00cfD KOBRIT"},"content":{"rendered":"<p><strong>Nous avons appris avec une profonde tristesse et une vive \u00e9motion le d\u00e9c\u00e8s du p\u00e8re de notre confr\u00e8re Sa\u00efd Kobrit.<\/strong><\/p>\n<p>En cette douloureuse circonstance, la direction et l\u2019ensemble de la r\u00e9daction de 365yawm.ma pr\u00e9sentent \u00e0 notre confr\u00e8re Sa\u00efd Kobrit, ainsi qu\u2019\u00e0 tous les membres de sa famille et \u00e0 ses proches, leurs condol\u00e9ances les plus attrist\u00e9es et leurs sinc\u00e8res sentiments de compassion.<\/p>\n<p>Nous prions le Tr\u00e8s-Haut d\u2019accueillir le d\u00e9funt dans Sa vaste mis\u00e9ricorde, de lui accorder le repos \u00e9ternel et de lui ouvrir les portes de Son Paradis. Puisse-t-Il \u00e9galement apporter \u00e0 sa famille et \u00e0 ses proches force, patience et r\u00e9confort pour surmonter cette douloureuse \u00e9preuve.<\/p>\n<p><strong>Puisse la m\u00e9moire du d\u00e9funt demeurer une source de r\u00e9confort pour ceux qui l\u2019ont aim\u00e9.<\/strong><\/p>\n<p><strong>\u0625\u0646\u0627 \u0644\u0644\u0647 \u0648\u0625\u0646\u0627 \u0625\u0644\u064a\u0647 \u0631\u0627\u062c\u0639\u0648\u0646<\/strong><\/p>\n","protected":false},"excerpt":{"rendered":"<p>Nous avons appris avec une profonde tristesse et une vive \u00e9motion le d\u00e9c\u00e8s du p\u00e8re de notre confr\u00e8re Sa\u00efd Kobrit. En cette douloureuse circonstance, la direction et l\u2019ensemble de la r\u00e9daction de 365yawm.ma pr\u00e9sentent \u00e0 notre confr\u00e8re Sa\u00efd Kobrit, ainsi qu\u2019\u00e0 tous les membres de sa famille et \u00e0 ses proches, leurs condol\u00e9ances les plus [&hellip;]<\/p>\n","protected":false},"author":1,"featured_media":6618,"comment_status":"open","ping_status":"open","sticky":false,"template":"","format":"standard","meta":{"_bbp_topic_count":0,"_bbp_reply_count":0,"_bbp_total_topic_count":0,"_bbp_total_reply_count":0,"_bbp_voice_count":0,"_bbp_anonymous_reply_count":0,"_bbp_topic_count_hidden":0,"_bbp_reply_count_hidden":0,"_bbp_forum_subforum_count":0,"_jetpack_memberships_contains_paid_content":false,"footnotes":""},"categories":[1],"tags":[],"class_list":["post-6617","post","type-post","status-publish","format-standard","has-post-thumbnail","hentry","category-non-classe"],"yoast_head":"<!-- This site is optimized with the Yoast SEO plugin v24.9 - https:\/\/yoast.com\/wordpress\/plugins\/seo\/ -->\n<title>D\u00c9C\u00c8S DU P\u00c8RE DE NOTRE CONFR\u00c8RE SA\u00cfD KOBRIT - 365YAWM fran\u00e7ais<\/title>\n<meta name=\"robots\" content=\"index, follow, max-snippet:-1, max-image-preview:large, max-video-preview:-1\" \/>\n<link rel=\"canonical\" href=\"https:\/\/fr.365yawm.ma\/index.php\/2026\/09\/02\/deces-du-pere-de-notre-confrere-said-kobrit\/\" \/>\n<meta property=\"og:locale\" content=\"fr_FR\" \/>\n<meta property=\"og:type\" content=\"article\" \/>\n<meta property=\"og:title\" content=\"D\u00c9C\u00c8S DU P\u00c8RE DE NOTRE CONFR\u00c8RE SA\u00cfD KOBRIT - 365YAWM fran\u00e7ais\" \/>\n<meta property=\"og:description\" content=\"Nous avons appris avec une profonde tristesse et une vive \u00e9motion le d\u00e9c\u00e8s du p\u00e8re de notre confr\u00e8re Sa\u00efd Kobrit. En cette douloureuse circonstance, la direction et l\u2019ensemble de la r\u00e9daction de 365yawm.ma pr\u00e9sentent \u00e0 notre confr\u00e8re Sa\u00efd Kobrit, ainsi qu\u2019\u00e0 tous les membres de sa famille et \u00e0 ses proches, leurs condol\u00e9ances les plus [&hellip;]\" \/>\n<meta property=\"og:url\" content=\"https:\/\/fr.365yawm.ma\/index.php\/2026\/09\/02\/deces-du-pere-de-notre-confrere-said-kobrit\/\" \/>\n<meta property=\"og:site_name\" content=\"365YAWM fran\u00e7ais\" \/>\n<meta property=\"article:published_time\" content=\"2026-09-02T11:34:03+00:00\" \/>\n<meta property=\"og:image\" content=\"https:\/\/fr.365yawm.ma\/wp-content\/uploads\/2026\/09\/FB_IMG_1788348329269.jpg\" \/>\n\t<meta property=\"og:image:width\" content=\"720\" \/>\n\t<meta property=\"og:image:height\" content=\"1560\" \/>\n\t<meta property=\"og:image:type\" content=\"image\/jpeg\" \/>\n<meta name=\"author\" content=\"fra365yawm\" \/>\n<meta name=\"twitter:card\" content=\"summary_large_image\" \/>\n<meta name=\"twitter:label1\" content=\"\u00c9crit par\" \/>\n\t<meta name=\"twitter:data1\" content=\"fra365yawm\" \/>\n\t<meta name=\"twitter:label2\" content=\"Dur\u00e9e de lecture estim\u00e9e\" \/>\n\t<meta name=\"twitter:data2\" content=\"1 minute\" \/>\n<script type=\"application\/ld+json\" class=\"yoast-schema-graph\">{\"@context\":\"https:\/\/schema.org\",\"@graph\":[{\"@type\":\"Article\",\"@id\":\"https:\/\/fr.365yawm.ma\/index.php\/2026\/09\/02\/deces-du-pere-de-notre-confrere-said-kobrit\/#article\",\"isPartOf\":{\"@id\":\"https:\/\/fr.365yawm.ma\/index.php\/2026\/09\/02\/deces-du-pere-de-notre-confrere-said-kobrit\/\"},\"author\":{\"name\":\"fra365yawm\",\"@id\":\"https:\/\/fr.365yawm.ma\/#\/schema\/person\/3ae7f285880cb2045c5b6a6925408e72\"},\"headline\":\"D\u00c9C\u00c8S DU P\u00c8RE DE NOTRE CONFR\u00c8RE SA\u00cfD KOBRIT\",\"datePublished\":\"2026-09-02T11:34:03+00:00\",\"mainEntityOfPage\":{\"@id\":\"https:\/\/fr.365yawm.ma\/index.php\/2026\/09\/02\/deces-du-pere-de-notre-confrere-said-kobrit\/\"},\"wordCount\":154,\"commentCount\":0,\"publisher\":{\"@id\":\"https:\/\/fr.365yawm.ma\/#organization\"},\"image\":{\"@id\":\"https:\/\/fr.365yawm.ma\/index.php\/2026\/09\/02\/deces-du-pere-de-notre-confrere-said-kobrit\/#primaryimage\"},\"thumbnailUrl\":\"https:\/\/fr.365yawm.ma\/wp-content\/uploads\/2026\/09\/FB_IMG_1788348329269.jpg\",\"inLanguage\":\"fr-FR\",\"potentialAction\":[{\"@type\":\"CommentAction\",\"name\":\"Comment\",\"target\":[\"https:\/\/fr.365yawm.ma\/index.php\/2026\/09\/02\/deces-du-pere-de-notre-confrere-said-kobrit\/#respond\"]}]},{\"@type\":\"WebPage\",\"@id\":\"https:\/\/fr.365yawm.ma\/index.php\/2026\/09\/02\/deces-du-pere-de-notre-confrere-said-kobrit\/\",\"url\":\"https:\/\/fr.365yawm.ma\/index.php\/2026\/09\/02\/deces-du-pere-de-notre-confrere-said-kobrit\/\",\"name\":\"D\u00c9C\u00c8S DU P\u00c8RE DE NOTRE CONFR\u00c8RE SA\u00cfD KOBRIT - 365YAWM fran\u00e7ais\",\"isPartOf\":{\"@id\":\"https:\/\/fr.365yawm.ma\/#website\"},\"primaryImageOfPage\":{\"@id\":\"https:\/\/fr.365yawm.ma\/index.php\/2026\/09\/02\/deces-du-pere-de-notre-confrere-said-kobrit\/#primaryimage\"},\"image\":{\"@id\":\"https:\/\/fr.365yawm.ma\/index.php\/2026\/09\/02\/deces-du-pere-de-notre-confrere-said-kobrit\/#primaryimage\"},\"thumbnailUrl\":\"https:\/\/fr.365yawm.ma\/wp-content\/uploads\/2026\/09\/FB_IMG_1788348329269.jpg\",\"datePublished\":\"2026-09-02T11:34:03+00:00\",\"breadcrumb\":{\"@id\":\"https:\/\/fr.365yawm.ma\/index.php\/2026\/09\/02\/deces-du-pere-de-notre-confrere-said-kobrit\/#breadcrumb\"},\"inLanguage\":\"fr-FR\",\"potentialAction\":[{\"@type\":\"ReadAction\",\"target\":[\"https:\/\/fr.365yawm.ma\/index.php\/2026\/09\/02\/deces-du-pere-de-notre-confrere-said-kobrit\/\"]}]},{\"@type\":\"ImageObject\",\"inLanguage\":\"fr-FR\",\"@id\":\"https:\/\/fr.365yawm.ma\/index.php\/2026\/09\/02\/deces-du-pere-de-notre-confrere-said-kobrit\/#primaryimage\",\"url\":\"https:\/\/fr.365yawm.ma\/wp-content\/uploads\/2026\/09\/FB_IMG_1788348329269.jpg\",\"contentUrl\":\"https:\/\/fr.365yawm.ma\/wp-content\/uploads\/2026\/09\/FB_IMG_1788348329269.jpg\",\"width\":720,\"height\":1560},{\"@type\":\"BreadcrumbList\",\"@id\":\"https:\/\/fr.365yawm.ma\/index.php\/2026\/09\/02\/deces-du-pere-de-notre-confrere-said-kobrit\/#breadcrumb\",\"itemListElement\":[{\"@type\":\"ListItem\",\"position\":1,\"name\":\"Accueil\",\"item\":\"https:\/\/fr.365yawm.ma\/\"},{\"@type\":\"ListItem\",\"position\":2,\"name\":\"D\u00c9C\u00c8S DU P\u00c8RE DE NOTRE CONFR\u00c8RE SA\u00cfD KOBRIT\"}]},{\"@type\":\"WebSite\",\"@id\":\"https:\/\/fr.365yawm.ma\/#website\",\"url\":\"https:\/\/fr.365yawm.ma\/\",\"name\":\"365YAWM fran\u00e7ais\",\"description\":\"\",\"publisher\":{\"@id\":\"https:\/\/fr.365yawm.ma\/#organization\"},\"potentialAction\":[{\"@type\":\"SearchAction\",\"target\":{\"@type\":\"EntryPoint\",\"urlTemplate\":\"https:\/\/fr.365yawm.ma\/?s={search_term_string}\"},\"query-input\":{\"@type\":\"PropertyValueSpecification\",\"valueRequired\":true,\"valueName\":\"search_term_string\"}}],\"inLanguage\":\"fr-FR\"},{\"@type\":\"Organization\",\"@id\":\"https:\/\/fr.365yawm.ma\/#organization\",\"name\":\"365 yawm\",\"url\":\"https:\/\/fr.365yawm.ma\/\",\"logo\":{\"@type\":\"ImageObject\",\"inLanguage\":\"fr-FR\",\"@id\":\"https:\/\/fr.365yawm.ma\/#\/schema\/logo\/image\/\",\"url\":\"https:\/\/fr.365yawm.ma\/wp-content\/uploads\/2020\/04\/icon.png\",\"contentUrl\":\"https:\/\/fr.365yawm.ma\/wp-content\/uploads\/2020\/04\/icon.png\",\"width\":512,\"height\":512,\"caption\":\"365 yawm\"},\"image\":{\"@id\":\"https:\/\/fr.365yawm.ma\/#\/schema\/logo\/image\/\"}},{\"@type\":\"Person\",\"@id\":\"https:\/\/fr.365yawm.ma\/#\/schema\/person\/3ae7f285880cb2045c5b6a6925408e72\",\"name\":\"fra365yawm\",\"image\":{\"@type\":\"ImageObject\",\"inLanguage\":\"fr-FR\",\"@id\":\"https:\/\/fr.365yawm.ma\/#\/schema\/person\/image\/\",\"url\":\"https:\/\/secure.gravatar.com\/avatar\/825cebdd359775298a5648431701cf17d00fd4fbec76f488ebc15fbeb220aa3a?s=96&d=mm&r=g\",\"contentUrl\":\"https:\/\/secure.gravatar.com\/avatar\/825cebdd359775298a5648431701cf17d00fd4fbec76f488ebc15fbeb220aa3a?s=96&d=mm&r=g\",\"caption\":\"fra365yawm\"},\"sameAs\":[\"https:\/\/fr.365yawm.ma\"]}]}<\/script>\n<!-- \/ Yoast SEO plugin. -->","yoast_head_json":{"title":"D\u00c9C\u00c8S DU P\u00c8RE DE NOTRE CONFR\u00c8RE SA\u00cfD KOBRIT - 365YAWM fran\u00e7ais","robots":{"index":"index","follow":"follow","max-snippet":"max-snippet:-1","max-image-preview":"max-image-preview:large","max-video-preview":"max-video-preview:-1"},"canonical":"https:\/\/fr.365yawm.ma\/index.php\/2026\/09\/02\/deces-du-pere-de-notre-confrere-said-kobrit\/","og_locale":"fr_FR","og_type":"article","og_title":"D\u00c9C\u00c8S DU P\u00c8RE DE NOTRE CONFR\u00c8RE SA\u00cfD KOBRIT - 365YAWM fran\u00e7ais","og_description":"Nous avons appris avec une profonde tristesse et une vive \u00e9motion le d\u00e9c\u00e8s du p\u00e8re de notre confr\u00e8re Sa\u00efd Kobrit. En cette douloureuse circonstance, la direction et l\u2019ensemble de la r\u00e9daction de 365yawm.ma pr\u00e9sentent \u00e0 notre confr\u00e8re Sa\u00efd Kobrit, ainsi qu\u2019\u00e0 tous les membres de sa famille et \u00e0 ses proches, leurs condol\u00e9ances les plus [&hellip;]","og_url":"https:\/\/fr.365yawm.ma\/index.php\/2026\/09\/02\/deces-du-pere-de-notre-confrere-said-kobrit\/","og_site_name":"365YAWM fran\u00e7ais","article_published_time":"2026-09-02T11:34:03+00:00","og_image":[{"width":720,"height":1560,"url":"https:\/\/fr.365yawm.ma\/wp-content\/uploads\/2026\/09\/FB_IMG_1788348329269.jpg","type":"image\/jpeg"}],"author":"fra365yawm","twitter_card":"summary_large_image","twitter_misc":{"\u00c9crit par":"fra365yawm","Dur\u00e9e de lecture estim\u00e9e":"1 minute"},"schema":{"@context":"https:\/\/schema.org","@graph":[{"@type":"Article","@id":"https:\/\/fr.365yawm.ma\/index.php\/2026\/09\/02\/deces-du-pere-de-notre-confrere-said-kobrit\/#article","isPartOf":{"@id":"https:\/\/fr.365yawm.ma\/index.php\/2026\/09\/02\/deces-du-pere-de-notre-confrere-said-kobrit\/"},"author":{"name":"fra365yawm","@id":"https:\/\/fr.365yawm.ma\/#\/schema\/person\/3ae7f285880cb2045c5b6a6925408e72"},"headline":"D\u00c9C\u00c8S DU P\u00c8RE DE NOTRE CONFR\u00c8RE SA\u00cfD KOBRIT","datePublished":"2026-09-02T11:34:03+00:00","mainEntityOfPage":{"@id":"https:\/\/fr.365yawm.ma\/index.php\/2026\/09\/02\/deces-du-pere-de-notre-confrere-said-kobrit\/"},"wordCount":154,"commentCount":0,"publisher":{"@id":"https:\/\/fr.365yawm.ma\/#organization"},"image":{"@id":"https:\/\/fr.365yawm.ma\/index.php\/2026\/09\/02\/deces-du-pere-de-notre-confrere-said-kobrit\/#primaryimage"},"thumbnailUrl":"https:\/\/fr.365yawm.ma\/wp-content\/uploads\/2026\/09\/FB_IMG_1788348329269.jpg","inLanguage":"fr-FR","potentialAction":[{"@type":"CommentAction","name":"Comment","target":["https:\/\/fr.365yawm.ma\/index.php\/2026\/09\/02\/deces-du-pere-de-notre-confrere-said-kobrit\/#respond"]}]},{"@type":"WebPage","@id":"https:\/\/fr.365yawm.ma\/index.php\/2026\/09\/02\/deces-du-pere-de-notre-confrere-said-kobrit\/","url":"https:\/\/fr.365yawm.ma\/index.php\/2026\/09\/02\/deces-du-pere-de-notre-confrere-said-kobrit\/","name":"D\u00c9C\u00c8S DU P\u00c8RE DE NOTRE CONFR\u00c8RE SA\u00cfD KOBRIT - 365YAWM fran\u00e7ais","isPartOf":{"@id":"https:\/\/fr.365yawm.ma\/#website"},"primaryImageOfPage":{"@id":"https:\/\/fr.365yawm.ma\/index.php\/2026\/09\/02\/deces-du-pere-de-notre-confrere-said-kobrit\/#primaryimage"},"image":{"@id":"https:\/\/fr.365yawm.ma\/index.php\/2026\/09\/02\/deces-du-pere-de-notre-confrere-said-kobrit\/#primaryimage"},"thumbnailUrl":"https:\/\/fr.365yawm.ma\/wp-content\/uploads\/2026\/09\/FB_IMG_1788348329269.jpg","datePublished":"2026-09-02T11:34:03+00:00","breadcrumb":{"@id":"https:\/\/fr.365yawm.ma\/index.php\/2026\/09\/02\/deces-du-pere-de-notre-confrere-said-kobrit\/#breadcrumb"},"inLanguage":"fr-FR","potentialAction":[{"@type":"ReadAction","target":["https:\/\/fr.365yawm.ma\/index.php\/2026\/09\/02\/deces-du-pere-de-notre-confrere-said-kobrit\/"]}]},{"@type":"ImageObject","inLanguage":"fr-FR","@id":"https:\/\/fr.365yawm.ma\/index.php\/2026\/09\/02\/deces-du-pere-de-notre-confrere-said-kobrit\/#primaryimage","url":"https:\/\/fr.365yawm.ma\/wp-content\/uploads\/2026\/09\/FB_IMG_1788348329269.jpg","contentUrl":"https:\/\/fr.365yawm.ma\/wp-content\/uploads\/2026\/09\/FB_IMG_1788348329269.jpg","width":720,"height":1560},{"@type":"BreadcrumbList","@id":"https:\/\/fr.365yawm.ma\/index.php\/2026\/09\/02\/deces-du-pere-de-notre-confrere-said-kobrit\/#breadcrumb","itemListElement":[{"@type":"ListItem","position":1,"name":"Accueil","item":"https:\/\/fr.365yawm.ma\/"},{"@type":"ListItem","position":2,"name":"D\u00c9C\u00c8S DU P\u00c8RE DE NOTRE CONFR\u00c8RE SA\u00cfD KOBRIT"}]},{"@type":"WebSite","@id":"https:\/\/fr.365yawm.ma\/#website","url":"https:\/\/fr.365yawm.ma\/","name":"365YAWM fran\u00e7ais","description":"","publisher":{"@id":"https:\/\/fr.365yawm.ma\/#organization"},"potentialAction":[{"@type":"SearchAction","target":{"@type":"EntryPoint","urlTemplate":"https:\/\/fr.365yawm.ma\/?s={search_term_string}"},"query-input":{"@type":"PropertyValueSpecification","valueRequired":true,"valueName":"search_term_string"}}],"inLanguage":"fr-FR"},{"@type":"Organization","@id":"https:\/\/fr.365yawm.ma\/#organization","name":"365 yawm","url":"https:\/\/fr.365yawm.ma\/","logo":{"@type":"ImageObject","inLanguage":"fr-FR","@id":"https:\/\/fr.365yawm.ma\/#\/schema\/logo\/image\/","url":"https:\/\/fr.365yawm.ma\/wp-content\/uploads\/2020\/04\/icon.png","contentUrl":"https:\/\/fr.365yawm.ma\/wp-content\/uploads\/2020\/04\/icon.png","width":512,"height":512,"caption":"365 yawm"},"image":{"@id":"https:\/\/fr.365yawm.ma\/#\/schema\/logo\/image\/"}},{"@type":"Person","@id":"https:\/\/fr.365yawm.ma\/#\/schema\/person\/3ae7f285880cb2045c5b6a6925408e72","name":"fra365yawm","image":{"@type":"ImageObject","inLanguage":"fr-FR","@id":"https:\/\/fr.365yawm.ma\/#\/schema\/person\/image\/","url":"https:\/\/secure.gravatar.com\/avatar\/825cebdd359775298a5648431701cf17d00fd4fbec76f488ebc15fbeb220aa3a?s=96&d=mm&r=g","contentUrl":"https:\/\/secure.gravatar.com\/avatar\/825cebdd359775298a5648431701cf17d00fd4fbec76f488ebc15fbeb220aa3a?s=96&d=mm&r=g","caption":"fra365yawm"},"sameAs":["https:\/\/fr.365yawm.ma"]}]}},"jetpack_featured_media_url":"https:\/\/fr.365yawm.ma\/wp-content\/uploads\/2026\/09\/FB_IMG_1788348329269.jpg","jetpack_sharing_enabled":true,"_links":{"self":[{"href":"https:\/\/fr.365yawm.ma\/index.php\/wp-json\/wp\/v2\/posts\/6617","targetHints":{"allow":["GET"]}}],"collection":[{"href":"https:\/\/fr.365yawm.ma\/index.php\/wp-json\/wp\/v2\/posts"}],"about":[{"href":"https:\/\/fr.365yawm.ma\/index.php\/wp-json\/wp\/v2\/types\/post"}],"author":[{"embeddable":true,"href":"https:\/\/fr.365yawm.ma\/index.php\/wp-json\/wp\/v2\/users\/1"}],"replies":[{"embeddable":true,"href":"https:\/\/fr.365yawm.ma\/index.php\/wp-json\/wp\/v2\/comments?post=6617"}],"version-history":[{"count":1,"href":"https:\/\/fr.365yawm.ma\/index.php\/wp-json\/wp\/v2\/posts\/6617\/revisions"}],"predecessor-version":[{"id":6619,"href":"https:\/\/fr.365yawm.ma\/index.php\/wp-json\/wp\/v2\/posts\/6617\/revisions\/6619"}],"wp:featuredmedia":[{"embeddable":true,"href":"https:\/\/fr.365yawm.ma\/index.php\/wp-json\/wp\/v2\/media\/6618"}],"wp:attachment":[{"href":"https:\/\/fr.365yawm.ma\/index.php\/wp-json\/wp\/v2\/media?parent=6617"}],"wp:term":[{"taxonomy":"category","embeddable":true,"href":"https:\/\/fr.365yawm.ma\/index.php\/wp-json\/wp\/v2\/categories?post=6617"},{"taxonomy":"post_tag","embeddable":true,"href":"https:\/\/fr.365yawm.ma\/index.php\/wp-json\/wp\/v2\/tags?post=6617"}],"curies":[{"name":"wp","href":"https:\/\/api.w.org\/{rel}","templated":true}]}}