{"id":6386,"date":"2026-04-28T16:28:36","date_gmt":"2026-04-28T14:28:36","guid":{"rendered":"https:\/\/fr.365yawm.ma\/?p=6386"},"modified":"2026-04-28T16:41:22","modified_gmt":"2026-04-28T14:41:22","slug":"fondation-my-ahmed-loukili-une-soiree-pour-celebrer-des-femmes-pionnieres","status":"publish","type":"post","link":"https:\/\/fr.365yawm.ma\/index.php\/2026\/04\/28\/fondation-my-ahmed-loukili-une-soiree-pour-celebrer-des-femmes-pionnieres\/","title":{"rendered":"FONDATION MY AHMED LOUKILI : UNE SOIR\u00c9E POUR C\u00c9L\u00c9BRER DES FEMMES PIONNI\u00c8RES"},"content":{"rendered":"<p><strong>\u00c0 l\u2019occasion de la Journ\u00e9e internationale des droits des femmes, la Fondation Moulay Ahmed LOUKILI pour la musique andalouse organise, au palais des Arts et de Culture \u00e0 Malabata le samedi 2 mai 2026, une soir\u00e9e artistique exceptionnelle plac\u00e9e sous le signe de l\u2019hommage et de la reconnaissance. Intitul\u00e9e \u00ab Sahra Nissa\u2019 Ra\u2019ida \u00bb (Soir\u00e9e des femmes pionni\u00e8res), <\/strong><\/p>\n<p>Au-del\u00e0 de sa dimension musicale, l\u2019\u00e9v\u00e9nement se veut un moment fort de c\u00e9l\u00e9bration du parcours de femmes de la r\u00e9gion qui se sont illustr\u00e9es dans divers domaines, qu\u2019ils soient culturels, sociaux, professionnels ou associatifs.<\/p>\n<p>\u00c0 travers cet hommage, les organisateurs entendent mettre en lumi\u00e8re des trajectoires inspirantes et souligner la contribution essentielle des femmes au d\u00e9veloppement local ou national.<br \/>\nLa soir\u00e9e sera port\u00e9e par les sonorit\u00e9s raffin\u00e9es de la musique andalouse marocaine, sous la direction du ma\u00eetre Sidi Mohammed Al Aroussi, figure embl\u00e9matique de cet art ancestral.<\/p>\n<p>Cette immersion musicale offrira au public une parenth\u00e8se d\u2019\u00e9l\u00e9gance et d\u2019authenticit\u00e9, en parfaite harmonie avec l\u2019esprit de reconnaissance qui anime cette initiative.<br \/>\nFid\u00e8le \u00e0 sa vocation de pr\u00e9servation du patrimoine et de promotion des valeurs culturelles, la fondation inscrit cette rencontre dans une dynamique de valorisation des talents et de transmission.<\/p>\n<p>Soutenue par plusieurs partenaires, cette soir\u00e9e s\u2019annonce comme un rendez-vous incontournable du calendrier culturel tang\u00e9rois, o\u00f9 l\u2019art se met au service de la m\u00e9moire, de l\u2019engagement et de l\u2019excellence f\u00e9minine.<\/p>\n","protected":false},"excerpt":{"rendered":"<p>\u00c0 l\u2019occasion de la Journ\u00e9e internationale des droits des femmes, la Fondation Moulay Ahmed LOUKILI pour la musique andalouse organise, au palais des Arts et de Culture \u00e0 Malabata le samedi 2 mai 2026, une soir\u00e9e artistique exceptionnelle plac\u00e9e sous le signe de l\u2019hommage et de la reconnaissance. Intitul\u00e9e \u00ab Sahra Nissa\u2019 Ra\u2019ida \u00bb (Soir\u00e9e [&hellip;]<\/p>\n","protected":false},"author":1,"featured_media":6387,"comment_status":"open","ping_status":"open","sticky":false,"template":"","format":"standard","meta":{"_bbp_topic_count":0,"_bbp_reply_count":0,"_bbp_total_topic_count":0,"_bbp_total_reply_count":0,"_bbp_voice_count":0,"_bbp_anonymous_reply_count":0,"_bbp_topic_count_hidden":0,"_bbp_reply_count_hidden":0,"_bbp_forum_subforum_count":0,"_jetpack_memberships_contains_paid_content":false,"footnotes":""},"categories":[22],"tags":[],"class_list":["post-6386","post","type-post","status-publish","format-standard","has-post-thumbnail","hentry","category-culture"],"yoast_head":"<!-- This site is optimized with the Yoast SEO plugin v24.9 - https:\/\/yoast.com\/wordpress\/plugins\/seo\/ -->\n<title>FONDATION MY AHMED LOUKILI : UNE SOIR\u00c9E POUR C\u00c9L\u00c9BRER DES FEMMES PIONNI\u00c8RES - 365YAWM fran\u00e7ais<\/title>\n<meta name=\"robots\" content=\"index, follow, max-snippet:-1, max-image-preview:large, max-video-preview:-1\" \/>\n<link rel=\"canonical\" href=\"https:\/\/fr.365yawm.ma\/index.php\/2026\/04\/28\/fondation-my-ahmed-loukili-une-soiree-pour-celebrer-des-femmes-pionnieres\/\" \/>\n<meta property=\"og:locale\" content=\"fr_FR\" \/>\n<meta property=\"og:type\" content=\"article\" \/>\n<meta property=\"og:title\" content=\"FONDATION MY AHMED LOUKILI : UNE SOIR\u00c9E POUR C\u00c9L\u00c9BRER DES FEMMES PIONNI\u00c8RES - 365YAWM fran\u00e7ais\" \/>\n<meta property=\"og:description\" content=\"\u00c0 l\u2019occasion de la Journ\u00e9e internationale des droits des femmes, la Fondation Moulay Ahmed LOUKILI pour la musique andalouse organise, au palais des Arts et de Culture \u00e0 Malabata le samedi 2 mai 2026, une soir\u00e9e artistique exceptionnelle plac\u00e9e sous le signe de l\u2019hommage et de la reconnaissance. Intitul\u00e9e \u00ab Sahra Nissa\u2019 Ra\u2019ida \u00bb (Soir\u00e9e [&hellip;]\" \/>\n<meta property=\"og:url\" content=\"https:\/\/fr.365yawm.ma\/index.php\/2026\/04\/28\/fondation-my-ahmed-loukili-une-soiree-pour-celebrer-des-femmes-pionnieres\/\" \/>\n<meta property=\"og:site_name\" content=\"365YAWM fran\u00e7ais\" \/>\n<meta property=\"article:published_time\" content=\"2026-04-28T14:28:36+00:00\" \/>\n<meta property=\"article:modified_time\" content=\"2026-04-28T14:41:22+00:00\" \/>\n<meta property=\"og:image\" content=\"https:\/\/fr.365yawm.ma\/wp-content\/uploads\/2026\/04\/IMG-20260427-WA01401.jpg\" \/>\n\t<meta property=\"og:image:width\" content=\"1080\" \/>\n\t<meta property=\"og:image:height\" content=\"1350\" \/>\n\t<meta property=\"og:image:type\" content=\"image\/jpeg\" \/>\n<meta name=\"author\" content=\"fra365yawm\" \/>\n<meta name=\"twitter:card\" content=\"summary_large_image\" \/>\n<meta name=\"twitter:label1\" content=\"\u00c9crit par\" \/>\n\t<meta name=\"twitter:data1\" content=\"fra365yawm\" \/>\n\t<meta name=\"twitter:label2\" content=\"Dur\u00e9e de lecture estim\u00e9e\" \/>\n\t<meta name=\"twitter:data2\" content=\"2 minutes\" \/>\n<script type=\"application\/ld+json\" class=\"yoast-schema-graph\">{\"@context\":\"https:\/\/schema.org\",\"@graph\":[{\"@type\":\"Article\",\"@id\":\"https:\/\/fr.365yawm.ma\/index.php\/2026\/04\/28\/fondation-my-ahmed-loukili-une-soiree-pour-celebrer-des-femmes-pionnieres\/#article\",\"isPartOf\":{\"@id\":\"https:\/\/fr.365yawm.ma\/index.php\/2026\/04\/28\/fondation-my-ahmed-loukili-une-soiree-pour-celebrer-des-femmes-pionnieres\/\"},\"author\":{\"name\":\"fra365yawm\",\"@id\":\"https:\/\/fr.365yawm.ma\/#\/schema\/person\/3ae7f285880cb2045c5b6a6925408e72\"},\"headline\":\"FONDATION MY AHMED LOUKILI : UNE SOIR\u00c9E POUR C\u00c9L\u00c9BRER DES FEMMES PIONNI\u00c8RES\",\"datePublished\":\"2026-04-28T14:28:36+00:00\",\"dateModified\":\"2026-04-28T14:41:22+00:00\",\"mainEntityOfPage\":{\"@id\":\"https:\/\/fr.365yawm.ma\/index.php\/2026\/04\/28\/fondation-my-ahmed-loukili-une-soiree-pour-celebrer-des-femmes-pionnieres\/\"},\"wordCount\":272,\"commentCount\":0,\"publisher\":{\"@id\":\"https:\/\/fr.365yawm.ma\/#organization\"},\"image\":{\"@id\":\"https:\/\/fr.365yawm.ma\/index.php\/2026\/04\/28\/fondation-my-ahmed-loukili-une-soiree-pour-celebrer-des-femmes-pionnieres\/#primaryimage\"},\"thumbnailUrl\":\"https:\/\/fr.365yawm.ma\/wp-content\/uploads\/2026\/04\/IMG-20260427-WA01401.jpg\",\"articleSection\":[\"Culture\"],\"inLanguage\":\"fr-FR\",\"potentialAction\":[{\"@type\":\"CommentAction\",\"name\":\"Comment\",\"target\":[\"https:\/\/fr.365yawm.ma\/index.php\/2026\/04\/28\/fondation-my-ahmed-loukili-une-soiree-pour-celebrer-des-femmes-pionnieres\/#respond\"]}]},{\"@type\":\"WebPage\",\"@id\":\"https:\/\/fr.365yawm.ma\/index.php\/2026\/04\/28\/fondation-my-ahmed-loukili-une-soiree-pour-celebrer-des-femmes-pionnieres\/\",\"url\":\"https:\/\/fr.365yawm.ma\/index.php\/2026\/04\/28\/fondation-my-ahmed-loukili-une-soiree-pour-celebrer-des-femmes-pionnieres\/\",\"name\":\"FONDATION MY AHMED LOUKILI : UNE SOIR\u00c9E POUR C\u00c9L\u00c9BRER DES FEMMES PIONNI\u00c8RES - 365YAWM fran\u00e7ais\",\"isPartOf\":{\"@id\":\"https:\/\/fr.365yawm.ma\/#website\"},\"primaryImageOfPage\":{\"@id\":\"https:\/\/fr.365yawm.ma\/index.php\/2026\/04\/28\/fondation-my-ahmed-loukili-une-soiree-pour-celebrer-des-femmes-pionnieres\/#primaryimage\"},\"image\":{\"@id\":\"https:\/\/fr.365yawm.ma\/index.php\/2026\/04\/28\/fondation-my-ahmed-loukili-une-soiree-pour-celebrer-des-femmes-pionnieres\/#primaryimage\"},\"thumbnailUrl\":\"https:\/\/fr.365yawm.ma\/wp-content\/uploads\/2026\/04\/IMG-20260427-WA01401.jpg\",\"datePublished\":\"2026-04-28T14:28:36+00:00\",\"dateModified\":\"2026-04-28T14:41:22+00:00\",\"breadcrumb\":{\"@id\":\"https:\/\/fr.365yawm.ma\/index.php\/2026\/04\/28\/fondation-my-ahmed-loukili-une-soiree-pour-celebrer-des-femmes-pionnieres\/#breadcrumb\"},\"inLanguage\":\"fr-FR\",\"potentialAction\":[{\"@type\":\"ReadAction\",\"target\":[\"https:\/\/fr.365yawm.ma\/index.php\/2026\/04\/28\/fondation-my-ahmed-loukili-une-soiree-pour-celebrer-des-femmes-pionnieres\/\"]}]},{\"@type\":\"ImageObject\",\"inLanguage\":\"fr-FR\",\"@id\":\"https:\/\/fr.365yawm.ma\/index.php\/2026\/04\/28\/fondation-my-ahmed-loukili-une-soiree-pour-celebrer-des-femmes-pionnieres\/#primaryimage\",\"url\":\"https:\/\/fr.365yawm.ma\/wp-content\/uploads\/2026\/04\/IMG-20260427-WA01401.jpg\",\"contentUrl\":\"https:\/\/fr.365yawm.ma\/wp-content\/uploads\/2026\/04\/IMG-20260427-WA01401.jpg\",\"width\":1080,\"height\":1350},{\"@type\":\"BreadcrumbList\",\"@id\":\"https:\/\/fr.365yawm.ma\/index.php\/2026\/04\/28\/fondation-my-ahmed-loukili-une-soiree-pour-celebrer-des-femmes-pionnieres\/#breadcrumb\",\"itemListElement\":[{\"@type\":\"ListItem\",\"position\":1,\"name\":\"Accueil\",\"item\":\"https:\/\/fr.365yawm.ma\/\"},{\"@type\":\"ListItem\",\"position\":2,\"name\":\"FONDATION MY AHMED LOUKILI : UNE SOIR\u00c9E POUR C\u00c9L\u00c9BRER DES FEMMES PIONNI\u00c8RES\"}]},{\"@type\":\"WebSite\",\"@id\":\"https:\/\/fr.365yawm.ma\/#website\",\"url\":\"https:\/\/fr.365yawm.ma\/\",\"name\":\"365YAWM fran\u00e7ais\",\"description\":\"\",\"publisher\":{\"@id\":\"https:\/\/fr.365yawm.ma\/#organization\"},\"potentialAction\":[{\"@type\":\"SearchAction\",\"target\":{\"@type\":\"EntryPoint\",\"urlTemplate\":\"https:\/\/fr.365yawm.ma\/?s={search_term_string}\"},\"query-input\":{\"@type\":\"PropertyValueSpecification\",\"valueRequired\":true,\"valueName\":\"search_term_string\"}}],\"inLanguage\":\"fr-FR\"},{\"@type\":\"Organization\",\"@id\":\"https:\/\/fr.365yawm.ma\/#organization\",\"name\":\"365 yawm\",\"url\":\"https:\/\/fr.365yawm.ma\/\",\"logo\":{\"@type\":\"ImageObject\",\"inLanguage\":\"fr-FR\",\"@id\":\"https:\/\/fr.365yawm.ma\/#\/schema\/logo\/image\/\",\"url\":\"https:\/\/fr.365yawm.ma\/wp-content\/uploads\/2020\/04\/icon.png\",\"contentUrl\":\"https:\/\/fr.365yawm.ma\/wp-content\/uploads\/2020\/04\/icon.png\",\"width\":512,\"height\":512,\"caption\":\"365 yawm\"},\"image\":{\"@id\":\"https:\/\/fr.365yawm.ma\/#\/schema\/logo\/image\/\"}},{\"@type\":\"Person\",\"@id\":\"https:\/\/fr.365yawm.ma\/#\/schema\/person\/3ae7f285880cb2045c5b6a6925408e72\",\"name\":\"fra365yawm\",\"image\":{\"@type\":\"ImageObject\",\"inLanguage\":\"fr-FR\",\"@id\":\"https:\/\/fr.365yawm.ma\/#\/schema\/person\/image\/\",\"url\":\"https:\/\/secure.gravatar.com\/avatar\/825cebdd359775298a5648431701cf17d00fd4fbec76f488ebc15fbeb220aa3a?s=96&d=mm&r=g\",\"contentUrl\":\"https:\/\/secure.gravatar.com\/avatar\/825cebdd359775298a5648431701cf17d00fd4fbec76f488ebc15fbeb220aa3a?s=96&d=mm&r=g\",\"caption\":\"fra365yawm\"},\"sameAs\":[\"https:\/\/fr.365yawm.ma\"]}]}<\/script>\n<!-- \/ Yoast SEO plugin. -->","yoast_head_json":{"title":"FONDATION MY AHMED LOUKILI : UNE SOIR\u00c9E POUR C\u00c9L\u00c9BRER DES FEMMES PIONNI\u00c8RES - 365YAWM fran\u00e7ais","robots":{"index":"index","follow":"follow","max-snippet":"max-snippet:-1","max-image-preview":"max-image-preview:large","max-video-preview":"max-video-preview:-1"},"canonical":"https:\/\/fr.365yawm.ma\/index.php\/2026\/04\/28\/fondation-my-ahmed-loukili-une-soiree-pour-celebrer-des-femmes-pionnieres\/","og_locale":"fr_FR","og_type":"article","og_title":"FONDATION MY AHMED LOUKILI : UNE SOIR\u00c9E POUR C\u00c9L\u00c9BRER DES FEMMES PIONNI\u00c8RES - 365YAWM fran\u00e7ais","og_description":"\u00c0 l\u2019occasion de la Journ\u00e9e internationale des droits des femmes, la Fondation Moulay Ahmed LOUKILI pour la musique andalouse organise, au palais des Arts et de Culture \u00e0 Malabata le samedi 2 mai 2026, une soir\u00e9e artistique exceptionnelle plac\u00e9e sous le signe de l\u2019hommage et de la reconnaissance. Intitul\u00e9e \u00ab Sahra Nissa\u2019 Ra\u2019ida \u00bb (Soir\u00e9e [&hellip;]","og_url":"https:\/\/fr.365yawm.ma\/index.php\/2026\/04\/28\/fondation-my-ahmed-loukili-une-soiree-pour-celebrer-des-femmes-pionnieres\/","og_site_name":"365YAWM fran\u00e7ais","article_published_time":"2026-04-28T14:28:36+00:00","article_modified_time":"2026-04-28T14:41:22+00:00","og_image":[{"width":1080,"height":1350,"url":"https:\/\/fr.365yawm.ma\/wp-content\/uploads\/2026\/04\/IMG-20260427-WA01401.jpg","type":"image\/jpeg"}],"author":"fra365yawm","twitter_card":"summary_large_image","twitter_misc":{"\u00c9crit par":"fra365yawm","Dur\u00e9e de lecture estim\u00e9e":"2 minutes"},"schema":{"@context":"https:\/\/schema.org","@graph":[{"@type":"Article","@id":"https:\/\/fr.365yawm.ma\/index.php\/2026\/04\/28\/fondation-my-ahmed-loukili-une-soiree-pour-celebrer-des-femmes-pionnieres\/#article","isPartOf":{"@id":"https:\/\/fr.365yawm.ma\/index.php\/2026\/04\/28\/fondation-my-ahmed-loukili-une-soiree-pour-celebrer-des-femmes-pionnieres\/"},"author":{"name":"fra365yawm","@id":"https:\/\/fr.365yawm.ma\/#\/schema\/person\/3ae7f285880cb2045c5b6a6925408e72"},"headline":"FONDATION MY AHMED LOUKILI : UNE SOIR\u00c9E POUR C\u00c9L\u00c9BRER DES FEMMES PIONNI\u00c8RES","datePublished":"2026-04-28T14:28:36+00:00","dateModified":"2026-04-28T14:41:22+00:00","mainEntityOfPage":{"@id":"https:\/\/fr.365yawm.ma\/index.php\/2026\/04\/28\/fondation-my-ahmed-loukili-une-soiree-pour-celebrer-des-femmes-pionnieres\/"},"wordCount":272,"commentCount":0,"publisher":{"@id":"https:\/\/fr.365yawm.ma\/#organization"},"image":{"@id":"https:\/\/fr.365yawm.ma\/index.php\/2026\/04\/28\/fondation-my-ahmed-loukili-une-soiree-pour-celebrer-des-femmes-pionnieres\/#primaryimage"},"thumbnailUrl":"https:\/\/fr.365yawm.ma\/wp-content\/uploads\/2026\/04\/IMG-20260427-WA01401.jpg","articleSection":["Culture"],"inLanguage":"fr-FR","potentialAction":[{"@type":"CommentAction","name":"Comment","target":["https:\/\/fr.365yawm.ma\/index.php\/2026\/04\/28\/fondation-my-ahmed-loukili-une-soiree-pour-celebrer-des-femmes-pionnieres\/#respond"]}]},{"@type":"WebPage","@id":"https:\/\/fr.365yawm.ma\/index.php\/2026\/04\/28\/fondation-my-ahmed-loukili-une-soiree-pour-celebrer-des-femmes-pionnieres\/","url":"https:\/\/fr.365yawm.ma\/index.php\/2026\/04\/28\/fondation-my-ahmed-loukili-une-soiree-pour-celebrer-des-femmes-pionnieres\/","name":"FONDATION MY AHMED LOUKILI : UNE SOIR\u00c9E POUR C\u00c9L\u00c9BRER DES FEMMES PIONNI\u00c8RES - 365YAWM fran\u00e7ais","isPartOf":{"@id":"https:\/\/fr.365yawm.ma\/#website"},"primaryImageOfPage":{"@id":"https:\/\/fr.365yawm.ma\/index.php\/2026\/04\/28\/fondation-my-ahmed-loukili-une-soiree-pour-celebrer-des-femmes-pionnieres\/#primaryimage"},"image":{"@id":"https:\/\/fr.365yawm.ma\/index.php\/2026\/04\/28\/fondation-my-ahmed-loukili-une-soiree-pour-celebrer-des-femmes-pionnieres\/#primaryimage"},"thumbnailUrl":"https:\/\/fr.365yawm.ma\/wp-content\/uploads\/2026\/04\/IMG-20260427-WA01401.jpg","datePublished":"2026-04-28T14:28:36+00:00","dateModified":"2026-04-28T14:41:22+00:00","breadcrumb":{"@id":"https:\/\/fr.365yawm.ma\/index.php\/2026\/04\/28\/fondation-my-ahmed-loukili-une-soiree-pour-celebrer-des-femmes-pionnieres\/#breadcrumb"},"inLanguage":"fr-FR","potentialAction":[{"@type":"ReadAction","target":["https:\/\/fr.365yawm.ma\/index.php\/2026\/04\/28\/fondation-my-ahmed-loukili-une-soiree-pour-celebrer-des-femmes-pionnieres\/"]}]},{"@type":"ImageObject","inLanguage":"fr-FR","@id":"https:\/\/fr.365yawm.ma\/index.php\/2026\/04\/28\/fondation-my-ahmed-loukili-une-soiree-pour-celebrer-des-femmes-pionnieres\/#primaryimage","url":"https:\/\/fr.365yawm.ma\/wp-content\/uploads\/2026\/04\/IMG-20260427-WA01401.jpg","contentUrl":"https:\/\/fr.365yawm.ma\/wp-content\/uploads\/2026\/04\/IMG-20260427-WA01401.jpg","width":1080,"height":1350},{"@type":"BreadcrumbList","@id":"https:\/\/fr.365yawm.ma\/index.php\/2026\/04\/28\/fondation-my-ahmed-loukili-une-soiree-pour-celebrer-des-femmes-pionnieres\/#breadcrumb","itemListElement":[{"@type":"ListItem","position":1,"name":"Accueil","item":"https:\/\/fr.365yawm.ma\/"},{"@type":"ListItem","position":2,"name":"FONDATION MY AHMED LOUKILI : UNE SOIR\u00c9E POUR C\u00c9L\u00c9BRER DES FEMMES PIONNI\u00c8RES"}]},{"@type":"WebSite","@id":"https:\/\/fr.365yawm.ma\/#website","url":"https:\/\/fr.365yawm.ma\/","name":"365YAWM fran\u00e7ais","description":"","publisher":{"@id":"https:\/\/fr.365yawm.ma\/#organization"},"potentialAction":[{"@type":"SearchAction","target":{"@type":"EntryPoint","urlTemplate":"https:\/\/fr.365yawm.ma\/?s={search_term_string}"},"query-input":{"@type":"PropertyValueSpecification","valueRequired":true,"valueName":"search_term_string"}}],"inLanguage":"fr-FR"},{"@type":"Organization","@id":"https:\/\/fr.365yawm.ma\/#organization","name":"365 yawm","url":"https:\/\/fr.365yawm.ma\/","logo":{"@type":"ImageObject","inLanguage":"fr-FR","@id":"https:\/\/fr.365yawm.ma\/#\/schema\/logo\/image\/","url":"https:\/\/fr.365yawm.ma\/wp-content\/uploads\/2020\/04\/icon.png","contentUrl":"https:\/\/fr.365yawm.ma\/wp-content\/uploads\/2020\/04\/icon.png","width":512,"height":512,"caption":"365 yawm"},"image":{"@id":"https:\/\/fr.365yawm.ma\/#\/schema\/logo\/image\/"}},{"@type":"Person","@id":"https:\/\/fr.365yawm.ma\/#\/schema\/person\/3ae7f285880cb2045c5b6a6925408e72","name":"fra365yawm","image":{"@type":"ImageObject","inLanguage":"fr-FR","@id":"https:\/\/fr.365yawm.ma\/#\/schema\/person\/image\/","url":"https:\/\/secure.gravatar.com\/avatar\/825cebdd359775298a5648431701cf17d00fd4fbec76f488ebc15fbeb220aa3a?s=96&d=mm&r=g","contentUrl":"https:\/\/secure.gravatar.com\/avatar\/825cebdd359775298a5648431701cf17d00fd4fbec76f488ebc15fbeb220aa3a?s=96&d=mm&r=g","caption":"fra365yawm"},"sameAs":["https:\/\/fr.365yawm.ma"]}]}},"jetpack_featured_media_url":"https:\/\/fr.365yawm.ma\/wp-content\/uploads\/2026\/04\/IMG-20260427-WA01401.jpg","jetpack_sharing_enabled":true,"_links":{"self":[{"href":"https:\/\/fr.365yawm.ma\/index.php\/wp-json\/wp\/v2\/posts\/6386","targetHints":{"allow":["GET"]}}],"collection":[{"href":"https:\/\/fr.365yawm.ma\/index.php\/wp-json\/wp\/v2\/posts"}],"about":[{"href":"https:\/\/fr.365yawm.ma\/index.php\/wp-json\/wp\/v2\/types\/post"}],"author":[{"embeddable":true,"href":"https:\/\/fr.365yawm.ma\/index.php\/wp-json\/wp\/v2\/users\/1"}],"replies":[{"embeddable":true,"href":"https:\/\/fr.365yawm.ma\/index.php\/wp-json\/wp\/v2\/comments?post=6386"}],"version-history":[{"count":3,"href":"https:\/\/fr.365yawm.ma\/index.php\/wp-json\/wp\/v2\/posts\/6386\/revisions"}],"predecessor-version":[{"id":6390,"href":"https:\/\/fr.365yawm.ma\/index.php\/wp-json\/wp\/v2\/posts\/6386\/revisions\/6390"}],"wp:featuredmedia":[{"embeddable":true,"href":"https:\/\/fr.365yawm.ma\/index.php\/wp-json\/wp\/v2\/media\/6387"}],"wp:attachment":[{"href":"https:\/\/fr.365yawm.ma\/index.php\/wp-json\/wp\/v2\/media?parent=6386"}],"wp:term":[{"taxonomy":"category","embeddable":true,"href":"https:\/\/fr.365yawm.ma\/index.php\/wp-json\/wp\/v2\/categories?post=6386"},{"taxonomy":"post_tag","embeddable":true,"href":"https:\/\/fr.365yawm.ma\/index.php\/wp-json\/wp\/v2\/tags?post=6386"}],"curies":[{"name":"wp","href":"https:\/\/api.w.org\/{rel}","templated":true}]}}