{"id":6379,"date":"2026-04-27T14:15:18","date_gmt":"2026-04-27T12:15:18","guid":{"rendered":"https:\/\/fr.365yawm.ma\/?p=6379"},"modified":"2026-04-27T14:15:18","modified_gmt":"2026-04-27T12:15:18","slug":"exposition-quand-des-medecins-revelent-leur-fibre-artistique","status":"publish","type":"post","link":"https:\/\/fr.365yawm.ma\/index.php\/2026\/04\/27\/exposition-quand-des-medecins-revelent-leur-fibre-artistique\/","title":{"rendered":"EXPOSITION : QUAND DES M\u00c9DECINS R\u00c9V\u00c8LENT LEUR FIBRE ARTISTIQUE"},"content":{"rendered":"<p><strong>La ville de Mekn\u00e8s accueillera, du 2 au 17 mai prochain, un \u00e9v\u00e9nement artistique pas comme les autres. Une exposition collective r\u00e9unira en effet plusieurs m\u00e9decins passionn\u00e9s d\u2019art, r\u00e9v\u00e9lant au grand public une facette m\u00e9connue de leur personnalit\u00e9 : celle de cr\u00e9ateurs inspir\u00e9s<\/strong>.<\/p>\n<p><a href=\"https:\/\/fr.365yawm.ma\/wp-content\/uploads\/2026\/04\/IMG-20260426-WA0078.jpg\"><img loading=\"lazy\" decoding=\"async\" class=\"alignnone size-full wp-image-6381\" src=\"https:\/\/fr.365yawm.ma\/wp-content\/uploads\/2026\/04\/IMG-20260426-WA0078.jpg\" alt=\"\" width=\"902\" height=\"1280\" srcset=\"https:\/\/fr.365yawm.ma\/wp-content\/uploads\/2026\/04\/IMG-20260426-WA0078.jpg 902w, https:\/\/fr.365yawm.ma\/wp-content\/uploads\/2026\/04\/IMG-20260426-WA0078-211x300.jpg 211w, https:\/\/fr.365yawm.ma\/wp-content\/uploads\/2026\/04\/IMG-20260426-WA0078-722x1024.jpg 722w, https:\/\/fr.365yawm.ma\/wp-content\/uploads\/2026\/04\/IMG-20260426-WA0078-768x1090.jpg 768w\" sizes=\"auto, (max-width: 902px) 100vw, 902px\" \/><\/a><\/p>\n<p>Derri\u00e8re les blouses blanches, ces praticiens cultivent une sensibilit\u00e9 artistique affirm\u00e9e, qu\u2019ils expriment \u00e0 travers la peinture et les arts plastiques. Cette initiative originale met en lumi\u00e8re une double vocation o\u00f9 rigueur scientifique et expression cr\u00e9ative se rejoignent avec harmonie.<\/p>\n<p>Parmi les artistes exposants figurent, outre Dr Bouhlal Riad, m\u00e9decin dentiste r\u00e9put\u00e9 \u00e0 T\u00e9touan, Mohammed Aboudalal, Nadia Ausalah Taoufik, Firdaouss Benhayoune, Naima Boujlili, Hanane Boutkhemt, Faima Ezzahra Chibl, Mohammed Hlou, Nawal Laraichi, Fouzia Mhamdi et Fadila Morsad. Autant de profils issus du corps m\u00e9dical qui, loin des salles de consultation, investissent l\u2019espace artistique avec talent et authenticit\u00e9.<\/p>\n<p>\u00c0 travers cette exposition, les organisateurs entendent valoriser l\u2019art comme un prolongement naturel de l\u2019humanisme m\u00e9dical. Observer, ressentir, interpr\u00e9ter : autant de qualit\u00e9s communes au m\u00e9decin et \u00e0 l\u2019artiste. L\u2019\u00e9v\u00e9nement offre ainsi une occasion unique de d\u00e9couvrir des \u0153uvres empreintes d\u2019\u00e9motion, de r\u00e9flexion et de v\u00e9cu.<\/p>\n<p>Ouverte au grand public, cette manifestation culturelle se veut \u00e9galement un espace d\u2019\u00e9change et de dialogue, o\u00f9 amateurs d\u2019art, patients et citoyens pourront rencontrer ces m\u00e9decins-artistes dans un cadre convivial.<\/p>\n","protected":false},"excerpt":{"rendered":"<p>La ville de Mekn\u00e8s accueillera, du 2 au 17 mai prochain, un \u00e9v\u00e9nement artistique pas comme les autres. Une exposition collective r\u00e9unira en effet plusieurs m\u00e9decins passionn\u00e9s d\u2019art, r\u00e9v\u00e9lant au grand public une facette m\u00e9connue de leur personnalit\u00e9 : celle de cr\u00e9ateurs inspir\u00e9s. Derri\u00e8re les blouses blanches, ces praticiens cultivent une sensibilit\u00e9 artistique affirm\u00e9e, qu\u2019ils [&hellip;]<\/p>\n","protected":false},"author":1,"featured_media":6380,"comment_status":"open","ping_status":"open","sticky":false,"template":"","format":"standard","meta":{"_bbp_topic_count":0,"_bbp_reply_count":0,"_bbp_total_topic_count":0,"_bbp_total_reply_count":0,"_bbp_voice_count":0,"_bbp_anonymous_reply_count":0,"_bbp_topic_count_hidden":0,"_bbp_reply_count_hidden":0,"_bbp_forum_subforum_count":0,"_jetpack_memberships_contains_paid_content":false,"footnotes":""},"categories":[22],"tags":[],"class_list":["post-6379","post","type-post","status-publish","format-standard","has-post-thumbnail","hentry","category-culture"],"yoast_head":"<!-- This site is optimized with the Yoast SEO plugin v24.9 - https:\/\/yoast.com\/wordpress\/plugins\/seo\/ -->\n<title>EXPOSITION : QUAND DES M\u00c9DECINS R\u00c9V\u00c8LENT LEUR FIBRE ARTISTIQUE - 365YAWM fran\u00e7ais<\/title>\n<meta name=\"robots\" content=\"index, follow, max-snippet:-1, max-image-preview:large, max-video-preview:-1\" \/>\n<link rel=\"canonical\" href=\"https:\/\/fr.365yawm.ma\/index.php\/2026\/04\/27\/exposition-quand-des-medecins-revelent-leur-fibre-artistique\/\" \/>\n<meta property=\"og:locale\" content=\"fr_FR\" \/>\n<meta property=\"og:type\" content=\"article\" \/>\n<meta property=\"og:title\" content=\"EXPOSITION : QUAND DES M\u00c9DECINS R\u00c9V\u00c8LENT LEUR FIBRE ARTISTIQUE - 365YAWM fran\u00e7ais\" \/>\n<meta property=\"og:description\" content=\"La ville de Mekn\u00e8s accueillera, du 2 au 17 mai prochain, un \u00e9v\u00e9nement artistique pas comme les autres. Une exposition collective r\u00e9unira en effet plusieurs m\u00e9decins passionn\u00e9s d\u2019art, r\u00e9v\u00e9lant au grand public une facette m\u00e9connue de leur personnalit\u00e9 : celle de cr\u00e9ateurs inspir\u00e9s. Derri\u00e8re les blouses blanches, ces praticiens cultivent une sensibilit\u00e9 artistique affirm\u00e9e, qu\u2019ils [&hellip;]\" \/>\n<meta property=\"og:url\" content=\"https:\/\/fr.365yawm.ma\/index.php\/2026\/04\/27\/exposition-quand-des-medecins-revelent-leur-fibre-artistique\/\" \/>\n<meta property=\"og:site_name\" content=\"365YAWM fran\u00e7ais\" \/>\n<meta property=\"article:published_time\" content=\"2026-04-27T12:15:18+00:00\" \/>\n<meta property=\"og:image\" content=\"https:\/\/fr.365yawm.ma\/wp-content\/uploads\/2026\/04\/IMG-20260426-WA0077.jpg\" \/>\n\t<meta property=\"og:image:width\" content=\"1054\" \/>\n\t<meta property=\"og:image:height\" content=\"1492\" \/>\n\t<meta property=\"og:image:type\" content=\"image\/jpeg\" \/>\n<meta name=\"author\" content=\"fra365yawm\" \/>\n<meta name=\"twitter:card\" content=\"summary_large_image\" \/>\n<meta name=\"twitter:label1\" content=\"\u00c9crit par\" \/>\n\t<meta name=\"twitter:data1\" content=\"fra365yawm\" \/>\n\t<meta name=\"twitter:label2\" content=\"Dur\u00e9e de lecture estim\u00e9e\" \/>\n\t<meta name=\"twitter:data2\" content=\"2 minutes\" \/>\n<script type=\"application\/ld+json\" class=\"yoast-schema-graph\">{\"@context\":\"https:\/\/schema.org\",\"@graph\":[{\"@type\":\"Article\",\"@id\":\"https:\/\/fr.365yawm.ma\/index.php\/2026\/04\/27\/exposition-quand-des-medecins-revelent-leur-fibre-artistique\/#article\",\"isPartOf\":{\"@id\":\"https:\/\/fr.365yawm.ma\/index.php\/2026\/04\/27\/exposition-quand-des-medecins-revelent-leur-fibre-artistique\/\"},\"author\":{\"name\":\"fra365yawm\",\"@id\":\"https:\/\/fr.365yawm.ma\/#\/schema\/person\/3ae7f285880cb2045c5b6a6925408e72\"},\"headline\":\"EXPOSITION : QUAND DES M\u00c9DECINS R\u00c9V\u00c8LENT LEUR FIBRE ARTISTIQUE\",\"datePublished\":\"2026-04-27T12:15:18+00:00\",\"mainEntityOfPage\":{\"@id\":\"https:\/\/fr.365yawm.ma\/index.php\/2026\/04\/27\/exposition-quand-des-medecins-revelent-leur-fibre-artistique\/\"},\"wordCount\":256,\"commentCount\":0,\"publisher\":{\"@id\":\"https:\/\/fr.365yawm.ma\/#organization\"},\"image\":{\"@id\":\"https:\/\/fr.365yawm.ma\/index.php\/2026\/04\/27\/exposition-quand-des-medecins-revelent-leur-fibre-artistique\/#primaryimage\"},\"thumbnailUrl\":\"https:\/\/fr.365yawm.ma\/wp-content\/uploads\/2026\/04\/IMG-20260426-WA0077.jpg\",\"articleSection\":[\"Culture\"],\"inLanguage\":\"fr-FR\",\"potentialAction\":[{\"@type\":\"CommentAction\",\"name\":\"Comment\",\"target\":[\"https:\/\/fr.365yawm.ma\/index.php\/2026\/04\/27\/exposition-quand-des-medecins-revelent-leur-fibre-artistique\/#respond\"]}]},{\"@type\":\"WebPage\",\"@id\":\"https:\/\/fr.365yawm.ma\/index.php\/2026\/04\/27\/exposition-quand-des-medecins-revelent-leur-fibre-artistique\/\",\"url\":\"https:\/\/fr.365yawm.ma\/index.php\/2026\/04\/27\/exposition-quand-des-medecins-revelent-leur-fibre-artistique\/\",\"name\":\"EXPOSITION : QUAND DES M\u00c9DECINS R\u00c9V\u00c8LENT LEUR FIBRE ARTISTIQUE - 365YAWM fran\u00e7ais\",\"isPartOf\":{\"@id\":\"https:\/\/fr.365yawm.ma\/#website\"},\"primaryImageOfPage\":{\"@id\":\"https:\/\/fr.365yawm.ma\/index.php\/2026\/04\/27\/exposition-quand-des-medecins-revelent-leur-fibre-artistique\/#primaryimage\"},\"image\":{\"@id\":\"https:\/\/fr.365yawm.ma\/index.php\/2026\/04\/27\/exposition-quand-des-medecins-revelent-leur-fibre-artistique\/#primaryimage\"},\"thumbnailUrl\":\"https:\/\/fr.365yawm.ma\/wp-content\/uploads\/2026\/04\/IMG-20260426-WA0077.jpg\",\"datePublished\":\"2026-04-27T12:15:18+00:00\",\"breadcrumb\":{\"@id\":\"https:\/\/fr.365yawm.ma\/index.php\/2026\/04\/27\/exposition-quand-des-medecins-revelent-leur-fibre-artistique\/#breadcrumb\"},\"inLanguage\":\"fr-FR\",\"potentialAction\":[{\"@type\":\"ReadAction\",\"target\":[\"https:\/\/fr.365yawm.ma\/index.php\/2026\/04\/27\/exposition-quand-des-medecins-revelent-leur-fibre-artistique\/\"]}]},{\"@type\":\"ImageObject\",\"inLanguage\":\"fr-FR\",\"@id\":\"https:\/\/fr.365yawm.ma\/index.php\/2026\/04\/27\/exposition-quand-des-medecins-revelent-leur-fibre-artistique\/#primaryimage\",\"url\":\"https:\/\/fr.365yawm.ma\/wp-content\/uploads\/2026\/04\/IMG-20260426-WA0077.jpg\",\"contentUrl\":\"https:\/\/fr.365yawm.ma\/wp-content\/uploads\/2026\/04\/IMG-20260426-WA0077.jpg\",\"width\":1054,\"height\":1492},{\"@type\":\"BreadcrumbList\",\"@id\":\"https:\/\/fr.365yawm.ma\/index.php\/2026\/04\/27\/exposition-quand-des-medecins-revelent-leur-fibre-artistique\/#breadcrumb\",\"itemListElement\":[{\"@type\":\"ListItem\",\"position\":1,\"name\":\"Accueil\",\"item\":\"https:\/\/fr.365yawm.ma\/\"},{\"@type\":\"ListItem\",\"position\":2,\"name\":\"EXPOSITION : QUAND DES M\u00c9DECINS R\u00c9V\u00c8LENT LEUR FIBRE ARTISTIQUE\"}]},{\"@type\":\"WebSite\",\"@id\":\"https:\/\/fr.365yawm.ma\/#website\",\"url\":\"https:\/\/fr.365yawm.ma\/\",\"name\":\"365YAWM fran\u00e7ais\",\"description\":\"\",\"publisher\":{\"@id\":\"https:\/\/fr.365yawm.ma\/#organization\"},\"potentialAction\":[{\"@type\":\"SearchAction\",\"target\":{\"@type\":\"EntryPoint\",\"urlTemplate\":\"https:\/\/fr.365yawm.ma\/?s={search_term_string}\"},\"query-input\":{\"@type\":\"PropertyValueSpecification\",\"valueRequired\":true,\"valueName\":\"search_term_string\"}}],\"inLanguage\":\"fr-FR\"},{\"@type\":\"Organization\",\"@id\":\"https:\/\/fr.365yawm.ma\/#organization\",\"name\":\"365 yawm\",\"url\":\"https:\/\/fr.365yawm.ma\/\",\"logo\":{\"@type\":\"ImageObject\",\"inLanguage\":\"fr-FR\",\"@id\":\"https:\/\/fr.365yawm.ma\/#\/schema\/logo\/image\/\",\"url\":\"https:\/\/fr.365yawm.ma\/wp-content\/uploads\/2020\/04\/icon.png\",\"contentUrl\":\"https:\/\/fr.365yawm.ma\/wp-content\/uploads\/2020\/04\/icon.png\",\"width\":512,\"height\":512,\"caption\":\"365 yawm\"},\"image\":{\"@id\":\"https:\/\/fr.365yawm.ma\/#\/schema\/logo\/image\/\"}},{\"@type\":\"Person\",\"@id\":\"https:\/\/fr.365yawm.ma\/#\/schema\/person\/3ae7f285880cb2045c5b6a6925408e72\",\"name\":\"fra365yawm\",\"image\":{\"@type\":\"ImageObject\",\"inLanguage\":\"fr-FR\",\"@id\":\"https:\/\/fr.365yawm.ma\/#\/schema\/person\/image\/\",\"url\":\"https:\/\/secure.gravatar.com\/avatar\/825cebdd359775298a5648431701cf17d00fd4fbec76f488ebc15fbeb220aa3a?s=96&d=mm&r=g\",\"contentUrl\":\"https:\/\/secure.gravatar.com\/avatar\/825cebdd359775298a5648431701cf17d00fd4fbec76f488ebc15fbeb220aa3a?s=96&d=mm&r=g\",\"caption\":\"fra365yawm\"},\"sameAs\":[\"https:\/\/fr.365yawm.ma\"]}]}<\/script>\n<!-- \/ Yoast SEO plugin. -->","yoast_head_json":{"title":"EXPOSITION : QUAND DES M\u00c9DECINS R\u00c9V\u00c8LENT LEUR FIBRE ARTISTIQUE - 365YAWM fran\u00e7ais","robots":{"index":"index","follow":"follow","max-snippet":"max-snippet:-1","max-image-preview":"max-image-preview:large","max-video-preview":"max-video-preview:-1"},"canonical":"https:\/\/fr.365yawm.ma\/index.php\/2026\/04\/27\/exposition-quand-des-medecins-revelent-leur-fibre-artistique\/","og_locale":"fr_FR","og_type":"article","og_title":"EXPOSITION : QUAND DES M\u00c9DECINS R\u00c9V\u00c8LENT LEUR FIBRE ARTISTIQUE - 365YAWM fran\u00e7ais","og_description":"La ville de Mekn\u00e8s accueillera, du 2 au 17 mai prochain, un \u00e9v\u00e9nement artistique pas comme les autres. Une exposition collective r\u00e9unira en effet plusieurs m\u00e9decins passionn\u00e9s d\u2019art, r\u00e9v\u00e9lant au grand public une facette m\u00e9connue de leur personnalit\u00e9 : celle de cr\u00e9ateurs inspir\u00e9s. Derri\u00e8re les blouses blanches, ces praticiens cultivent une sensibilit\u00e9 artistique affirm\u00e9e, qu\u2019ils [&hellip;]","og_url":"https:\/\/fr.365yawm.ma\/index.php\/2026\/04\/27\/exposition-quand-des-medecins-revelent-leur-fibre-artistique\/","og_site_name":"365YAWM fran\u00e7ais","article_published_time":"2026-04-27T12:15:18+00:00","og_image":[{"width":1054,"height":1492,"url":"https:\/\/fr.365yawm.ma\/wp-content\/uploads\/2026\/04\/IMG-20260426-WA0077.jpg","type":"image\/jpeg"}],"author":"fra365yawm","twitter_card":"summary_large_image","twitter_misc":{"\u00c9crit par":"fra365yawm","Dur\u00e9e de lecture estim\u00e9e":"2 minutes"},"schema":{"@context":"https:\/\/schema.org","@graph":[{"@type":"Article","@id":"https:\/\/fr.365yawm.ma\/index.php\/2026\/04\/27\/exposition-quand-des-medecins-revelent-leur-fibre-artistique\/#article","isPartOf":{"@id":"https:\/\/fr.365yawm.ma\/index.php\/2026\/04\/27\/exposition-quand-des-medecins-revelent-leur-fibre-artistique\/"},"author":{"name":"fra365yawm","@id":"https:\/\/fr.365yawm.ma\/#\/schema\/person\/3ae7f285880cb2045c5b6a6925408e72"},"headline":"EXPOSITION : QUAND DES M\u00c9DECINS R\u00c9V\u00c8LENT LEUR FIBRE ARTISTIQUE","datePublished":"2026-04-27T12:15:18+00:00","mainEntityOfPage":{"@id":"https:\/\/fr.365yawm.ma\/index.php\/2026\/04\/27\/exposition-quand-des-medecins-revelent-leur-fibre-artistique\/"},"wordCount":256,"commentCount":0,"publisher":{"@id":"https:\/\/fr.365yawm.ma\/#organization"},"image":{"@id":"https:\/\/fr.365yawm.ma\/index.php\/2026\/04\/27\/exposition-quand-des-medecins-revelent-leur-fibre-artistique\/#primaryimage"},"thumbnailUrl":"https:\/\/fr.365yawm.ma\/wp-content\/uploads\/2026\/04\/IMG-20260426-WA0077.jpg","articleSection":["Culture"],"inLanguage":"fr-FR","potentialAction":[{"@type":"CommentAction","name":"Comment","target":["https:\/\/fr.365yawm.ma\/index.php\/2026\/04\/27\/exposition-quand-des-medecins-revelent-leur-fibre-artistique\/#respond"]}]},{"@type":"WebPage","@id":"https:\/\/fr.365yawm.ma\/index.php\/2026\/04\/27\/exposition-quand-des-medecins-revelent-leur-fibre-artistique\/","url":"https:\/\/fr.365yawm.ma\/index.php\/2026\/04\/27\/exposition-quand-des-medecins-revelent-leur-fibre-artistique\/","name":"EXPOSITION : QUAND DES M\u00c9DECINS R\u00c9V\u00c8LENT LEUR FIBRE ARTISTIQUE - 365YAWM fran\u00e7ais","isPartOf":{"@id":"https:\/\/fr.365yawm.ma\/#website"},"primaryImageOfPage":{"@id":"https:\/\/fr.365yawm.ma\/index.php\/2026\/04\/27\/exposition-quand-des-medecins-revelent-leur-fibre-artistique\/#primaryimage"},"image":{"@id":"https:\/\/fr.365yawm.ma\/index.php\/2026\/04\/27\/exposition-quand-des-medecins-revelent-leur-fibre-artistique\/#primaryimage"},"thumbnailUrl":"https:\/\/fr.365yawm.ma\/wp-content\/uploads\/2026\/04\/IMG-20260426-WA0077.jpg","datePublished":"2026-04-27T12:15:18+00:00","breadcrumb":{"@id":"https:\/\/fr.365yawm.ma\/index.php\/2026\/04\/27\/exposition-quand-des-medecins-revelent-leur-fibre-artistique\/#breadcrumb"},"inLanguage":"fr-FR","potentialAction":[{"@type":"ReadAction","target":["https:\/\/fr.365yawm.ma\/index.php\/2026\/04\/27\/exposition-quand-des-medecins-revelent-leur-fibre-artistique\/"]}]},{"@type":"ImageObject","inLanguage":"fr-FR","@id":"https:\/\/fr.365yawm.ma\/index.php\/2026\/04\/27\/exposition-quand-des-medecins-revelent-leur-fibre-artistique\/#primaryimage","url":"https:\/\/fr.365yawm.ma\/wp-content\/uploads\/2026\/04\/IMG-20260426-WA0077.jpg","contentUrl":"https:\/\/fr.365yawm.ma\/wp-content\/uploads\/2026\/04\/IMG-20260426-WA0077.jpg","width":1054,"height":1492},{"@type":"BreadcrumbList","@id":"https:\/\/fr.365yawm.ma\/index.php\/2026\/04\/27\/exposition-quand-des-medecins-revelent-leur-fibre-artistique\/#breadcrumb","itemListElement":[{"@type":"ListItem","position":1,"name":"Accueil","item":"https:\/\/fr.365yawm.ma\/"},{"@type":"ListItem","position":2,"name":"EXPOSITION : QUAND DES M\u00c9DECINS R\u00c9V\u00c8LENT LEUR FIBRE ARTISTIQUE"}]},{"@type":"WebSite","@id":"https:\/\/fr.365yawm.ma\/#website","url":"https:\/\/fr.365yawm.ma\/","name":"365YAWM fran\u00e7ais","description":"","publisher":{"@id":"https:\/\/fr.365yawm.ma\/#organization"},"potentialAction":[{"@type":"SearchAction","target":{"@type":"EntryPoint","urlTemplate":"https:\/\/fr.365yawm.ma\/?s={search_term_string}"},"query-input":{"@type":"PropertyValueSpecification","valueRequired":true,"valueName":"search_term_string"}}],"inLanguage":"fr-FR"},{"@type":"Organization","@id":"https:\/\/fr.365yawm.ma\/#organization","name":"365 yawm","url":"https:\/\/fr.365yawm.ma\/","logo":{"@type":"ImageObject","inLanguage":"fr-FR","@id":"https:\/\/fr.365yawm.ma\/#\/schema\/logo\/image\/","url":"https:\/\/fr.365yawm.ma\/wp-content\/uploads\/2020\/04\/icon.png","contentUrl":"https:\/\/fr.365yawm.ma\/wp-content\/uploads\/2020\/04\/icon.png","width":512,"height":512,"caption":"365 yawm"},"image":{"@id":"https:\/\/fr.365yawm.ma\/#\/schema\/logo\/image\/"}},{"@type":"Person","@id":"https:\/\/fr.365yawm.ma\/#\/schema\/person\/3ae7f285880cb2045c5b6a6925408e72","name":"fra365yawm","image":{"@type":"ImageObject","inLanguage":"fr-FR","@id":"https:\/\/fr.365yawm.ma\/#\/schema\/person\/image\/","url":"https:\/\/secure.gravatar.com\/avatar\/825cebdd359775298a5648431701cf17d00fd4fbec76f488ebc15fbeb220aa3a?s=96&d=mm&r=g","contentUrl":"https:\/\/secure.gravatar.com\/avatar\/825cebdd359775298a5648431701cf17d00fd4fbec76f488ebc15fbeb220aa3a?s=96&d=mm&r=g","caption":"fra365yawm"},"sameAs":["https:\/\/fr.365yawm.ma"]}]}},"jetpack_featured_media_url":"https:\/\/fr.365yawm.ma\/wp-content\/uploads\/2026\/04\/IMG-20260426-WA0077.jpg","jetpack_sharing_enabled":true,"_links":{"self":[{"href":"https:\/\/fr.365yawm.ma\/index.php\/wp-json\/wp\/v2\/posts\/6379","targetHints":{"allow":["GET"]}}],"collection":[{"href":"https:\/\/fr.365yawm.ma\/index.php\/wp-json\/wp\/v2\/posts"}],"about":[{"href":"https:\/\/fr.365yawm.ma\/index.php\/wp-json\/wp\/v2\/types\/post"}],"author":[{"embeddable":true,"href":"https:\/\/fr.365yawm.ma\/index.php\/wp-json\/wp\/v2\/users\/1"}],"replies":[{"embeddable":true,"href":"https:\/\/fr.365yawm.ma\/index.php\/wp-json\/wp\/v2\/comments?post=6379"}],"version-history":[{"count":1,"href":"https:\/\/fr.365yawm.ma\/index.php\/wp-json\/wp\/v2\/posts\/6379\/revisions"}],"predecessor-version":[{"id":6382,"href":"https:\/\/fr.365yawm.ma\/index.php\/wp-json\/wp\/v2\/posts\/6379\/revisions\/6382"}],"wp:featuredmedia":[{"embeddable":true,"href":"https:\/\/fr.365yawm.ma\/index.php\/wp-json\/wp\/v2\/media\/6380"}],"wp:attachment":[{"href":"https:\/\/fr.365yawm.ma\/index.php\/wp-json\/wp\/v2\/media?parent=6379"}],"wp:term":[{"taxonomy":"category","embeddable":true,"href":"https:\/\/fr.365yawm.ma\/index.php\/wp-json\/wp\/v2\/categories?post=6379"},{"taxonomy":"post_tag","embeddable":true,"href":"https:\/\/fr.365yawm.ma\/index.php\/wp-json\/wp\/v2\/tags?post=6379"}],"curies":[{"name":"wp","href":"https:\/\/api.w.org\/{rel}","templated":true}]}}