{"id":6291,"date":"2026-04-03T17:57:39","date_gmt":"2026-04-03T15:57:39","guid":{"rendered":"https:\/\/fr.365yawm.ma\/?p=6291"},"modified":"2026-04-03T17:57:39","modified_gmt":"2026-04-03T15:57:39","slug":"technologie-et-transformation-economique-le-maroc-partage-son-experience-a-la-com58-de-tanger","status":"publish","type":"post","link":"https:\/\/fr.365yawm.ma\/index.php\/2026\/04\/03\/technologie-et-transformation-economique-le-maroc-partage-son-experience-a-la-com58-de-tanger\/","title":{"rendered":"Technologie et transformation \u00e9conomique : le Maroc partage son exp\u00e9rience \u00e0 la COM58 de Tanger"},"content":{"rendered":"<p>Monsieur Mohammed Tarik Bchir, Directeur du Tr\u00e9sor et des Finances Ext\u00e9rieures par int\u00e9rim, a repr\u00e9sent\u00e9 Madame la Ministre de l\u2019\u00c9conomie et des Finances lors de la Table ronde 1, consacr\u00e9e au th\u00e8me \u00ab Exploiter la technologie au service de la croissance \u00e9conomique et de la transformation \u00bb.<\/p>\n<p>Cette rencontre s\u2019inscrit dans le cadre du segment minist\u00e9riel de la 58\u1d49 session de la Conf\u00e9rence des ministres africains des finances, de la planification et du d\u00e9veloppement \u00e9conomique (COM58) de la Commission \u00e9conomique pour l\u2019Afrique, organis\u00e9e \u00e0 Tanger du 28 mars au 3 avril 2026, sous le th\u00e8me g\u00e9n\u00e9ral \u00ab La croissance par l\u2019innovation : exploiter les donn\u00e9es et les technologies de pointe pour la transformation \u00e9conomique de l\u2019Afrique \u00bb.<\/p>\n<p>Cette Table ronde vise \u00e0 offrir aux d\u00e9cideurs un cadre strat\u00e9gique permettant d\u2019analyser et d\u2019orienter les politiques publiques en mati\u00e8re de mobilisation des technologies de pointe et des donn\u00e9es en tant que v\u00e9ritables leviers \u00e9conomiques. L\u2019objectif est d\u2019am\u00e9liorer la productivit\u00e9, de renforcer la cr\u00e9ation de valeur et d\u2019acc\u00e9l\u00e9rer les transformations structurelles, notamment dans un contexte marqu\u00e9 par des contraintes budg\u00e9taires croissantes.<\/p>\n<p>Dans son allocution d\u2019ouverture, M. Bchir a mis en avant la pertinence du th\u00e8me, soulignant le r\u00f4le central de la technologie comme vecteur de souverainet\u00e9 \u00e9conomique, de comp\u00e9titivit\u00e9 et de d\u00e9veloppement durable. Il a insist\u00e9 sur la rapidit\u00e9 des mutations technologiques, port\u00e9es notamment par l\u2019intelligence artificielle, la data et les technologies vertes, ainsi que sur leur impact tangible dans des secteurs cl\u00e9s tels que l\u2019industrie, l\u2019administration publique, l\u2019agriculture et l\u2019\u00e9nergie.<\/p>\n<p>Intervenant \u00e9galement en tant que pan\u00e9liste aux c\u00f4t\u00e9s de plusieurs responsables africains de haut niveau, M. Bchir a soulign\u00e9 l\u2019importance strat\u00e9gique de l\u2019innovation et des technologies dans l\u2019acc\u00e9l\u00e9ration du d\u00e9veloppement du continent. Il a appel\u00e9 \u00e0 capitaliser pleinement sur ces transformations pour r\u00e9pondre aux besoins croissants en financement et en d\u00e9veloppement.<\/p>\n<p>Partageant l\u2019exp\u00e9rience du Maroc, il a mis en lumi\u00e8re le r\u00f4le structurant de la digitalisation dans le renforcement des finances publiques, notamment \u00e0 travers l\u2019am\u00e9lioration de la mobilisation des ressources internes. Il a rappel\u00e9, \u00e0 cet \u00e9gard, les r\u00e9formes engag\u00e9es dans le cadre de la vision strat\u00e9gique impuls\u00e9e par Sa Majest\u00e9 le Roi Mohammed VI, lesquelles ont contribu\u00e9 \u00e0 une progression notable des recettes fiscales au cours des derni\u00e8res ann\u00e9es.<\/p>\n<p>M. Bchir a \u00e9galement \u00e9voqu\u00e9 l\u2019apport de la digitalisation dans le secteur financier, en tant que catalyseur d\u2019inclusion et de d\u00e9veloppement, en facilitant l\u2019acc\u00e8s aux services financiers pour les populations encore marginalis\u00e9es ainsi que pour la diaspora africaine.<\/p>\n<p>En conclusion, il a soulign\u00e9 que le contexte actuel constitue une opportunit\u00e9 historique pour l\u2019Afrique, estimant que la transformation digitale repr\u00e9sente un levier d\u00e9terminant pour acc\u00e9l\u00e9rer le rattrapage \u00e9conomique du continent, tout en affirmant que l\u2019exp\u00e9rience marocaine peut servir de r\u00e9f\u00e9rence et de source d\u2019inspiration pour les autres pays africains.<\/p>\n","protected":false},"excerpt":{"rendered":"<p>Monsieur Mohammed Tarik Bchir, Directeur du Tr\u00e9sor et des Finances Ext\u00e9rieures par int\u00e9rim, a repr\u00e9sent\u00e9 Madame la Ministre de l\u2019\u00c9conomie et des Finances lors de la Table ronde 1, consacr\u00e9e au th\u00e8me \u00ab Exploiter la technologie au service de la croissance \u00e9conomique et de la transformation \u00bb. Cette rencontre s\u2019inscrit dans le cadre du segment [&hellip;]<\/p>\n","protected":false},"author":1,"featured_media":6292,"comment_status":"open","ping_status":"open","sticky":false,"template":"","format":"standard","meta":{"_bbp_topic_count":0,"_bbp_reply_count":0,"_bbp_total_topic_count":0,"_bbp_total_reply_count":0,"_bbp_voice_count":0,"_bbp_anonymous_reply_count":0,"_bbp_topic_count_hidden":0,"_bbp_reply_count_hidden":0,"_bbp_forum_subforum_count":0,"_jetpack_memberships_contains_paid_content":false,"footnotes":""},"categories":[6,26],"tags":[],"class_list":["post-6291","post","type-post","status-publish","format-standard","has-post-thumbnail","hentry","category-economie","category-region"],"yoast_head":"<!-- This site is optimized with the Yoast SEO plugin v24.9 - https:\/\/yoast.com\/wordpress\/plugins\/seo\/ -->\n<title>Technologie et transformation \u00e9conomique : le Maroc partage son exp\u00e9rience \u00e0 la COM58 de Tanger - 365YAWM fran\u00e7ais<\/title>\n<meta name=\"robots\" content=\"index, follow, max-snippet:-1, max-image-preview:large, max-video-preview:-1\" \/>\n<link rel=\"canonical\" href=\"https:\/\/fr.365yawm.ma\/index.php\/2026\/04\/03\/technologie-et-transformation-economique-le-maroc-partage-son-experience-a-la-com58-de-tanger\/\" \/>\n<meta property=\"og:locale\" content=\"fr_FR\" \/>\n<meta property=\"og:type\" content=\"article\" \/>\n<meta property=\"og:title\" content=\"Technologie et transformation \u00e9conomique : le Maroc partage son exp\u00e9rience \u00e0 la COM58 de Tanger - 365YAWM fran\u00e7ais\" \/>\n<meta property=\"og:description\" content=\"Monsieur Mohammed Tarik Bchir, Directeur du Tr\u00e9sor et des Finances Ext\u00e9rieures par int\u00e9rim, a repr\u00e9sent\u00e9 Madame la Ministre de l\u2019\u00c9conomie et des Finances lors de la Table ronde 1, consacr\u00e9e au th\u00e8me \u00ab Exploiter la technologie au service de la croissance \u00e9conomique et de la transformation \u00bb. Cette rencontre s\u2019inscrit dans le cadre du segment [&hellip;]\" \/>\n<meta property=\"og:url\" content=\"https:\/\/fr.365yawm.ma\/index.php\/2026\/04\/03\/technologie-et-transformation-economique-le-maroc-partage-son-experience-a-la-com58-de-tanger\/\" \/>\n<meta property=\"og:site_name\" content=\"365YAWM fran\u00e7ais\" \/>\n<meta property=\"article:published_time\" content=\"2026-04-03T15:57:39+00:00\" \/>\n<meta property=\"og:image\" content=\"https:\/\/fr.365yawm.ma\/wp-content\/uploads\/2026\/04\/1e98cf08-874c-450a-a9da-fbf0288bc8de.jpeg\" \/>\n\t<meta property=\"og:image:width\" content=\"768\" \/>\n\t<meta property=\"og:image:height\" content=\"451\" \/>\n\t<meta property=\"og:image:type\" content=\"image\/jpeg\" \/>\n<meta name=\"author\" content=\"fra365yawm\" \/>\n<meta name=\"twitter:card\" content=\"summary_large_image\" \/>\n<meta name=\"twitter:label1\" content=\"\u00c9crit par\" \/>\n\t<meta name=\"twitter:data1\" content=\"fra365yawm\" \/>\n\t<meta name=\"twitter:label2\" content=\"Dur\u00e9e de lecture estim\u00e9e\" \/>\n\t<meta name=\"twitter:data2\" content=\"3 minutes\" \/>\n<script type=\"application\/ld+json\" class=\"yoast-schema-graph\">{\"@context\":\"https:\/\/schema.org\",\"@graph\":[{\"@type\":\"Article\",\"@id\":\"https:\/\/fr.365yawm.ma\/index.php\/2026\/04\/03\/technologie-et-transformation-economique-le-maroc-partage-son-experience-a-la-com58-de-tanger\/#article\",\"isPartOf\":{\"@id\":\"https:\/\/fr.365yawm.ma\/index.php\/2026\/04\/03\/technologie-et-transformation-economique-le-maroc-partage-son-experience-a-la-com58-de-tanger\/\"},\"author\":{\"name\":\"fra365yawm\",\"@id\":\"https:\/\/fr.365yawm.ma\/#\/schema\/person\/3ae7f285880cb2045c5b6a6925408e72\"},\"headline\":\"Technologie et transformation \u00e9conomique : le Maroc partage son exp\u00e9rience \u00e0 la COM58 de Tanger\",\"datePublished\":\"2026-04-03T15:57:39+00:00\",\"mainEntityOfPage\":{\"@id\":\"https:\/\/fr.365yawm.ma\/index.php\/2026\/04\/03\/technologie-et-transformation-economique-le-maroc-partage-son-experience-a-la-com58-de-tanger\/\"},\"wordCount\":541,\"commentCount\":0,\"publisher\":{\"@id\":\"https:\/\/fr.365yawm.ma\/#organization\"},\"image\":{\"@id\":\"https:\/\/fr.365yawm.ma\/index.php\/2026\/04\/03\/technologie-et-transformation-economique-le-maroc-partage-son-experience-a-la-com58-de-tanger\/#primaryimage\"},\"thumbnailUrl\":\"https:\/\/fr.365yawm.ma\/wp-content\/uploads\/2026\/04\/1e98cf08-874c-450a-a9da-fbf0288bc8de.jpeg\",\"articleSection\":[\"Economie\",\"R\u00e9gion\"],\"inLanguage\":\"fr-FR\",\"potentialAction\":[{\"@type\":\"CommentAction\",\"name\":\"Comment\",\"target\":[\"https:\/\/fr.365yawm.ma\/index.php\/2026\/04\/03\/technologie-et-transformation-economique-le-maroc-partage-son-experience-a-la-com58-de-tanger\/#respond\"]}]},{\"@type\":\"WebPage\",\"@id\":\"https:\/\/fr.365yawm.ma\/index.php\/2026\/04\/03\/technologie-et-transformation-economique-le-maroc-partage-son-experience-a-la-com58-de-tanger\/\",\"url\":\"https:\/\/fr.365yawm.ma\/index.php\/2026\/04\/03\/technologie-et-transformation-economique-le-maroc-partage-son-experience-a-la-com58-de-tanger\/\",\"name\":\"Technologie et transformation \u00e9conomique : le Maroc partage son exp\u00e9rience \u00e0 la COM58 de Tanger - 365YAWM fran\u00e7ais\",\"isPartOf\":{\"@id\":\"https:\/\/fr.365yawm.ma\/#website\"},\"primaryImageOfPage\":{\"@id\":\"https:\/\/fr.365yawm.ma\/index.php\/2026\/04\/03\/technologie-et-transformation-economique-le-maroc-partage-son-experience-a-la-com58-de-tanger\/#primaryimage\"},\"image\":{\"@id\":\"https:\/\/fr.365yawm.ma\/index.php\/2026\/04\/03\/technologie-et-transformation-economique-le-maroc-partage-son-experience-a-la-com58-de-tanger\/#primaryimage\"},\"thumbnailUrl\":\"https:\/\/fr.365yawm.ma\/wp-content\/uploads\/2026\/04\/1e98cf08-874c-450a-a9da-fbf0288bc8de.jpeg\",\"datePublished\":\"2026-04-03T15:57:39+00:00\",\"breadcrumb\":{\"@id\":\"https:\/\/fr.365yawm.ma\/index.php\/2026\/04\/03\/technologie-et-transformation-economique-le-maroc-partage-son-experience-a-la-com58-de-tanger\/#breadcrumb\"},\"inLanguage\":\"fr-FR\",\"potentialAction\":[{\"@type\":\"ReadAction\",\"target\":[\"https:\/\/fr.365yawm.ma\/index.php\/2026\/04\/03\/technologie-et-transformation-economique-le-maroc-partage-son-experience-a-la-com58-de-tanger\/\"]}]},{\"@type\":\"ImageObject\",\"inLanguage\":\"fr-FR\",\"@id\":\"https:\/\/fr.365yawm.ma\/index.php\/2026\/04\/03\/technologie-et-transformation-economique-le-maroc-partage-son-experience-a-la-com58-de-tanger\/#primaryimage\",\"url\":\"https:\/\/fr.365yawm.ma\/wp-content\/uploads\/2026\/04\/1e98cf08-874c-450a-a9da-fbf0288bc8de.jpeg\",\"contentUrl\":\"https:\/\/fr.365yawm.ma\/wp-content\/uploads\/2026\/04\/1e98cf08-874c-450a-a9da-fbf0288bc8de.jpeg\",\"width\":768,\"height\":451},{\"@type\":\"BreadcrumbList\",\"@id\":\"https:\/\/fr.365yawm.ma\/index.php\/2026\/04\/03\/technologie-et-transformation-economique-le-maroc-partage-son-experience-a-la-com58-de-tanger\/#breadcrumb\",\"itemListElement\":[{\"@type\":\"ListItem\",\"position\":1,\"name\":\"Accueil\",\"item\":\"https:\/\/fr.365yawm.ma\/\"},{\"@type\":\"ListItem\",\"position\":2,\"name\":\"Technologie et transformation \u00e9conomique : le Maroc partage son exp\u00e9rience \u00e0 la COM58 de Tanger\"}]},{\"@type\":\"WebSite\",\"@id\":\"https:\/\/fr.365yawm.ma\/#website\",\"url\":\"https:\/\/fr.365yawm.ma\/\",\"name\":\"365YAWM fran\u00e7ais\",\"description\":\"\",\"publisher\":{\"@id\":\"https:\/\/fr.365yawm.ma\/#organization\"},\"potentialAction\":[{\"@type\":\"SearchAction\",\"target\":{\"@type\":\"EntryPoint\",\"urlTemplate\":\"https:\/\/fr.365yawm.ma\/?s={search_term_string}\"},\"query-input\":{\"@type\":\"PropertyValueSpecification\",\"valueRequired\":true,\"valueName\":\"search_term_string\"}}],\"inLanguage\":\"fr-FR\"},{\"@type\":\"Organization\",\"@id\":\"https:\/\/fr.365yawm.ma\/#organization\",\"name\":\"365 yawm\",\"url\":\"https:\/\/fr.365yawm.ma\/\",\"logo\":{\"@type\":\"ImageObject\",\"inLanguage\":\"fr-FR\",\"@id\":\"https:\/\/fr.365yawm.ma\/#\/schema\/logo\/image\/\",\"url\":\"https:\/\/fr.365yawm.ma\/wp-content\/uploads\/2020\/04\/icon.png\",\"contentUrl\":\"https:\/\/fr.365yawm.ma\/wp-content\/uploads\/2020\/04\/icon.png\",\"width\":512,\"height\":512,\"caption\":\"365 yawm\"},\"image\":{\"@id\":\"https:\/\/fr.365yawm.ma\/#\/schema\/logo\/image\/\"}},{\"@type\":\"Person\",\"@id\":\"https:\/\/fr.365yawm.ma\/#\/schema\/person\/3ae7f285880cb2045c5b6a6925408e72\",\"name\":\"fra365yawm\",\"image\":{\"@type\":\"ImageObject\",\"inLanguage\":\"fr-FR\",\"@id\":\"https:\/\/fr.365yawm.ma\/#\/schema\/person\/image\/\",\"url\":\"https:\/\/secure.gravatar.com\/avatar\/825cebdd359775298a5648431701cf17d00fd4fbec76f488ebc15fbeb220aa3a?s=96&d=mm&r=g\",\"contentUrl\":\"https:\/\/secure.gravatar.com\/avatar\/825cebdd359775298a5648431701cf17d00fd4fbec76f488ebc15fbeb220aa3a?s=96&d=mm&r=g\",\"caption\":\"fra365yawm\"},\"sameAs\":[\"https:\/\/fr.365yawm.ma\"]}]}<\/script>\n<!-- \/ Yoast SEO plugin. -->","yoast_head_json":{"title":"Technologie et transformation \u00e9conomique : le Maroc partage son exp\u00e9rience \u00e0 la COM58 de Tanger - 365YAWM fran\u00e7ais","robots":{"index":"index","follow":"follow","max-snippet":"max-snippet:-1","max-image-preview":"max-image-preview:large","max-video-preview":"max-video-preview:-1"},"canonical":"https:\/\/fr.365yawm.ma\/index.php\/2026\/04\/03\/technologie-et-transformation-economique-le-maroc-partage-son-experience-a-la-com58-de-tanger\/","og_locale":"fr_FR","og_type":"article","og_title":"Technologie et transformation \u00e9conomique : le Maroc partage son exp\u00e9rience \u00e0 la COM58 de Tanger - 365YAWM fran\u00e7ais","og_description":"Monsieur Mohammed Tarik Bchir, Directeur du Tr\u00e9sor et des Finances Ext\u00e9rieures par int\u00e9rim, a repr\u00e9sent\u00e9 Madame la Ministre de l\u2019\u00c9conomie et des Finances lors de la Table ronde 1, consacr\u00e9e au th\u00e8me \u00ab Exploiter la technologie au service de la croissance \u00e9conomique et de la transformation \u00bb. Cette rencontre s\u2019inscrit dans le cadre du segment [&hellip;]","og_url":"https:\/\/fr.365yawm.ma\/index.php\/2026\/04\/03\/technologie-et-transformation-economique-le-maroc-partage-son-experience-a-la-com58-de-tanger\/","og_site_name":"365YAWM fran\u00e7ais","article_published_time":"2026-04-03T15:57:39+00:00","og_image":[{"width":768,"height":451,"url":"https:\/\/fr.365yawm.ma\/wp-content\/uploads\/2026\/04\/1e98cf08-874c-450a-a9da-fbf0288bc8de.jpeg","type":"image\/jpeg"}],"author":"fra365yawm","twitter_card":"summary_large_image","twitter_misc":{"\u00c9crit par":"fra365yawm","Dur\u00e9e de lecture estim\u00e9e":"3 minutes"},"schema":{"@context":"https:\/\/schema.org","@graph":[{"@type":"Article","@id":"https:\/\/fr.365yawm.ma\/index.php\/2026\/04\/03\/technologie-et-transformation-economique-le-maroc-partage-son-experience-a-la-com58-de-tanger\/#article","isPartOf":{"@id":"https:\/\/fr.365yawm.ma\/index.php\/2026\/04\/03\/technologie-et-transformation-economique-le-maroc-partage-son-experience-a-la-com58-de-tanger\/"},"author":{"name":"fra365yawm","@id":"https:\/\/fr.365yawm.ma\/#\/schema\/person\/3ae7f285880cb2045c5b6a6925408e72"},"headline":"Technologie et transformation \u00e9conomique : le Maroc partage son exp\u00e9rience \u00e0 la COM58 de Tanger","datePublished":"2026-04-03T15:57:39+00:00","mainEntityOfPage":{"@id":"https:\/\/fr.365yawm.ma\/index.php\/2026\/04\/03\/technologie-et-transformation-economique-le-maroc-partage-son-experience-a-la-com58-de-tanger\/"},"wordCount":541,"commentCount":0,"publisher":{"@id":"https:\/\/fr.365yawm.ma\/#organization"},"image":{"@id":"https:\/\/fr.365yawm.ma\/index.php\/2026\/04\/03\/technologie-et-transformation-economique-le-maroc-partage-son-experience-a-la-com58-de-tanger\/#primaryimage"},"thumbnailUrl":"https:\/\/fr.365yawm.ma\/wp-content\/uploads\/2026\/04\/1e98cf08-874c-450a-a9da-fbf0288bc8de.jpeg","articleSection":["Economie","R\u00e9gion"],"inLanguage":"fr-FR","potentialAction":[{"@type":"CommentAction","name":"Comment","target":["https:\/\/fr.365yawm.ma\/index.php\/2026\/04\/03\/technologie-et-transformation-economique-le-maroc-partage-son-experience-a-la-com58-de-tanger\/#respond"]}]},{"@type":"WebPage","@id":"https:\/\/fr.365yawm.ma\/index.php\/2026\/04\/03\/technologie-et-transformation-economique-le-maroc-partage-son-experience-a-la-com58-de-tanger\/","url":"https:\/\/fr.365yawm.ma\/index.php\/2026\/04\/03\/technologie-et-transformation-economique-le-maroc-partage-son-experience-a-la-com58-de-tanger\/","name":"Technologie et transformation \u00e9conomique : le Maroc partage son exp\u00e9rience \u00e0 la COM58 de Tanger - 365YAWM fran\u00e7ais","isPartOf":{"@id":"https:\/\/fr.365yawm.ma\/#website"},"primaryImageOfPage":{"@id":"https:\/\/fr.365yawm.ma\/index.php\/2026\/04\/03\/technologie-et-transformation-economique-le-maroc-partage-son-experience-a-la-com58-de-tanger\/#primaryimage"},"image":{"@id":"https:\/\/fr.365yawm.ma\/index.php\/2026\/04\/03\/technologie-et-transformation-economique-le-maroc-partage-son-experience-a-la-com58-de-tanger\/#primaryimage"},"thumbnailUrl":"https:\/\/fr.365yawm.ma\/wp-content\/uploads\/2026\/04\/1e98cf08-874c-450a-a9da-fbf0288bc8de.jpeg","datePublished":"2026-04-03T15:57:39+00:00","breadcrumb":{"@id":"https:\/\/fr.365yawm.ma\/index.php\/2026\/04\/03\/technologie-et-transformation-economique-le-maroc-partage-son-experience-a-la-com58-de-tanger\/#breadcrumb"},"inLanguage":"fr-FR","potentialAction":[{"@type":"ReadAction","target":["https:\/\/fr.365yawm.ma\/index.php\/2026\/04\/03\/technologie-et-transformation-economique-le-maroc-partage-son-experience-a-la-com58-de-tanger\/"]}]},{"@type":"ImageObject","inLanguage":"fr-FR","@id":"https:\/\/fr.365yawm.ma\/index.php\/2026\/04\/03\/technologie-et-transformation-economique-le-maroc-partage-son-experience-a-la-com58-de-tanger\/#primaryimage","url":"https:\/\/fr.365yawm.ma\/wp-content\/uploads\/2026\/04\/1e98cf08-874c-450a-a9da-fbf0288bc8de.jpeg","contentUrl":"https:\/\/fr.365yawm.ma\/wp-content\/uploads\/2026\/04\/1e98cf08-874c-450a-a9da-fbf0288bc8de.jpeg","width":768,"height":451},{"@type":"BreadcrumbList","@id":"https:\/\/fr.365yawm.ma\/index.php\/2026\/04\/03\/technologie-et-transformation-economique-le-maroc-partage-son-experience-a-la-com58-de-tanger\/#breadcrumb","itemListElement":[{"@type":"ListItem","position":1,"name":"Accueil","item":"https:\/\/fr.365yawm.ma\/"},{"@type":"ListItem","position":2,"name":"Technologie et transformation \u00e9conomique : le Maroc partage son exp\u00e9rience \u00e0 la COM58 de Tanger"}]},{"@type":"WebSite","@id":"https:\/\/fr.365yawm.ma\/#website","url":"https:\/\/fr.365yawm.ma\/","name":"365YAWM fran\u00e7ais","description":"","publisher":{"@id":"https:\/\/fr.365yawm.ma\/#organization"},"potentialAction":[{"@type":"SearchAction","target":{"@type":"EntryPoint","urlTemplate":"https:\/\/fr.365yawm.ma\/?s={search_term_string}"},"query-input":{"@type":"PropertyValueSpecification","valueRequired":true,"valueName":"search_term_string"}}],"inLanguage":"fr-FR"},{"@type":"Organization","@id":"https:\/\/fr.365yawm.ma\/#organization","name":"365 yawm","url":"https:\/\/fr.365yawm.ma\/","logo":{"@type":"ImageObject","inLanguage":"fr-FR","@id":"https:\/\/fr.365yawm.ma\/#\/schema\/logo\/image\/","url":"https:\/\/fr.365yawm.ma\/wp-content\/uploads\/2020\/04\/icon.png","contentUrl":"https:\/\/fr.365yawm.ma\/wp-content\/uploads\/2020\/04\/icon.png","width":512,"height":512,"caption":"365 yawm"},"image":{"@id":"https:\/\/fr.365yawm.ma\/#\/schema\/logo\/image\/"}},{"@type":"Person","@id":"https:\/\/fr.365yawm.ma\/#\/schema\/person\/3ae7f285880cb2045c5b6a6925408e72","name":"fra365yawm","image":{"@type":"ImageObject","inLanguage":"fr-FR","@id":"https:\/\/fr.365yawm.ma\/#\/schema\/person\/image\/","url":"https:\/\/secure.gravatar.com\/avatar\/825cebdd359775298a5648431701cf17d00fd4fbec76f488ebc15fbeb220aa3a?s=96&d=mm&r=g","contentUrl":"https:\/\/secure.gravatar.com\/avatar\/825cebdd359775298a5648431701cf17d00fd4fbec76f488ebc15fbeb220aa3a?s=96&d=mm&r=g","caption":"fra365yawm"},"sameAs":["https:\/\/fr.365yawm.ma"]}]}},"jetpack_featured_media_url":"https:\/\/fr.365yawm.ma\/wp-content\/uploads\/2026\/04\/1e98cf08-874c-450a-a9da-fbf0288bc8de.jpeg","jetpack_sharing_enabled":true,"_links":{"self":[{"href":"https:\/\/fr.365yawm.ma\/index.php\/wp-json\/wp\/v2\/posts\/6291","targetHints":{"allow":["GET"]}}],"collection":[{"href":"https:\/\/fr.365yawm.ma\/index.php\/wp-json\/wp\/v2\/posts"}],"about":[{"href":"https:\/\/fr.365yawm.ma\/index.php\/wp-json\/wp\/v2\/types\/post"}],"author":[{"embeddable":true,"href":"https:\/\/fr.365yawm.ma\/index.php\/wp-json\/wp\/v2\/users\/1"}],"replies":[{"embeddable":true,"href":"https:\/\/fr.365yawm.ma\/index.php\/wp-json\/wp\/v2\/comments?post=6291"}],"version-history":[{"count":1,"href":"https:\/\/fr.365yawm.ma\/index.php\/wp-json\/wp\/v2\/posts\/6291\/revisions"}],"predecessor-version":[{"id":6293,"href":"https:\/\/fr.365yawm.ma\/index.php\/wp-json\/wp\/v2\/posts\/6291\/revisions\/6293"}],"wp:featuredmedia":[{"embeddable":true,"href":"https:\/\/fr.365yawm.ma\/index.php\/wp-json\/wp\/v2\/media\/6292"}],"wp:attachment":[{"href":"https:\/\/fr.365yawm.ma\/index.php\/wp-json\/wp\/v2\/media?parent=6291"}],"wp:term":[{"taxonomy":"category","embeddable":true,"href":"https:\/\/fr.365yawm.ma\/index.php\/wp-json\/wp\/v2\/categories?post=6291"},{"taxonomy":"post_tag","embeddable":true,"href":"https:\/\/fr.365yawm.ma\/index.php\/wp-json\/wp\/v2\/tags?post=6291"}],"curies":[{"name":"wp","href":"https:\/\/api.w.org\/{rel}","templated":true}]}}