{"id":6283,"date":"2026-04-02T02:03:35","date_gmt":"2026-04-02T00:03:35","guid":{"rendered":"https:\/\/fr.365yawm.ma\/?p=6283"},"modified":"2026-04-02T02:03:35","modified_gmt":"2026-04-02T00:03:35","slug":"tanger-au-coeur-des-debats-africains-nadia-fettah-plaide-pour-la-sante-et-linclusion-economique-des-femmes","status":"publish","type":"post","link":"https:\/\/fr.365yawm.ma\/index.php\/2026\/04\/02\/tanger-au-coeur-des-debats-africains-nadia-fettah-plaide-pour-la-sante-et-linclusion-economique-des-femmes\/","title":{"rendered":"Tanger au c\u0153ur des d\u00e9bats africains : Nadia Fettah plaide pour la sant\u00e9 et l\u2019inclusion \u00e9conomique des femmes"},"content":{"rendered":"<p>&nbsp;<\/p>\n<p>Dans le cadre de la 58\u00e8me session de la Conf\u00e9rence des Ministres Africains des Finances, de la Planification et du D\u00e9veloppement \u00c9conomique, tenue \u00e0 Tanger, la Ministre de l\u2019\u00c9conomie et des Finances, Nadia Fettah, a pris part \u00e0 plusieurs \u00e9v\u00e9nements parall\u00e8les majeurs le 1er avril 2026.<\/p>\n<p>La Ministre a notamment particip\u00e9 au Forum sur le financement durable de la sant\u00e9 en Afrique, organis\u00e9 sous le th\u00e8me \u00ab La sant\u00e9 comme investissement souverain : un imp\u00e9ratif macro\u00e9conomique \u00bb. Cette rencontre a r\u00e9uni responsables gouvernementaux et partenaires internationaux autour d\u2019une approche int\u00e9gr\u00e9e visant \u00e0 renforcer les syst\u00e8mes de sant\u00e9 \u00e0 travers des m\u00e9canismes de financement innovants.<\/p>\n<p>Dans son allocution, Nadia Fettah a insist\u00e9 sur la n\u00e9cessit\u00e9 de consid\u00e9rer la sant\u00e9 non pas comme une simple charge sociale, mais comme un investissement strat\u00e9gique essentiel \u00e0 la stabilit\u00e9 \u00e9conomique et \u00e0 la productivit\u00e9 des \u00c9tats africains. Elle a soulign\u00e9 que des syst\u00e8mes de sant\u00e9 solides constituent un levier fondamental de r\u00e9silience face aux crises.<\/p>\n<p>La responsable marocaine est \u00e9galement revenue sur les r\u00e9formes engag\u00e9es par le Maroc dans ce secteur, mettant en avant la g\u00e9n\u00e9ralisation de l\u2019assurance maladie obligatoire, l\u2019augmentation du budget allou\u00e9 \u00e0 la sant\u00e9, ainsi que la modernisation des infrastructures et la digitalisation du syst\u00e8me.<\/p>\n<p>Par ailleurs, la Ministre a particip\u00e9 \u00e0 un dialogue minist\u00e9riel consacr\u00e9 \u00e0 la D\u00e9cennie des femmes africaines pour l\u2019inclusion financi\u00e8re et \u00e9conomique. Elle y a plaid\u00e9 pour un renforcement des politiques publiques en faveur de l\u2019autonomisation des femmes, soulignant leur r\u00f4le cl\u00e9 dans la croissance \u00e9conomique et la transformation du continent africain.<\/p>\n","protected":false},"excerpt":{"rendered":"<p>&nbsp; Dans le cadre de la 58\u00e8me session de la Conf\u00e9rence des Ministres Africains des Finances, de la Planification et du D\u00e9veloppement \u00c9conomique, tenue \u00e0 Tanger, la Ministre de l\u2019\u00c9conomie et des Finances, Nadia Fettah, a pris part \u00e0 plusieurs \u00e9v\u00e9nements parall\u00e8les majeurs le 1er avril 2026. La Ministre a notamment particip\u00e9 au Forum sur [&hellip;]<\/p>\n","protected":false},"author":1,"featured_media":6285,"comment_status":"open","ping_status":"open","sticky":false,"template":"","format":"standard","meta":{"_bbp_topic_count":0,"_bbp_reply_count":0,"_bbp_total_topic_count":0,"_bbp_total_reply_count":0,"_bbp_voice_count":0,"_bbp_anonymous_reply_count":0,"_bbp_topic_count_hidden":0,"_bbp_reply_count_hidden":0,"_bbp_forum_subforum_count":0,"_jetpack_memberships_contains_paid_content":false,"footnotes":""},"categories":[6,30],"tags":[],"class_list":["post-6283","post","type-post","status-publish","format-standard","has-post-thumbnail","hentry","category-economie","category-societe"],"yoast_head":"<!-- This site is optimized with the Yoast SEO plugin v24.9 - https:\/\/yoast.com\/wordpress\/plugins\/seo\/ -->\n<title>Tanger au c\u0153ur des d\u00e9bats africains : Nadia Fettah plaide pour la sant\u00e9 et l\u2019inclusion \u00e9conomique des femmes - 365YAWM fran\u00e7ais<\/title>\n<meta name=\"robots\" content=\"index, follow, max-snippet:-1, max-image-preview:large, max-video-preview:-1\" \/>\n<link rel=\"canonical\" href=\"https:\/\/fr.365yawm.ma\/index.php\/2026\/04\/02\/tanger-au-coeur-des-debats-africains-nadia-fettah-plaide-pour-la-sante-et-linclusion-economique-des-femmes\/\" \/>\n<meta property=\"og:locale\" content=\"fr_FR\" \/>\n<meta property=\"og:type\" content=\"article\" \/>\n<meta property=\"og:title\" content=\"Tanger au c\u0153ur des d\u00e9bats africains : Nadia Fettah plaide pour la sant\u00e9 et l\u2019inclusion \u00e9conomique des femmes - 365YAWM fran\u00e7ais\" \/>\n<meta property=\"og:description\" content=\"&nbsp; Dans le cadre de la 58\u00e8me session de la Conf\u00e9rence des Ministres Africains des Finances, de la Planification et du D\u00e9veloppement \u00c9conomique, tenue \u00e0 Tanger, la Ministre de l\u2019\u00c9conomie et des Finances, Nadia Fettah, a pris part \u00e0 plusieurs \u00e9v\u00e9nements parall\u00e8les majeurs le 1er avril 2026. La Ministre a notamment particip\u00e9 au Forum sur [&hellip;]\" \/>\n<meta property=\"og:url\" content=\"https:\/\/fr.365yawm.ma\/index.php\/2026\/04\/02\/tanger-au-coeur-des-debats-africains-nadia-fettah-plaide-pour-la-sante-et-linclusion-economique-des-femmes\/\" \/>\n<meta property=\"og:site_name\" content=\"365YAWM fran\u00e7ais\" \/>\n<meta property=\"article:published_time\" content=\"2026-04-02T00:03:35+00:00\" \/>\n<meta property=\"og:image\" content=\"https:\/\/fr.365yawm.ma\/wp-content\/uploads\/2026\/04\/IMG_1994.webp\" \/>\n\t<meta property=\"og:image:width\" content=\"800\" \/>\n\t<meta property=\"og:image:height\" content=\"420\" \/>\n\t<meta property=\"og:image:type\" content=\"image\/webp\" \/>\n<meta name=\"author\" content=\"fra365yawm\" \/>\n<meta name=\"twitter:card\" content=\"summary_large_image\" \/>\n<meta name=\"twitter:label1\" content=\"\u00c9crit par\" \/>\n\t<meta name=\"twitter:data1\" content=\"fra365yawm\" \/>\n\t<meta name=\"twitter:label2\" content=\"Dur\u00e9e de lecture estim\u00e9e\" \/>\n\t<meta name=\"twitter:data2\" content=\"2 minutes\" \/>\n<script type=\"application\/ld+json\" class=\"yoast-schema-graph\">{\"@context\":\"https:\/\/schema.org\",\"@graph\":[{\"@type\":\"Article\",\"@id\":\"https:\/\/fr.365yawm.ma\/index.php\/2026\/04\/02\/tanger-au-coeur-des-debats-africains-nadia-fettah-plaide-pour-la-sante-et-linclusion-economique-des-femmes\/#article\",\"isPartOf\":{\"@id\":\"https:\/\/fr.365yawm.ma\/index.php\/2026\/04\/02\/tanger-au-coeur-des-debats-africains-nadia-fettah-plaide-pour-la-sante-et-linclusion-economique-des-femmes\/\"},\"author\":{\"name\":\"fra365yawm\",\"@id\":\"https:\/\/fr.365yawm.ma\/#\/schema\/person\/3ae7f285880cb2045c5b6a6925408e72\"},\"headline\":\"Tanger au c\u0153ur des d\u00e9bats africains : Nadia Fettah plaide pour la sant\u00e9 et l\u2019inclusion \u00e9conomique des femmes\",\"datePublished\":\"2026-04-02T00:03:35+00:00\",\"mainEntityOfPage\":{\"@id\":\"https:\/\/fr.365yawm.ma\/index.php\/2026\/04\/02\/tanger-au-coeur-des-debats-africains-nadia-fettah-plaide-pour-la-sante-et-linclusion-economique-des-femmes\/\"},\"wordCount\":295,\"commentCount\":0,\"publisher\":{\"@id\":\"https:\/\/fr.365yawm.ma\/#organization\"},\"image\":{\"@id\":\"https:\/\/fr.365yawm.ma\/index.php\/2026\/04\/02\/tanger-au-coeur-des-debats-africains-nadia-fettah-plaide-pour-la-sante-et-linclusion-economique-des-femmes\/#primaryimage\"},\"thumbnailUrl\":\"https:\/\/fr.365yawm.ma\/wp-content\/uploads\/2026\/04\/IMG_1994.webp\",\"articleSection\":[\"Economie\",\"Soci\u00e9t\u00e9\"],\"inLanguage\":\"fr-FR\",\"potentialAction\":[{\"@type\":\"CommentAction\",\"name\":\"Comment\",\"target\":[\"https:\/\/fr.365yawm.ma\/index.php\/2026\/04\/02\/tanger-au-coeur-des-debats-africains-nadia-fettah-plaide-pour-la-sante-et-linclusion-economique-des-femmes\/#respond\"]}]},{\"@type\":\"WebPage\",\"@id\":\"https:\/\/fr.365yawm.ma\/index.php\/2026\/04\/02\/tanger-au-coeur-des-debats-africains-nadia-fettah-plaide-pour-la-sante-et-linclusion-economique-des-femmes\/\",\"url\":\"https:\/\/fr.365yawm.ma\/index.php\/2026\/04\/02\/tanger-au-coeur-des-debats-africains-nadia-fettah-plaide-pour-la-sante-et-linclusion-economique-des-femmes\/\",\"name\":\"Tanger au c\u0153ur des d\u00e9bats africains : Nadia Fettah plaide pour la sant\u00e9 et l\u2019inclusion \u00e9conomique des femmes - 365YAWM fran\u00e7ais\",\"isPartOf\":{\"@id\":\"https:\/\/fr.365yawm.ma\/#website\"},\"primaryImageOfPage\":{\"@id\":\"https:\/\/fr.365yawm.ma\/index.php\/2026\/04\/02\/tanger-au-coeur-des-debats-africains-nadia-fettah-plaide-pour-la-sante-et-linclusion-economique-des-femmes\/#primaryimage\"},\"image\":{\"@id\":\"https:\/\/fr.365yawm.ma\/index.php\/2026\/04\/02\/tanger-au-coeur-des-debats-africains-nadia-fettah-plaide-pour-la-sante-et-linclusion-economique-des-femmes\/#primaryimage\"},\"thumbnailUrl\":\"https:\/\/fr.365yawm.ma\/wp-content\/uploads\/2026\/04\/IMG_1994.webp\",\"datePublished\":\"2026-04-02T00:03:35+00:00\",\"breadcrumb\":{\"@id\":\"https:\/\/fr.365yawm.ma\/index.php\/2026\/04\/02\/tanger-au-coeur-des-debats-africains-nadia-fettah-plaide-pour-la-sante-et-linclusion-economique-des-femmes\/#breadcrumb\"},\"inLanguage\":\"fr-FR\",\"potentialAction\":[{\"@type\":\"ReadAction\",\"target\":[\"https:\/\/fr.365yawm.ma\/index.php\/2026\/04\/02\/tanger-au-coeur-des-debats-africains-nadia-fettah-plaide-pour-la-sante-et-linclusion-economique-des-femmes\/\"]}]},{\"@type\":\"ImageObject\",\"inLanguage\":\"fr-FR\",\"@id\":\"https:\/\/fr.365yawm.ma\/index.php\/2026\/04\/02\/tanger-au-coeur-des-debats-africains-nadia-fettah-plaide-pour-la-sante-et-linclusion-economique-des-femmes\/#primaryimage\",\"url\":\"https:\/\/fr.365yawm.ma\/wp-content\/uploads\/2026\/04\/IMG_1994.webp\",\"contentUrl\":\"https:\/\/fr.365yawm.ma\/wp-content\/uploads\/2026\/04\/IMG_1994.webp\",\"width\":800,\"height\":420},{\"@type\":\"BreadcrumbList\",\"@id\":\"https:\/\/fr.365yawm.ma\/index.php\/2026\/04\/02\/tanger-au-coeur-des-debats-africains-nadia-fettah-plaide-pour-la-sante-et-linclusion-economique-des-femmes\/#breadcrumb\",\"itemListElement\":[{\"@type\":\"ListItem\",\"position\":1,\"name\":\"Accueil\",\"item\":\"https:\/\/fr.365yawm.ma\/\"},{\"@type\":\"ListItem\",\"position\":2,\"name\":\"Tanger au c\u0153ur des d\u00e9bats africains : Nadia Fettah plaide pour la sant\u00e9 et l\u2019inclusion \u00e9conomique des femmes\"}]},{\"@type\":\"WebSite\",\"@id\":\"https:\/\/fr.365yawm.ma\/#website\",\"url\":\"https:\/\/fr.365yawm.ma\/\",\"name\":\"365YAWM fran\u00e7ais\",\"description\":\"\",\"publisher\":{\"@id\":\"https:\/\/fr.365yawm.ma\/#organization\"},\"potentialAction\":[{\"@type\":\"SearchAction\",\"target\":{\"@type\":\"EntryPoint\",\"urlTemplate\":\"https:\/\/fr.365yawm.ma\/?s={search_term_string}\"},\"query-input\":{\"@type\":\"PropertyValueSpecification\",\"valueRequired\":true,\"valueName\":\"search_term_string\"}}],\"inLanguage\":\"fr-FR\"},{\"@type\":\"Organization\",\"@id\":\"https:\/\/fr.365yawm.ma\/#organization\",\"name\":\"365 yawm\",\"url\":\"https:\/\/fr.365yawm.ma\/\",\"logo\":{\"@type\":\"ImageObject\",\"inLanguage\":\"fr-FR\",\"@id\":\"https:\/\/fr.365yawm.ma\/#\/schema\/logo\/image\/\",\"url\":\"https:\/\/fr.365yawm.ma\/wp-content\/uploads\/2020\/04\/icon.png\",\"contentUrl\":\"https:\/\/fr.365yawm.ma\/wp-content\/uploads\/2020\/04\/icon.png\",\"width\":512,\"height\":512,\"caption\":\"365 yawm\"},\"image\":{\"@id\":\"https:\/\/fr.365yawm.ma\/#\/schema\/logo\/image\/\"}},{\"@type\":\"Person\",\"@id\":\"https:\/\/fr.365yawm.ma\/#\/schema\/person\/3ae7f285880cb2045c5b6a6925408e72\",\"name\":\"fra365yawm\",\"image\":{\"@type\":\"ImageObject\",\"inLanguage\":\"fr-FR\",\"@id\":\"https:\/\/fr.365yawm.ma\/#\/schema\/person\/image\/\",\"url\":\"https:\/\/secure.gravatar.com\/avatar\/825cebdd359775298a5648431701cf17d00fd4fbec76f488ebc15fbeb220aa3a?s=96&d=mm&r=g\",\"contentUrl\":\"https:\/\/secure.gravatar.com\/avatar\/825cebdd359775298a5648431701cf17d00fd4fbec76f488ebc15fbeb220aa3a?s=96&d=mm&r=g\",\"caption\":\"fra365yawm\"},\"sameAs\":[\"https:\/\/fr.365yawm.ma\"]}]}<\/script>\n<!-- \/ Yoast SEO plugin. -->","yoast_head_json":{"title":"Tanger au c\u0153ur des d\u00e9bats africains : Nadia Fettah plaide pour la sant\u00e9 et l\u2019inclusion \u00e9conomique des femmes - 365YAWM fran\u00e7ais","robots":{"index":"index","follow":"follow","max-snippet":"max-snippet:-1","max-image-preview":"max-image-preview:large","max-video-preview":"max-video-preview:-1"},"canonical":"https:\/\/fr.365yawm.ma\/index.php\/2026\/04\/02\/tanger-au-coeur-des-debats-africains-nadia-fettah-plaide-pour-la-sante-et-linclusion-economique-des-femmes\/","og_locale":"fr_FR","og_type":"article","og_title":"Tanger au c\u0153ur des d\u00e9bats africains : Nadia Fettah plaide pour la sant\u00e9 et l\u2019inclusion \u00e9conomique des femmes - 365YAWM fran\u00e7ais","og_description":"&nbsp; Dans le cadre de la 58\u00e8me session de la Conf\u00e9rence des Ministres Africains des Finances, de la Planification et du D\u00e9veloppement \u00c9conomique, tenue \u00e0 Tanger, la Ministre de l\u2019\u00c9conomie et des Finances, Nadia Fettah, a pris part \u00e0 plusieurs \u00e9v\u00e9nements parall\u00e8les majeurs le 1er avril 2026. La Ministre a notamment particip\u00e9 au Forum sur [&hellip;]","og_url":"https:\/\/fr.365yawm.ma\/index.php\/2026\/04\/02\/tanger-au-coeur-des-debats-africains-nadia-fettah-plaide-pour-la-sante-et-linclusion-economique-des-femmes\/","og_site_name":"365YAWM fran\u00e7ais","article_published_time":"2026-04-02T00:03:35+00:00","og_image":[{"width":800,"height":420,"url":"https:\/\/fr.365yawm.ma\/wp-content\/uploads\/2026\/04\/IMG_1994.webp","type":"image\/webp"}],"author":"fra365yawm","twitter_card":"summary_large_image","twitter_misc":{"\u00c9crit par":"fra365yawm","Dur\u00e9e de lecture estim\u00e9e":"2 minutes"},"schema":{"@context":"https:\/\/schema.org","@graph":[{"@type":"Article","@id":"https:\/\/fr.365yawm.ma\/index.php\/2026\/04\/02\/tanger-au-coeur-des-debats-africains-nadia-fettah-plaide-pour-la-sante-et-linclusion-economique-des-femmes\/#article","isPartOf":{"@id":"https:\/\/fr.365yawm.ma\/index.php\/2026\/04\/02\/tanger-au-coeur-des-debats-africains-nadia-fettah-plaide-pour-la-sante-et-linclusion-economique-des-femmes\/"},"author":{"name":"fra365yawm","@id":"https:\/\/fr.365yawm.ma\/#\/schema\/person\/3ae7f285880cb2045c5b6a6925408e72"},"headline":"Tanger au c\u0153ur des d\u00e9bats africains : Nadia Fettah plaide pour la sant\u00e9 et l\u2019inclusion \u00e9conomique des femmes","datePublished":"2026-04-02T00:03:35+00:00","mainEntityOfPage":{"@id":"https:\/\/fr.365yawm.ma\/index.php\/2026\/04\/02\/tanger-au-coeur-des-debats-africains-nadia-fettah-plaide-pour-la-sante-et-linclusion-economique-des-femmes\/"},"wordCount":295,"commentCount":0,"publisher":{"@id":"https:\/\/fr.365yawm.ma\/#organization"},"image":{"@id":"https:\/\/fr.365yawm.ma\/index.php\/2026\/04\/02\/tanger-au-coeur-des-debats-africains-nadia-fettah-plaide-pour-la-sante-et-linclusion-economique-des-femmes\/#primaryimage"},"thumbnailUrl":"https:\/\/fr.365yawm.ma\/wp-content\/uploads\/2026\/04\/IMG_1994.webp","articleSection":["Economie","Soci\u00e9t\u00e9"],"inLanguage":"fr-FR","potentialAction":[{"@type":"CommentAction","name":"Comment","target":["https:\/\/fr.365yawm.ma\/index.php\/2026\/04\/02\/tanger-au-coeur-des-debats-africains-nadia-fettah-plaide-pour-la-sante-et-linclusion-economique-des-femmes\/#respond"]}]},{"@type":"WebPage","@id":"https:\/\/fr.365yawm.ma\/index.php\/2026\/04\/02\/tanger-au-coeur-des-debats-africains-nadia-fettah-plaide-pour-la-sante-et-linclusion-economique-des-femmes\/","url":"https:\/\/fr.365yawm.ma\/index.php\/2026\/04\/02\/tanger-au-coeur-des-debats-africains-nadia-fettah-plaide-pour-la-sante-et-linclusion-economique-des-femmes\/","name":"Tanger au c\u0153ur des d\u00e9bats africains : Nadia Fettah plaide pour la sant\u00e9 et l\u2019inclusion \u00e9conomique des femmes - 365YAWM fran\u00e7ais","isPartOf":{"@id":"https:\/\/fr.365yawm.ma\/#website"},"primaryImageOfPage":{"@id":"https:\/\/fr.365yawm.ma\/index.php\/2026\/04\/02\/tanger-au-coeur-des-debats-africains-nadia-fettah-plaide-pour-la-sante-et-linclusion-economique-des-femmes\/#primaryimage"},"image":{"@id":"https:\/\/fr.365yawm.ma\/index.php\/2026\/04\/02\/tanger-au-coeur-des-debats-africains-nadia-fettah-plaide-pour-la-sante-et-linclusion-economique-des-femmes\/#primaryimage"},"thumbnailUrl":"https:\/\/fr.365yawm.ma\/wp-content\/uploads\/2026\/04\/IMG_1994.webp","datePublished":"2026-04-02T00:03:35+00:00","breadcrumb":{"@id":"https:\/\/fr.365yawm.ma\/index.php\/2026\/04\/02\/tanger-au-coeur-des-debats-africains-nadia-fettah-plaide-pour-la-sante-et-linclusion-economique-des-femmes\/#breadcrumb"},"inLanguage":"fr-FR","potentialAction":[{"@type":"ReadAction","target":["https:\/\/fr.365yawm.ma\/index.php\/2026\/04\/02\/tanger-au-coeur-des-debats-africains-nadia-fettah-plaide-pour-la-sante-et-linclusion-economique-des-femmes\/"]}]},{"@type":"ImageObject","inLanguage":"fr-FR","@id":"https:\/\/fr.365yawm.ma\/index.php\/2026\/04\/02\/tanger-au-coeur-des-debats-africains-nadia-fettah-plaide-pour-la-sante-et-linclusion-economique-des-femmes\/#primaryimage","url":"https:\/\/fr.365yawm.ma\/wp-content\/uploads\/2026\/04\/IMG_1994.webp","contentUrl":"https:\/\/fr.365yawm.ma\/wp-content\/uploads\/2026\/04\/IMG_1994.webp","width":800,"height":420},{"@type":"BreadcrumbList","@id":"https:\/\/fr.365yawm.ma\/index.php\/2026\/04\/02\/tanger-au-coeur-des-debats-africains-nadia-fettah-plaide-pour-la-sante-et-linclusion-economique-des-femmes\/#breadcrumb","itemListElement":[{"@type":"ListItem","position":1,"name":"Accueil","item":"https:\/\/fr.365yawm.ma\/"},{"@type":"ListItem","position":2,"name":"Tanger au c\u0153ur des d\u00e9bats africains : Nadia Fettah plaide pour la sant\u00e9 et l\u2019inclusion \u00e9conomique des femmes"}]},{"@type":"WebSite","@id":"https:\/\/fr.365yawm.ma\/#website","url":"https:\/\/fr.365yawm.ma\/","name":"365YAWM fran\u00e7ais","description":"","publisher":{"@id":"https:\/\/fr.365yawm.ma\/#organization"},"potentialAction":[{"@type":"SearchAction","target":{"@type":"EntryPoint","urlTemplate":"https:\/\/fr.365yawm.ma\/?s={search_term_string}"},"query-input":{"@type":"PropertyValueSpecification","valueRequired":true,"valueName":"search_term_string"}}],"inLanguage":"fr-FR"},{"@type":"Organization","@id":"https:\/\/fr.365yawm.ma\/#organization","name":"365 yawm","url":"https:\/\/fr.365yawm.ma\/","logo":{"@type":"ImageObject","inLanguage":"fr-FR","@id":"https:\/\/fr.365yawm.ma\/#\/schema\/logo\/image\/","url":"https:\/\/fr.365yawm.ma\/wp-content\/uploads\/2020\/04\/icon.png","contentUrl":"https:\/\/fr.365yawm.ma\/wp-content\/uploads\/2020\/04\/icon.png","width":512,"height":512,"caption":"365 yawm"},"image":{"@id":"https:\/\/fr.365yawm.ma\/#\/schema\/logo\/image\/"}},{"@type":"Person","@id":"https:\/\/fr.365yawm.ma\/#\/schema\/person\/3ae7f285880cb2045c5b6a6925408e72","name":"fra365yawm","image":{"@type":"ImageObject","inLanguage":"fr-FR","@id":"https:\/\/fr.365yawm.ma\/#\/schema\/person\/image\/","url":"https:\/\/secure.gravatar.com\/avatar\/825cebdd359775298a5648431701cf17d00fd4fbec76f488ebc15fbeb220aa3a?s=96&d=mm&r=g","contentUrl":"https:\/\/secure.gravatar.com\/avatar\/825cebdd359775298a5648431701cf17d00fd4fbec76f488ebc15fbeb220aa3a?s=96&d=mm&r=g","caption":"fra365yawm"},"sameAs":["https:\/\/fr.365yawm.ma"]}]}},"jetpack_featured_media_url":"https:\/\/fr.365yawm.ma\/wp-content\/uploads\/2026\/04\/IMG_1994.webp","jetpack_sharing_enabled":true,"_links":{"self":[{"href":"https:\/\/fr.365yawm.ma\/index.php\/wp-json\/wp\/v2\/posts\/6283","targetHints":{"allow":["GET"]}}],"collection":[{"href":"https:\/\/fr.365yawm.ma\/index.php\/wp-json\/wp\/v2\/posts"}],"about":[{"href":"https:\/\/fr.365yawm.ma\/index.php\/wp-json\/wp\/v2\/types\/post"}],"author":[{"embeddable":true,"href":"https:\/\/fr.365yawm.ma\/index.php\/wp-json\/wp\/v2\/users\/1"}],"replies":[{"embeddable":true,"href":"https:\/\/fr.365yawm.ma\/index.php\/wp-json\/wp\/v2\/comments?post=6283"}],"version-history":[{"count":1,"href":"https:\/\/fr.365yawm.ma\/index.php\/wp-json\/wp\/v2\/posts\/6283\/revisions"}],"predecessor-version":[{"id":6286,"href":"https:\/\/fr.365yawm.ma\/index.php\/wp-json\/wp\/v2\/posts\/6283\/revisions\/6286"}],"wp:featuredmedia":[{"embeddable":true,"href":"https:\/\/fr.365yawm.ma\/index.php\/wp-json\/wp\/v2\/media\/6285"}],"wp:attachment":[{"href":"https:\/\/fr.365yawm.ma\/index.php\/wp-json\/wp\/v2\/media?parent=6283"}],"wp:term":[{"taxonomy":"category","embeddable":true,"href":"https:\/\/fr.365yawm.ma\/index.php\/wp-json\/wp\/v2\/categories?post=6283"},{"taxonomy":"post_tag","embeddable":true,"href":"https:\/\/fr.365yawm.ma\/index.php\/wp-json\/wp\/v2\/tags?post=6283"}],"curies":[{"name":"wp","href":"https:\/\/api.w.org\/{rel}","templated":true}]}}