{"id":6268,"date":"2026-03-28T20:08:27","date_gmt":"2026-03-28T19:08:27","guid":{"rendered":"https:\/\/fr.365yawm.ma\/?p=6268"},"modified":"2026-03-28T20:08:27","modified_gmt":"2026-03-28T19:08:27","slug":"tanger-accueille-une-grande-conference-africaine-sur-linnovation-et-la-transformation-economique","status":"publish","type":"post","link":"https:\/\/fr.365yawm.ma\/index.php\/2026\/03\/28\/tanger-accueille-une-grande-conference-africaine-sur-linnovation-et-la-transformation-economique\/","title":{"rendered":"Tanger accueille une grande conf\u00e9rence africaine sur l\u2019innovation et la transformation \u00e9conomique"},"content":{"rendered":"<p>&nbsp;<\/p>\n<p>La ville de Tanger abrite, du 28 mars au 3 avril 2026, les travaux de la 58\u1d49 session de la Conf\u00e9rence des ministres africains des Finances, de la Planification et du D\u00e9veloppement \u00e9conomique, organis\u00e9e par la Commission \u00e9conomique des Nations unies pour l\u2019Afrique (CEA). Cet \u00e9v\u00e9nement d\u2019envergure continentale se tient au Palais des Arts et de la Culture sous le th\u00e8me de la croissance par l\u2019innovation et l\u2019exploitation des technologies avanc\u00e9es.<\/p>\n<p>Cette \u00e9dition rev\u00eat une importance particuli\u00e8re puisqu\u2019elle marque le retour de cette conf\u00e9rence \u00e0 Tanger, qui avait d\u00e9j\u00e0 accueilli une session historique en 1960. Le Maroc, qui avait \u00e9galement organis\u00e9 les \u00e9ditions de 2014 et 2019 \u00e0 Marrakech, confirme ainsi son r\u00f4le central dans le renforcement de la coop\u00e9ration \u00e9conomique africaine et la promotion de l\u2019int\u00e9gration r\u00e9gionale.<\/p>\n<p>Dans le cadre des pr\u00e9paratifs, le minist\u00e8re de l\u2019\u00c9conomie et des Finances a mis en place plusieurs commissions sp\u00e9cialis\u00e9es charg\u00e9es des aspects scientifiques, organisationnels et logistiques, afin d\u2019assurer le succ\u00e8s de cet \u00e9v\u00e9nement international. Ces mesures font suite \u00e0 la signature d\u2019un protocole d\u2019accord avec la CEA en janvier 2026.<\/p>\n<p>Lors de la s\u00e9ance d\u2019ouverture de la r\u00e9union des experts, Mohamed Tarek Bchir, directeur du Tr\u00e9sor et des Finances ext\u00e9rieures par int\u00e9rim, a soulign\u00e9 l\u2019importance strat\u00e9gique du partenariat du Maroc avec les pays africains. Il a \u00e9galement insist\u00e9 sur le r\u00f4le d\u00e9terminant de l\u2019innovation et des technologies dans l\u2019acc\u00e9l\u00e9ration de la transformation \u00e9conomique et la cr\u00e9ation d\u2019emplois durables sur le continent.<\/p>\n<p>En marge de la c\u00e9r\u00e9monie d\u2019ouverture, un timbre comm\u00e9moratif a \u00e9t\u00e9 \u00e9mis par Barid Al-Maghrib pour c\u00e9l\u00e9brer les relations solides entre le Maroc et la Commission \u00e9conomique pour l\u2019Afrique. Les travaux de cette 58\u1d49 session se poursuivront avec la r\u00e9union minist\u00e9rielle pr\u00e9vue d\u00e9but avril, ainsi que plusieurs \u00e9v\u00e9nements parall\u00e8les consacr\u00e9s aux d\u00e9fis \u00e9conomiques actuels de l\u2019Afrique et aux solutions \u00e0 y apporter.<\/p>\n","protected":false},"excerpt":{"rendered":"<p>&nbsp; La ville de Tanger abrite, du 28 mars au 3 avril 2026, les travaux de la 58\u1d49 session de la Conf\u00e9rence des ministres africains des Finances, de la Planification et du D\u00e9veloppement \u00e9conomique, organis\u00e9e par la Commission \u00e9conomique des Nations unies pour l\u2019Afrique (CEA). Cet \u00e9v\u00e9nement d\u2019envergure continentale se tient au Palais des Arts [&hellip;]<\/p>\n","protected":false},"author":1,"featured_media":6269,"comment_status":"open","ping_status":"open","sticky":false,"template":"","format":"standard","meta":{"_bbp_topic_count":0,"_bbp_reply_count":0,"_bbp_total_topic_count":0,"_bbp_total_reply_count":0,"_bbp_voice_count":0,"_bbp_anonymous_reply_count":0,"_bbp_topic_count_hidden":0,"_bbp_reply_count_hidden":0,"_bbp_forum_subforum_count":0,"_jetpack_memberships_contains_paid_content":false,"footnotes":""},"categories":[6,26],"tags":[],"class_list":["post-6268","post","type-post","status-publish","format-standard","has-post-thumbnail","hentry","category-economie","category-region"],"yoast_head":"<!-- This site is optimized with the Yoast SEO plugin v24.9 - https:\/\/yoast.com\/wordpress\/plugins\/seo\/ -->\n<title>Tanger accueille une grande conf\u00e9rence africaine sur l\u2019innovation et la transformation \u00e9conomique - 365YAWM fran\u00e7ais<\/title>\n<meta name=\"robots\" content=\"index, follow, max-snippet:-1, max-image-preview:large, max-video-preview:-1\" \/>\n<link rel=\"canonical\" href=\"https:\/\/fr.365yawm.ma\/index.php\/2026\/03\/28\/tanger-accueille-une-grande-conference-africaine-sur-linnovation-et-la-transformation-economique\/\" \/>\n<meta property=\"og:locale\" content=\"fr_FR\" \/>\n<meta property=\"og:type\" content=\"article\" \/>\n<meta property=\"og:title\" content=\"Tanger accueille une grande conf\u00e9rence africaine sur l\u2019innovation et la transformation \u00e9conomique - 365YAWM fran\u00e7ais\" \/>\n<meta property=\"og:description\" content=\"&nbsp; La ville de Tanger abrite, du 28 mars au 3 avril 2026, les travaux de la 58\u1d49 session de la Conf\u00e9rence des ministres africains des Finances, de la Planification et du D\u00e9veloppement \u00e9conomique, organis\u00e9e par la Commission \u00e9conomique des Nations unies pour l\u2019Afrique (CEA). Cet \u00e9v\u00e9nement d\u2019envergure continentale se tient au Palais des Arts [&hellip;]\" \/>\n<meta property=\"og:url\" content=\"https:\/\/fr.365yawm.ma\/index.php\/2026\/03\/28\/tanger-accueille-une-grande-conference-africaine-sur-linnovation-et-la-transformation-economique\/\" \/>\n<meta property=\"og:site_name\" content=\"365YAWM fran\u00e7ais\" \/>\n<meta property=\"article:published_time\" content=\"2026-03-28T19:08:27+00:00\" \/>\n<meta property=\"og:image\" content=\"https:\/\/fr.365yawm.ma\/wp-content\/uploads\/2026\/03\/IMG_1708.jpeg\" \/>\n\t<meta property=\"og:image:width\" content=\"703\" \/>\n\t<meta property=\"og:image:height\" content=\"424\" \/>\n\t<meta property=\"og:image:type\" content=\"image\/jpeg\" \/>\n<meta name=\"author\" content=\"fra365yawm\" \/>\n<meta name=\"twitter:card\" content=\"summary_large_image\" \/>\n<meta name=\"twitter:label1\" content=\"\u00c9crit par\" \/>\n\t<meta name=\"twitter:data1\" content=\"fra365yawm\" \/>\n\t<meta name=\"twitter:label2\" content=\"Dur\u00e9e de lecture estim\u00e9e\" \/>\n\t<meta name=\"twitter:data2\" content=\"2 minutes\" \/>\n<script type=\"application\/ld+json\" class=\"yoast-schema-graph\">{\"@context\":\"https:\/\/schema.org\",\"@graph\":[{\"@type\":\"Article\",\"@id\":\"https:\/\/fr.365yawm.ma\/index.php\/2026\/03\/28\/tanger-accueille-une-grande-conference-africaine-sur-linnovation-et-la-transformation-economique\/#article\",\"isPartOf\":{\"@id\":\"https:\/\/fr.365yawm.ma\/index.php\/2026\/03\/28\/tanger-accueille-une-grande-conference-africaine-sur-linnovation-et-la-transformation-economique\/\"},\"author\":{\"name\":\"fra365yawm\",\"@id\":\"https:\/\/fr.365yawm.ma\/#\/schema\/person\/3ae7f285880cb2045c5b6a6925408e72\"},\"headline\":\"Tanger accueille une grande conf\u00e9rence africaine sur l\u2019innovation et la transformation \u00e9conomique\",\"datePublished\":\"2026-03-28T19:08:27+00:00\",\"mainEntityOfPage\":{\"@id\":\"https:\/\/fr.365yawm.ma\/index.php\/2026\/03\/28\/tanger-accueille-une-grande-conference-africaine-sur-linnovation-et-la-transformation-economique\/\"},\"wordCount\":366,\"commentCount\":0,\"publisher\":{\"@id\":\"https:\/\/fr.365yawm.ma\/#organization\"},\"image\":{\"@id\":\"https:\/\/fr.365yawm.ma\/index.php\/2026\/03\/28\/tanger-accueille-une-grande-conference-africaine-sur-linnovation-et-la-transformation-economique\/#primaryimage\"},\"thumbnailUrl\":\"https:\/\/fr.365yawm.ma\/wp-content\/uploads\/2026\/03\/IMG_1708.jpeg\",\"articleSection\":[\"Economie\",\"R\u00e9gion\"],\"inLanguage\":\"fr-FR\",\"potentialAction\":[{\"@type\":\"CommentAction\",\"name\":\"Comment\",\"target\":[\"https:\/\/fr.365yawm.ma\/index.php\/2026\/03\/28\/tanger-accueille-une-grande-conference-africaine-sur-linnovation-et-la-transformation-economique\/#respond\"]}]},{\"@type\":\"WebPage\",\"@id\":\"https:\/\/fr.365yawm.ma\/index.php\/2026\/03\/28\/tanger-accueille-une-grande-conference-africaine-sur-linnovation-et-la-transformation-economique\/\",\"url\":\"https:\/\/fr.365yawm.ma\/index.php\/2026\/03\/28\/tanger-accueille-une-grande-conference-africaine-sur-linnovation-et-la-transformation-economique\/\",\"name\":\"Tanger accueille une grande conf\u00e9rence africaine sur l\u2019innovation et la transformation \u00e9conomique - 365YAWM fran\u00e7ais\",\"isPartOf\":{\"@id\":\"https:\/\/fr.365yawm.ma\/#website\"},\"primaryImageOfPage\":{\"@id\":\"https:\/\/fr.365yawm.ma\/index.php\/2026\/03\/28\/tanger-accueille-une-grande-conference-africaine-sur-linnovation-et-la-transformation-economique\/#primaryimage\"},\"image\":{\"@id\":\"https:\/\/fr.365yawm.ma\/index.php\/2026\/03\/28\/tanger-accueille-une-grande-conference-africaine-sur-linnovation-et-la-transformation-economique\/#primaryimage\"},\"thumbnailUrl\":\"https:\/\/fr.365yawm.ma\/wp-content\/uploads\/2026\/03\/IMG_1708.jpeg\",\"datePublished\":\"2026-03-28T19:08:27+00:00\",\"breadcrumb\":{\"@id\":\"https:\/\/fr.365yawm.ma\/index.php\/2026\/03\/28\/tanger-accueille-une-grande-conference-africaine-sur-linnovation-et-la-transformation-economique\/#breadcrumb\"},\"inLanguage\":\"fr-FR\",\"potentialAction\":[{\"@type\":\"ReadAction\",\"target\":[\"https:\/\/fr.365yawm.ma\/index.php\/2026\/03\/28\/tanger-accueille-une-grande-conference-africaine-sur-linnovation-et-la-transformation-economique\/\"]}]},{\"@type\":\"ImageObject\",\"inLanguage\":\"fr-FR\",\"@id\":\"https:\/\/fr.365yawm.ma\/index.php\/2026\/03\/28\/tanger-accueille-une-grande-conference-africaine-sur-linnovation-et-la-transformation-economique\/#primaryimage\",\"url\":\"https:\/\/fr.365yawm.ma\/wp-content\/uploads\/2026\/03\/IMG_1708.jpeg\",\"contentUrl\":\"https:\/\/fr.365yawm.ma\/wp-content\/uploads\/2026\/03\/IMG_1708.jpeg\",\"width\":703,\"height\":424,\"caption\":\"Screenshot\"},{\"@type\":\"BreadcrumbList\",\"@id\":\"https:\/\/fr.365yawm.ma\/index.php\/2026\/03\/28\/tanger-accueille-une-grande-conference-africaine-sur-linnovation-et-la-transformation-economique\/#breadcrumb\",\"itemListElement\":[{\"@type\":\"ListItem\",\"position\":1,\"name\":\"Accueil\",\"item\":\"https:\/\/fr.365yawm.ma\/\"},{\"@type\":\"ListItem\",\"position\":2,\"name\":\"Tanger accueille une grande conf\u00e9rence africaine sur l\u2019innovation et la transformation \u00e9conomique\"}]},{\"@type\":\"WebSite\",\"@id\":\"https:\/\/fr.365yawm.ma\/#website\",\"url\":\"https:\/\/fr.365yawm.ma\/\",\"name\":\"365YAWM fran\u00e7ais\",\"description\":\"\",\"publisher\":{\"@id\":\"https:\/\/fr.365yawm.ma\/#organization\"},\"potentialAction\":[{\"@type\":\"SearchAction\",\"target\":{\"@type\":\"EntryPoint\",\"urlTemplate\":\"https:\/\/fr.365yawm.ma\/?s={search_term_string}\"},\"query-input\":{\"@type\":\"PropertyValueSpecification\",\"valueRequired\":true,\"valueName\":\"search_term_string\"}}],\"inLanguage\":\"fr-FR\"},{\"@type\":\"Organization\",\"@id\":\"https:\/\/fr.365yawm.ma\/#organization\",\"name\":\"365 yawm\",\"url\":\"https:\/\/fr.365yawm.ma\/\",\"logo\":{\"@type\":\"ImageObject\",\"inLanguage\":\"fr-FR\",\"@id\":\"https:\/\/fr.365yawm.ma\/#\/schema\/logo\/image\/\",\"url\":\"https:\/\/fr.365yawm.ma\/wp-content\/uploads\/2020\/04\/icon.png\",\"contentUrl\":\"https:\/\/fr.365yawm.ma\/wp-content\/uploads\/2020\/04\/icon.png\",\"width\":512,\"height\":512,\"caption\":\"365 yawm\"},\"image\":{\"@id\":\"https:\/\/fr.365yawm.ma\/#\/schema\/logo\/image\/\"}},{\"@type\":\"Person\",\"@id\":\"https:\/\/fr.365yawm.ma\/#\/schema\/person\/3ae7f285880cb2045c5b6a6925408e72\",\"name\":\"fra365yawm\",\"image\":{\"@type\":\"ImageObject\",\"inLanguage\":\"fr-FR\",\"@id\":\"https:\/\/fr.365yawm.ma\/#\/schema\/person\/image\/\",\"url\":\"https:\/\/secure.gravatar.com\/avatar\/825cebdd359775298a5648431701cf17d00fd4fbec76f488ebc15fbeb220aa3a?s=96&d=mm&r=g\",\"contentUrl\":\"https:\/\/secure.gravatar.com\/avatar\/825cebdd359775298a5648431701cf17d00fd4fbec76f488ebc15fbeb220aa3a?s=96&d=mm&r=g\",\"caption\":\"fra365yawm\"},\"sameAs\":[\"https:\/\/fr.365yawm.ma\"]}]}<\/script>\n<!-- \/ Yoast SEO plugin. -->","yoast_head_json":{"title":"Tanger accueille une grande conf\u00e9rence africaine sur l\u2019innovation et la transformation \u00e9conomique - 365YAWM fran\u00e7ais","robots":{"index":"index","follow":"follow","max-snippet":"max-snippet:-1","max-image-preview":"max-image-preview:large","max-video-preview":"max-video-preview:-1"},"canonical":"https:\/\/fr.365yawm.ma\/index.php\/2026\/03\/28\/tanger-accueille-une-grande-conference-africaine-sur-linnovation-et-la-transformation-economique\/","og_locale":"fr_FR","og_type":"article","og_title":"Tanger accueille une grande conf\u00e9rence africaine sur l\u2019innovation et la transformation \u00e9conomique - 365YAWM fran\u00e7ais","og_description":"&nbsp; La ville de Tanger abrite, du 28 mars au 3 avril 2026, les travaux de la 58\u1d49 session de la Conf\u00e9rence des ministres africains des Finances, de la Planification et du D\u00e9veloppement \u00e9conomique, organis\u00e9e par la Commission \u00e9conomique des Nations unies pour l\u2019Afrique (CEA). Cet \u00e9v\u00e9nement d\u2019envergure continentale se tient au Palais des Arts [&hellip;]","og_url":"https:\/\/fr.365yawm.ma\/index.php\/2026\/03\/28\/tanger-accueille-une-grande-conference-africaine-sur-linnovation-et-la-transformation-economique\/","og_site_name":"365YAWM fran\u00e7ais","article_published_time":"2026-03-28T19:08:27+00:00","og_image":[{"width":703,"height":424,"url":"https:\/\/fr.365yawm.ma\/wp-content\/uploads\/2026\/03\/IMG_1708.jpeg","type":"image\/jpeg"}],"author":"fra365yawm","twitter_card":"summary_large_image","twitter_misc":{"\u00c9crit par":"fra365yawm","Dur\u00e9e de lecture estim\u00e9e":"2 minutes"},"schema":{"@context":"https:\/\/schema.org","@graph":[{"@type":"Article","@id":"https:\/\/fr.365yawm.ma\/index.php\/2026\/03\/28\/tanger-accueille-une-grande-conference-africaine-sur-linnovation-et-la-transformation-economique\/#article","isPartOf":{"@id":"https:\/\/fr.365yawm.ma\/index.php\/2026\/03\/28\/tanger-accueille-une-grande-conference-africaine-sur-linnovation-et-la-transformation-economique\/"},"author":{"name":"fra365yawm","@id":"https:\/\/fr.365yawm.ma\/#\/schema\/person\/3ae7f285880cb2045c5b6a6925408e72"},"headline":"Tanger accueille une grande conf\u00e9rence africaine sur l\u2019innovation et la transformation \u00e9conomique","datePublished":"2026-03-28T19:08:27+00:00","mainEntityOfPage":{"@id":"https:\/\/fr.365yawm.ma\/index.php\/2026\/03\/28\/tanger-accueille-une-grande-conference-africaine-sur-linnovation-et-la-transformation-economique\/"},"wordCount":366,"commentCount":0,"publisher":{"@id":"https:\/\/fr.365yawm.ma\/#organization"},"image":{"@id":"https:\/\/fr.365yawm.ma\/index.php\/2026\/03\/28\/tanger-accueille-une-grande-conference-africaine-sur-linnovation-et-la-transformation-economique\/#primaryimage"},"thumbnailUrl":"https:\/\/fr.365yawm.ma\/wp-content\/uploads\/2026\/03\/IMG_1708.jpeg","articleSection":["Economie","R\u00e9gion"],"inLanguage":"fr-FR","potentialAction":[{"@type":"CommentAction","name":"Comment","target":["https:\/\/fr.365yawm.ma\/index.php\/2026\/03\/28\/tanger-accueille-une-grande-conference-africaine-sur-linnovation-et-la-transformation-economique\/#respond"]}]},{"@type":"WebPage","@id":"https:\/\/fr.365yawm.ma\/index.php\/2026\/03\/28\/tanger-accueille-une-grande-conference-africaine-sur-linnovation-et-la-transformation-economique\/","url":"https:\/\/fr.365yawm.ma\/index.php\/2026\/03\/28\/tanger-accueille-une-grande-conference-africaine-sur-linnovation-et-la-transformation-economique\/","name":"Tanger accueille une grande conf\u00e9rence africaine sur l\u2019innovation et la transformation \u00e9conomique - 365YAWM fran\u00e7ais","isPartOf":{"@id":"https:\/\/fr.365yawm.ma\/#website"},"primaryImageOfPage":{"@id":"https:\/\/fr.365yawm.ma\/index.php\/2026\/03\/28\/tanger-accueille-une-grande-conference-africaine-sur-linnovation-et-la-transformation-economique\/#primaryimage"},"image":{"@id":"https:\/\/fr.365yawm.ma\/index.php\/2026\/03\/28\/tanger-accueille-une-grande-conference-africaine-sur-linnovation-et-la-transformation-economique\/#primaryimage"},"thumbnailUrl":"https:\/\/fr.365yawm.ma\/wp-content\/uploads\/2026\/03\/IMG_1708.jpeg","datePublished":"2026-03-28T19:08:27+00:00","breadcrumb":{"@id":"https:\/\/fr.365yawm.ma\/index.php\/2026\/03\/28\/tanger-accueille-une-grande-conference-africaine-sur-linnovation-et-la-transformation-economique\/#breadcrumb"},"inLanguage":"fr-FR","potentialAction":[{"@type":"ReadAction","target":["https:\/\/fr.365yawm.ma\/index.php\/2026\/03\/28\/tanger-accueille-une-grande-conference-africaine-sur-linnovation-et-la-transformation-economique\/"]}]},{"@type":"ImageObject","inLanguage":"fr-FR","@id":"https:\/\/fr.365yawm.ma\/index.php\/2026\/03\/28\/tanger-accueille-une-grande-conference-africaine-sur-linnovation-et-la-transformation-economique\/#primaryimage","url":"https:\/\/fr.365yawm.ma\/wp-content\/uploads\/2026\/03\/IMG_1708.jpeg","contentUrl":"https:\/\/fr.365yawm.ma\/wp-content\/uploads\/2026\/03\/IMG_1708.jpeg","width":703,"height":424,"caption":"Screenshot"},{"@type":"BreadcrumbList","@id":"https:\/\/fr.365yawm.ma\/index.php\/2026\/03\/28\/tanger-accueille-une-grande-conference-africaine-sur-linnovation-et-la-transformation-economique\/#breadcrumb","itemListElement":[{"@type":"ListItem","position":1,"name":"Accueil","item":"https:\/\/fr.365yawm.ma\/"},{"@type":"ListItem","position":2,"name":"Tanger accueille une grande conf\u00e9rence africaine sur l\u2019innovation et la transformation \u00e9conomique"}]},{"@type":"WebSite","@id":"https:\/\/fr.365yawm.ma\/#website","url":"https:\/\/fr.365yawm.ma\/","name":"365YAWM fran\u00e7ais","description":"","publisher":{"@id":"https:\/\/fr.365yawm.ma\/#organization"},"potentialAction":[{"@type":"SearchAction","target":{"@type":"EntryPoint","urlTemplate":"https:\/\/fr.365yawm.ma\/?s={search_term_string}"},"query-input":{"@type":"PropertyValueSpecification","valueRequired":true,"valueName":"search_term_string"}}],"inLanguage":"fr-FR"},{"@type":"Organization","@id":"https:\/\/fr.365yawm.ma\/#organization","name":"365 yawm","url":"https:\/\/fr.365yawm.ma\/","logo":{"@type":"ImageObject","inLanguage":"fr-FR","@id":"https:\/\/fr.365yawm.ma\/#\/schema\/logo\/image\/","url":"https:\/\/fr.365yawm.ma\/wp-content\/uploads\/2020\/04\/icon.png","contentUrl":"https:\/\/fr.365yawm.ma\/wp-content\/uploads\/2020\/04\/icon.png","width":512,"height":512,"caption":"365 yawm"},"image":{"@id":"https:\/\/fr.365yawm.ma\/#\/schema\/logo\/image\/"}},{"@type":"Person","@id":"https:\/\/fr.365yawm.ma\/#\/schema\/person\/3ae7f285880cb2045c5b6a6925408e72","name":"fra365yawm","image":{"@type":"ImageObject","inLanguage":"fr-FR","@id":"https:\/\/fr.365yawm.ma\/#\/schema\/person\/image\/","url":"https:\/\/secure.gravatar.com\/avatar\/825cebdd359775298a5648431701cf17d00fd4fbec76f488ebc15fbeb220aa3a?s=96&d=mm&r=g","contentUrl":"https:\/\/secure.gravatar.com\/avatar\/825cebdd359775298a5648431701cf17d00fd4fbec76f488ebc15fbeb220aa3a?s=96&d=mm&r=g","caption":"fra365yawm"},"sameAs":["https:\/\/fr.365yawm.ma"]}]}},"jetpack_featured_media_url":"https:\/\/fr.365yawm.ma\/wp-content\/uploads\/2026\/03\/IMG_1708.jpeg","jetpack_sharing_enabled":true,"_links":{"self":[{"href":"https:\/\/fr.365yawm.ma\/index.php\/wp-json\/wp\/v2\/posts\/6268","targetHints":{"allow":["GET"]}}],"collection":[{"href":"https:\/\/fr.365yawm.ma\/index.php\/wp-json\/wp\/v2\/posts"}],"about":[{"href":"https:\/\/fr.365yawm.ma\/index.php\/wp-json\/wp\/v2\/types\/post"}],"author":[{"embeddable":true,"href":"https:\/\/fr.365yawm.ma\/index.php\/wp-json\/wp\/v2\/users\/1"}],"replies":[{"embeddable":true,"href":"https:\/\/fr.365yawm.ma\/index.php\/wp-json\/wp\/v2\/comments?post=6268"}],"version-history":[{"count":1,"href":"https:\/\/fr.365yawm.ma\/index.php\/wp-json\/wp\/v2\/posts\/6268\/revisions"}],"predecessor-version":[{"id":6270,"href":"https:\/\/fr.365yawm.ma\/index.php\/wp-json\/wp\/v2\/posts\/6268\/revisions\/6270"}],"wp:featuredmedia":[{"embeddable":true,"href":"https:\/\/fr.365yawm.ma\/index.php\/wp-json\/wp\/v2\/media\/6269"}],"wp:attachment":[{"href":"https:\/\/fr.365yawm.ma\/index.php\/wp-json\/wp\/v2\/media?parent=6268"}],"wp:term":[{"taxonomy":"category","embeddable":true,"href":"https:\/\/fr.365yawm.ma\/index.php\/wp-json\/wp\/v2\/categories?post=6268"},{"taxonomy":"post_tag","embeddable":true,"href":"https:\/\/fr.365yawm.ma\/index.php\/wp-json\/wp\/v2\/tags?post=6268"}],"curies":[{"name":"wp","href":"https:\/\/api.w.org\/{rel}","templated":true}]}}