{"id":6255,"date":"2026-03-28T16:56:06","date_gmt":"2026-03-28T15:56:06","guid":{"rendered":"https:\/\/fr.365yawm.ma\/?p=6255"},"modified":"2026-03-28T16:56:06","modified_gmt":"2026-03-28T15:56:06","slug":"tanger-accueille-les-experts-africains-pour-preparer-une-transformation-economique-portee-par-linnovation","status":"publish","type":"post","link":"https:\/\/fr.365yawm.ma\/index.php\/2026\/03\/28\/tanger-accueille-les-experts-africains-pour-preparer-une-transformation-economique-portee-par-linnovation\/","title":{"rendered":"Tanger accueille les experts africains pour pr\u00e9parer une transformation \u00e9conomique port\u00e9e par l\u2019innovation"},"content":{"rendered":"<p>La r\u00e9union du Comit\u00e9 d\u2019experts de la Conf\u00e9rence des ministres africains des finances, de la planification et du d\u00e9veloppement \u00e9conomique s\u2019est ouverte ce samedi 28 mars 2026 \u00e0 Tanger, marquant le coup d\u2019envoi des travaux pr\u00e9paratoires au segment minist\u00e9riel consacr\u00e9 \u00e0 la relance de la croissance \u00e0 travers l\u2019innovation, les donn\u00e9es et les technologies de pointe.<\/p>\n<p>Organis\u00e9e au Palais des Arts et de la Culture de Tanger, cette rencontre r\u00e9unit, durant trois jours, de hauts responsables venus de l\u2019ensemble du continent. Ces derniers examineront les \u00e9volutions \u00e9conomiques et sociales r\u00e9centes en Afrique, \u00e9valueront les avanc\u00e9es en mati\u00e8re d\u2019int\u00e9gration r\u00e9gionale et analyseront le th\u00e8me central de cette \u00e9dition : \u00ab Croissance par l\u2019innovation : exploiter les donn\u00e9es et les technologies de pointe pour la transformation \u00e9conomique de l\u2019Afrique \u00bb.<\/p>\n<p>Les experts auront \u00e9galement \u00e0 se pencher sur un ensemble de rapports statutaires, notamment celui du Secr\u00e9taire ex\u00e9cutif de la Commission \u00e9conomique pour l\u2019Afrique, le suivi des pr\u00e9c\u00e9dentes r\u00e9solutions minist\u00e9rielles, l\u2019appui des Nations Unies \u00e0 l\u2019Union africaine et \u00e0 l\u2019AUDA-NEPAD, ainsi que les conclusions du Forum r\u00e9gional africain pour le d\u00e9veloppement durable. Les travaux porteront aussi sur les activit\u00e9s des organes subsidiaires et intergouvernementaux de la Commission, ainsi que sur les progr\u00e8s r\u00e9alis\u00e9s dans le cadre du Programme d\u2019action de Doha pour les pays les moins avanc\u00e9s et du Programme d\u2019action d\u2019Awaza en faveur des pays en d\u00e9veloppement sans littoral.<\/p>\n<p>est de formuler des recommandations politiques fond\u00e9es sur des donn\u00e9es probantes, qui orienteront les travaux du segment minist\u00e9riel de la 58\u1d49 session de la Commission. \u00c0 cette occasion, les ministres africains adopteront des d\u00e9cisions concr\u00e8tes visant \u00e0 tirer parti des donn\u00e9es et des technologies de pointe pour acc\u00e9l\u00e9rer la transformation structurelle, favoriser la cr\u00e9ation d\u2019emplois et promouvoir une croissance inclusive.<\/p>\n<p>La c\u00e9r\u00e9monie d\u2019ouverture s\u2019est conclue par le lancement d\u2019un timbre postal comm\u00e9moratif \u00e9mis par Poste Maroc, en hommage \u00e0 la coop\u00e9ration fructueuse entre la Commission \u00e9conomique pour l\u2019Afrique et le Royaume du Maroc, rappelant \u00e9galement la premi\u00e8re tenue de cette conf\u00e9rence \u00e0 Tanger en janvier 1960.<\/p>\n","protected":false},"excerpt":{"rendered":"<p>La r\u00e9union du Comit\u00e9 d\u2019experts de la Conf\u00e9rence des ministres africains des finances, de la planification et du d\u00e9veloppement \u00e9conomique s\u2019est ouverte ce samedi 28 mars 2026 \u00e0 Tanger, marquant le coup d\u2019envoi des travaux pr\u00e9paratoires au segment minist\u00e9riel consacr\u00e9 \u00e0 la relance de la croissance \u00e0 travers l\u2019innovation, les donn\u00e9es et les technologies de [&hellip;]<\/p>\n","protected":false},"author":1,"featured_media":6257,"comment_status":"open","ping_status":"open","sticky":false,"template":"","format":"standard","meta":{"_bbp_topic_count":0,"_bbp_reply_count":0,"_bbp_total_topic_count":0,"_bbp_total_reply_count":0,"_bbp_voice_count":0,"_bbp_anonymous_reply_count":0,"_bbp_topic_count_hidden":0,"_bbp_reply_count_hidden":0,"_bbp_forum_subforum_count":0,"_jetpack_memberships_contains_paid_content":false,"footnotes":""},"categories":[6,26,30],"tags":[],"class_list":["post-6255","post","type-post","status-publish","format-standard","has-post-thumbnail","hentry","category-economie","category-region","category-societe"],"yoast_head":"<!-- This site is optimized with the Yoast SEO plugin v24.9 - https:\/\/yoast.com\/wordpress\/plugins\/seo\/ -->\n<title>Tanger accueille les experts africains pour pr\u00e9parer une transformation \u00e9conomique port\u00e9e par l\u2019innovation - 365YAWM fran\u00e7ais<\/title>\n<meta name=\"robots\" content=\"index, follow, max-snippet:-1, max-image-preview:large, max-video-preview:-1\" \/>\n<link rel=\"canonical\" href=\"https:\/\/fr.365yawm.ma\/index.php\/2026\/03\/28\/tanger-accueille-les-experts-africains-pour-preparer-une-transformation-economique-portee-par-linnovation\/\" \/>\n<meta property=\"og:locale\" content=\"fr_FR\" \/>\n<meta property=\"og:type\" content=\"article\" \/>\n<meta property=\"og:title\" content=\"Tanger accueille les experts africains pour pr\u00e9parer une transformation \u00e9conomique port\u00e9e par l\u2019innovation - 365YAWM fran\u00e7ais\" \/>\n<meta property=\"og:description\" content=\"La r\u00e9union du Comit\u00e9 d\u2019experts de la Conf\u00e9rence des ministres africains des finances, de la planification et du d\u00e9veloppement \u00e9conomique s\u2019est ouverte ce samedi 28 mars 2026 \u00e0 Tanger, marquant le coup d\u2019envoi des travaux pr\u00e9paratoires au segment minist\u00e9riel consacr\u00e9 \u00e0 la relance de la croissance \u00e0 travers l\u2019innovation, les donn\u00e9es et les technologies de [&hellip;]\" \/>\n<meta property=\"og:url\" content=\"https:\/\/fr.365yawm.ma\/index.php\/2026\/03\/28\/tanger-accueille-les-experts-africains-pour-preparer-une-transformation-economique-portee-par-linnovation\/\" \/>\n<meta property=\"og:site_name\" content=\"365YAWM fran\u00e7ais\" \/>\n<meta property=\"article:published_time\" content=\"2026-03-28T15:56:06+00:00\" \/>\n<meta property=\"og:image\" content=\"https:\/\/fr.365yawm.ma\/wp-content\/uploads\/2026\/03\/IMG_1694.jpeg\" \/>\n\t<meta property=\"og:image:width\" content=\"600\" \/>\n\t<meta property=\"og:image:height\" content=\"369\" \/>\n\t<meta property=\"og:image:type\" content=\"image\/jpeg\" \/>\n<meta name=\"author\" content=\"fra365yawm\" \/>\n<meta name=\"twitter:card\" content=\"summary_large_image\" \/>\n<meta name=\"twitter:label1\" content=\"\u00c9crit par\" \/>\n\t<meta name=\"twitter:data1\" content=\"fra365yawm\" \/>\n\t<meta name=\"twitter:label2\" content=\"Dur\u00e9e de lecture estim\u00e9e\" \/>\n\t<meta name=\"twitter:data2\" content=\"2 minutes\" \/>\n<script type=\"application\/ld+json\" class=\"yoast-schema-graph\">{\"@context\":\"https:\/\/schema.org\",\"@graph\":[{\"@type\":\"Article\",\"@id\":\"https:\/\/fr.365yawm.ma\/index.php\/2026\/03\/28\/tanger-accueille-les-experts-africains-pour-preparer-une-transformation-economique-portee-par-linnovation\/#article\",\"isPartOf\":{\"@id\":\"https:\/\/fr.365yawm.ma\/index.php\/2026\/03\/28\/tanger-accueille-les-experts-africains-pour-preparer-une-transformation-economique-portee-par-linnovation\/\"},\"author\":{\"name\":\"fra365yawm\",\"@id\":\"https:\/\/fr.365yawm.ma\/#\/schema\/person\/3ae7f285880cb2045c5b6a6925408e72\"},\"headline\":\"Tanger accueille les experts africains pour pr\u00e9parer une transformation \u00e9conomique port\u00e9e par l\u2019innovation\",\"datePublished\":\"2026-03-28T15:56:06+00:00\",\"mainEntityOfPage\":{\"@id\":\"https:\/\/fr.365yawm.ma\/index.php\/2026\/03\/28\/tanger-accueille-les-experts-africains-pour-preparer-une-transformation-economique-portee-par-linnovation\/\"},\"wordCount\":396,\"commentCount\":0,\"publisher\":{\"@id\":\"https:\/\/fr.365yawm.ma\/#organization\"},\"image\":{\"@id\":\"https:\/\/fr.365yawm.ma\/index.php\/2026\/03\/28\/tanger-accueille-les-experts-africains-pour-preparer-une-transformation-economique-portee-par-linnovation\/#primaryimage\"},\"thumbnailUrl\":\"https:\/\/fr.365yawm.ma\/wp-content\/uploads\/2026\/03\/IMG_1694.jpeg\",\"articleSection\":[\"Economie\",\"R\u00e9gion\",\"Soci\u00e9t\u00e9\"],\"inLanguage\":\"fr-FR\",\"potentialAction\":[{\"@type\":\"CommentAction\",\"name\":\"Comment\",\"target\":[\"https:\/\/fr.365yawm.ma\/index.php\/2026\/03\/28\/tanger-accueille-les-experts-africains-pour-preparer-une-transformation-economique-portee-par-linnovation\/#respond\"]}]},{\"@type\":\"WebPage\",\"@id\":\"https:\/\/fr.365yawm.ma\/index.php\/2026\/03\/28\/tanger-accueille-les-experts-africains-pour-preparer-une-transformation-economique-portee-par-linnovation\/\",\"url\":\"https:\/\/fr.365yawm.ma\/index.php\/2026\/03\/28\/tanger-accueille-les-experts-africains-pour-preparer-une-transformation-economique-portee-par-linnovation\/\",\"name\":\"Tanger accueille les experts africains pour pr\u00e9parer une transformation \u00e9conomique port\u00e9e par l\u2019innovation - 365YAWM fran\u00e7ais\",\"isPartOf\":{\"@id\":\"https:\/\/fr.365yawm.ma\/#website\"},\"primaryImageOfPage\":{\"@id\":\"https:\/\/fr.365yawm.ma\/index.php\/2026\/03\/28\/tanger-accueille-les-experts-africains-pour-preparer-une-transformation-economique-portee-par-linnovation\/#primaryimage\"},\"image\":{\"@id\":\"https:\/\/fr.365yawm.ma\/index.php\/2026\/03\/28\/tanger-accueille-les-experts-africains-pour-preparer-une-transformation-economique-portee-par-linnovation\/#primaryimage\"},\"thumbnailUrl\":\"https:\/\/fr.365yawm.ma\/wp-content\/uploads\/2026\/03\/IMG_1694.jpeg\",\"datePublished\":\"2026-03-28T15:56:06+00:00\",\"breadcrumb\":{\"@id\":\"https:\/\/fr.365yawm.ma\/index.php\/2026\/03\/28\/tanger-accueille-les-experts-africains-pour-preparer-une-transformation-economique-portee-par-linnovation\/#breadcrumb\"},\"inLanguage\":\"fr-FR\",\"potentialAction\":[{\"@type\":\"ReadAction\",\"target\":[\"https:\/\/fr.365yawm.ma\/index.php\/2026\/03\/28\/tanger-accueille-les-experts-africains-pour-preparer-une-transformation-economique-portee-par-linnovation\/\"]}]},{\"@type\":\"ImageObject\",\"inLanguage\":\"fr-FR\",\"@id\":\"https:\/\/fr.365yawm.ma\/index.php\/2026\/03\/28\/tanger-accueille-les-experts-africains-pour-preparer-une-transformation-economique-portee-par-linnovation\/#primaryimage\",\"url\":\"https:\/\/fr.365yawm.ma\/wp-content\/uploads\/2026\/03\/IMG_1694.jpeg\",\"contentUrl\":\"https:\/\/fr.365yawm.ma\/wp-content\/uploads\/2026\/03\/IMG_1694.jpeg\",\"width\":600,\"height\":369},{\"@type\":\"BreadcrumbList\",\"@id\":\"https:\/\/fr.365yawm.ma\/index.php\/2026\/03\/28\/tanger-accueille-les-experts-africains-pour-preparer-une-transformation-economique-portee-par-linnovation\/#breadcrumb\",\"itemListElement\":[{\"@type\":\"ListItem\",\"position\":1,\"name\":\"Accueil\",\"item\":\"https:\/\/fr.365yawm.ma\/\"},{\"@type\":\"ListItem\",\"position\":2,\"name\":\"Tanger accueille les experts africains pour pr\u00e9parer une transformation \u00e9conomique port\u00e9e par l\u2019innovation\"}]},{\"@type\":\"WebSite\",\"@id\":\"https:\/\/fr.365yawm.ma\/#website\",\"url\":\"https:\/\/fr.365yawm.ma\/\",\"name\":\"365YAWM fran\u00e7ais\",\"description\":\"\",\"publisher\":{\"@id\":\"https:\/\/fr.365yawm.ma\/#organization\"},\"potentialAction\":[{\"@type\":\"SearchAction\",\"target\":{\"@type\":\"EntryPoint\",\"urlTemplate\":\"https:\/\/fr.365yawm.ma\/?s={search_term_string}\"},\"query-input\":{\"@type\":\"PropertyValueSpecification\",\"valueRequired\":true,\"valueName\":\"search_term_string\"}}],\"inLanguage\":\"fr-FR\"},{\"@type\":\"Organization\",\"@id\":\"https:\/\/fr.365yawm.ma\/#organization\",\"name\":\"365 yawm\",\"url\":\"https:\/\/fr.365yawm.ma\/\",\"logo\":{\"@type\":\"ImageObject\",\"inLanguage\":\"fr-FR\",\"@id\":\"https:\/\/fr.365yawm.ma\/#\/schema\/logo\/image\/\",\"url\":\"https:\/\/fr.365yawm.ma\/wp-content\/uploads\/2020\/04\/icon.png\",\"contentUrl\":\"https:\/\/fr.365yawm.ma\/wp-content\/uploads\/2020\/04\/icon.png\",\"width\":512,\"height\":512,\"caption\":\"365 yawm\"},\"image\":{\"@id\":\"https:\/\/fr.365yawm.ma\/#\/schema\/logo\/image\/\"}},{\"@type\":\"Person\",\"@id\":\"https:\/\/fr.365yawm.ma\/#\/schema\/person\/3ae7f285880cb2045c5b6a6925408e72\",\"name\":\"fra365yawm\",\"image\":{\"@type\":\"ImageObject\",\"inLanguage\":\"fr-FR\",\"@id\":\"https:\/\/fr.365yawm.ma\/#\/schema\/person\/image\/\",\"url\":\"https:\/\/secure.gravatar.com\/avatar\/825cebdd359775298a5648431701cf17d00fd4fbec76f488ebc15fbeb220aa3a?s=96&d=mm&r=g\",\"contentUrl\":\"https:\/\/secure.gravatar.com\/avatar\/825cebdd359775298a5648431701cf17d00fd4fbec76f488ebc15fbeb220aa3a?s=96&d=mm&r=g\",\"caption\":\"fra365yawm\"},\"sameAs\":[\"https:\/\/fr.365yawm.ma\"]}]}<\/script>\n<!-- \/ Yoast SEO plugin. -->","yoast_head_json":{"title":"Tanger accueille les experts africains pour pr\u00e9parer une transformation \u00e9conomique port\u00e9e par l\u2019innovation - 365YAWM fran\u00e7ais","robots":{"index":"index","follow":"follow","max-snippet":"max-snippet:-1","max-image-preview":"max-image-preview:large","max-video-preview":"max-video-preview:-1"},"canonical":"https:\/\/fr.365yawm.ma\/index.php\/2026\/03\/28\/tanger-accueille-les-experts-africains-pour-preparer-une-transformation-economique-portee-par-linnovation\/","og_locale":"fr_FR","og_type":"article","og_title":"Tanger accueille les experts africains pour pr\u00e9parer une transformation \u00e9conomique port\u00e9e par l\u2019innovation - 365YAWM fran\u00e7ais","og_description":"La r\u00e9union du Comit\u00e9 d\u2019experts de la Conf\u00e9rence des ministres africains des finances, de la planification et du d\u00e9veloppement \u00e9conomique s\u2019est ouverte ce samedi 28 mars 2026 \u00e0 Tanger, marquant le coup d\u2019envoi des travaux pr\u00e9paratoires au segment minist\u00e9riel consacr\u00e9 \u00e0 la relance de la croissance \u00e0 travers l\u2019innovation, les donn\u00e9es et les technologies de [&hellip;]","og_url":"https:\/\/fr.365yawm.ma\/index.php\/2026\/03\/28\/tanger-accueille-les-experts-africains-pour-preparer-une-transformation-economique-portee-par-linnovation\/","og_site_name":"365YAWM fran\u00e7ais","article_published_time":"2026-03-28T15:56:06+00:00","og_image":[{"width":600,"height":369,"url":"https:\/\/fr.365yawm.ma\/wp-content\/uploads\/2026\/03\/IMG_1694.jpeg","type":"image\/jpeg"}],"author":"fra365yawm","twitter_card":"summary_large_image","twitter_misc":{"\u00c9crit par":"fra365yawm","Dur\u00e9e de lecture estim\u00e9e":"2 minutes"},"schema":{"@context":"https:\/\/schema.org","@graph":[{"@type":"Article","@id":"https:\/\/fr.365yawm.ma\/index.php\/2026\/03\/28\/tanger-accueille-les-experts-africains-pour-preparer-une-transformation-economique-portee-par-linnovation\/#article","isPartOf":{"@id":"https:\/\/fr.365yawm.ma\/index.php\/2026\/03\/28\/tanger-accueille-les-experts-africains-pour-preparer-une-transformation-economique-portee-par-linnovation\/"},"author":{"name":"fra365yawm","@id":"https:\/\/fr.365yawm.ma\/#\/schema\/person\/3ae7f285880cb2045c5b6a6925408e72"},"headline":"Tanger accueille les experts africains pour pr\u00e9parer une transformation \u00e9conomique port\u00e9e par l\u2019innovation","datePublished":"2026-03-28T15:56:06+00:00","mainEntityOfPage":{"@id":"https:\/\/fr.365yawm.ma\/index.php\/2026\/03\/28\/tanger-accueille-les-experts-africains-pour-preparer-une-transformation-economique-portee-par-linnovation\/"},"wordCount":396,"commentCount":0,"publisher":{"@id":"https:\/\/fr.365yawm.ma\/#organization"},"image":{"@id":"https:\/\/fr.365yawm.ma\/index.php\/2026\/03\/28\/tanger-accueille-les-experts-africains-pour-preparer-une-transformation-economique-portee-par-linnovation\/#primaryimage"},"thumbnailUrl":"https:\/\/fr.365yawm.ma\/wp-content\/uploads\/2026\/03\/IMG_1694.jpeg","articleSection":["Economie","R\u00e9gion","Soci\u00e9t\u00e9"],"inLanguage":"fr-FR","potentialAction":[{"@type":"CommentAction","name":"Comment","target":["https:\/\/fr.365yawm.ma\/index.php\/2026\/03\/28\/tanger-accueille-les-experts-africains-pour-preparer-une-transformation-economique-portee-par-linnovation\/#respond"]}]},{"@type":"WebPage","@id":"https:\/\/fr.365yawm.ma\/index.php\/2026\/03\/28\/tanger-accueille-les-experts-africains-pour-preparer-une-transformation-economique-portee-par-linnovation\/","url":"https:\/\/fr.365yawm.ma\/index.php\/2026\/03\/28\/tanger-accueille-les-experts-africains-pour-preparer-une-transformation-economique-portee-par-linnovation\/","name":"Tanger accueille les experts africains pour pr\u00e9parer une transformation \u00e9conomique port\u00e9e par l\u2019innovation - 365YAWM fran\u00e7ais","isPartOf":{"@id":"https:\/\/fr.365yawm.ma\/#website"},"primaryImageOfPage":{"@id":"https:\/\/fr.365yawm.ma\/index.php\/2026\/03\/28\/tanger-accueille-les-experts-africains-pour-preparer-une-transformation-economique-portee-par-linnovation\/#primaryimage"},"image":{"@id":"https:\/\/fr.365yawm.ma\/index.php\/2026\/03\/28\/tanger-accueille-les-experts-africains-pour-preparer-une-transformation-economique-portee-par-linnovation\/#primaryimage"},"thumbnailUrl":"https:\/\/fr.365yawm.ma\/wp-content\/uploads\/2026\/03\/IMG_1694.jpeg","datePublished":"2026-03-28T15:56:06+00:00","breadcrumb":{"@id":"https:\/\/fr.365yawm.ma\/index.php\/2026\/03\/28\/tanger-accueille-les-experts-africains-pour-preparer-une-transformation-economique-portee-par-linnovation\/#breadcrumb"},"inLanguage":"fr-FR","potentialAction":[{"@type":"ReadAction","target":["https:\/\/fr.365yawm.ma\/index.php\/2026\/03\/28\/tanger-accueille-les-experts-africains-pour-preparer-une-transformation-economique-portee-par-linnovation\/"]}]},{"@type":"ImageObject","inLanguage":"fr-FR","@id":"https:\/\/fr.365yawm.ma\/index.php\/2026\/03\/28\/tanger-accueille-les-experts-africains-pour-preparer-une-transformation-economique-portee-par-linnovation\/#primaryimage","url":"https:\/\/fr.365yawm.ma\/wp-content\/uploads\/2026\/03\/IMG_1694.jpeg","contentUrl":"https:\/\/fr.365yawm.ma\/wp-content\/uploads\/2026\/03\/IMG_1694.jpeg","width":600,"height":369},{"@type":"BreadcrumbList","@id":"https:\/\/fr.365yawm.ma\/index.php\/2026\/03\/28\/tanger-accueille-les-experts-africains-pour-preparer-une-transformation-economique-portee-par-linnovation\/#breadcrumb","itemListElement":[{"@type":"ListItem","position":1,"name":"Accueil","item":"https:\/\/fr.365yawm.ma\/"},{"@type":"ListItem","position":2,"name":"Tanger accueille les experts africains pour pr\u00e9parer une transformation \u00e9conomique port\u00e9e par l\u2019innovation"}]},{"@type":"WebSite","@id":"https:\/\/fr.365yawm.ma\/#website","url":"https:\/\/fr.365yawm.ma\/","name":"365YAWM fran\u00e7ais","description":"","publisher":{"@id":"https:\/\/fr.365yawm.ma\/#organization"},"potentialAction":[{"@type":"SearchAction","target":{"@type":"EntryPoint","urlTemplate":"https:\/\/fr.365yawm.ma\/?s={search_term_string}"},"query-input":{"@type":"PropertyValueSpecification","valueRequired":true,"valueName":"search_term_string"}}],"inLanguage":"fr-FR"},{"@type":"Organization","@id":"https:\/\/fr.365yawm.ma\/#organization","name":"365 yawm","url":"https:\/\/fr.365yawm.ma\/","logo":{"@type":"ImageObject","inLanguage":"fr-FR","@id":"https:\/\/fr.365yawm.ma\/#\/schema\/logo\/image\/","url":"https:\/\/fr.365yawm.ma\/wp-content\/uploads\/2020\/04\/icon.png","contentUrl":"https:\/\/fr.365yawm.ma\/wp-content\/uploads\/2020\/04\/icon.png","width":512,"height":512,"caption":"365 yawm"},"image":{"@id":"https:\/\/fr.365yawm.ma\/#\/schema\/logo\/image\/"}},{"@type":"Person","@id":"https:\/\/fr.365yawm.ma\/#\/schema\/person\/3ae7f285880cb2045c5b6a6925408e72","name":"fra365yawm","image":{"@type":"ImageObject","inLanguage":"fr-FR","@id":"https:\/\/fr.365yawm.ma\/#\/schema\/person\/image\/","url":"https:\/\/secure.gravatar.com\/avatar\/825cebdd359775298a5648431701cf17d00fd4fbec76f488ebc15fbeb220aa3a?s=96&d=mm&r=g","contentUrl":"https:\/\/secure.gravatar.com\/avatar\/825cebdd359775298a5648431701cf17d00fd4fbec76f488ebc15fbeb220aa3a?s=96&d=mm&r=g","caption":"fra365yawm"},"sameAs":["https:\/\/fr.365yawm.ma"]}]}},"jetpack_featured_media_url":"https:\/\/fr.365yawm.ma\/wp-content\/uploads\/2026\/03\/IMG_1694.jpeg","jetpack_sharing_enabled":true,"_links":{"self":[{"href":"https:\/\/fr.365yawm.ma\/index.php\/wp-json\/wp\/v2\/posts\/6255","targetHints":{"allow":["GET"]}}],"collection":[{"href":"https:\/\/fr.365yawm.ma\/index.php\/wp-json\/wp\/v2\/posts"}],"about":[{"href":"https:\/\/fr.365yawm.ma\/index.php\/wp-json\/wp\/v2\/types\/post"}],"author":[{"embeddable":true,"href":"https:\/\/fr.365yawm.ma\/index.php\/wp-json\/wp\/v2\/users\/1"}],"replies":[{"embeddable":true,"href":"https:\/\/fr.365yawm.ma\/index.php\/wp-json\/wp\/v2\/comments?post=6255"}],"version-history":[{"count":1,"href":"https:\/\/fr.365yawm.ma\/index.php\/wp-json\/wp\/v2\/posts\/6255\/revisions"}],"predecessor-version":[{"id":6258,"href":"https:\/\/fr.365yawm.ma\/index.php\/wp-json\/wp\/v2\/posts\/6255\/revisions\/6258"}],"wp:featuredmedia":[{"embeddable":true,"href":"https:\/\/fr.365yawm.ma\/index.php\/wp-json\/wp\/v2\/media\/6257"}],"wp:attachment":[{"href":"https:\/\/fr.365yawm.ma\/index.php\/wp-json\/wp\/v2\/media?parent=6255"}],"wp:term":[{"taxonomy":"category","embeddable":true,"href":"https:\/\/fr.365yawm.ma\/index.php\/wp-json\/wp\/v2\/categories?post=6255"},{"taxonomy":"post_tag","embeddable":true,"href":"https:\/\/fr.365yawm.ma\/index.php\/wp-json\/wp\/v2\/tags?post=6255"}],"curies":[{"name":"wp","href":"https:\/\/api.w.org\/{rel}","templated":true}]}}