{"id":6176,"date":"2026-03-09T20:20:28","date_gmt":"2026-03-09T19:20:28","guid":{"rendered":"https:\/\/fr.365yawm.ma\/?p=6176"},"modified":"2026-03-12T15:59:55","modified_gmt":"2026-03-12T14:59:55","slug":"un-supporter-du-mat-lachement-agresse-au-visage","status":"publish","type":"post","link":"https:\/\/fr.365yawm.ma\/index.php\/2026\/03\/09\/un-supporter-du-mat-lachement-agresse-au-visage\/","title":{"rendered":"AGRESSION \u00c0 L&rsquo;ARME BLANCHE D&rsquo;UN SUPPORTER DU MAT: L&rsquo;AUTEUR EST ARR\u00caT\u00c9 AVEC C\u00c9L\u00c9RIT\u00c9"},"content":{"rendered":"<p><strong>Un jeune supporter du Moghreb de T\u00e9touan a \u00e9t\u00e9 interpell\u00e9 aux premi\u00e8res heures de ce lundi par les services pr\u00e9fectoraux de police de T\u00e9touan, apr\u00e8s avoir balafr\u00e9 au visage un autre supporter de la m\u00eame \u00e9quipe \u00e0 l\u2019aide d\u2019une arme blanche.<\/strong><\/p>\n<p>L\u2019agression s\u2019est produite lors d\u2019un violent affrontement opposant deux clans rivaux de supporters du club, une sc\u00e8ne qui a profond\u00e9ment choqu\u00e9 l\u2019opinion publique locale.<br \/>\nUne vid\u00e9o largement relay\u00e9e sur les r\u00e9seaux sociaux montre la victime rou\u00e9e de coups par plusieurs individus, avant d\u2019\u00eatre bless\u00e9e au visage dans des circonstances d\u2019une rare brutalit\u00e9.<br \/>\nCette sc\u00e8ne de violence gratuite a suscit\u00e9 une vague d\u2019indignation parmi les habitants et les amateurs de football, qui d\u00e9noncent une d\u00e9rive inqui\u00e9tante de certains comportements dans les tribunes.<\/p>\n<p>Plac\u00e9 en garde \u00e0 vue, l\u2019auteur pr\u00e9sum\u00e9 de cette agression aura d\u00e9sormais tout le temps de m\u00e9diter sur la gravit\u00e9 de son geste irr\u00e9fl\u00e9chi, alors que l\u2019enqu\u00eate se poursuit pour d\u00e9terminer les circonstances exactes de cet incident.<\/p>\n","protected":false},"excerpt":{"rendered":"<p>Un jeune supporter du Moghreb de T\u00e9touan a \u00e9t\u00e9 interpell\u00e9 aux premi\u00e8res heures de ce lundi par les services pr\u00e9fectoraux de police de T\u00e9touan, apr\u00e8s avoir balafr\u00e9 au visage un autre supporter de la m\u00eame \u00e9quipe \u00e0 l\u2019aide d\u2019une arme blanche. L\u2019agression s\u2019est produite lors d\u2019un violent affrontement opposant deux clans rivaux de supporters du [&hellip;]<\/p>\n","protected":false},"author":1,"featured_media":6177,"comment_status":"open","ping_status":"open","sticky":false,"template":"","format":"standard","meta":{"_bbp_topic_count":0,"_bbp_reply_count":0,"_bbp_total_topic_count":0,"_bbp_total_reply_count":0,"_bbp_voice_count":0,"_bbp_anonymous_reply_count":0,"_bbp_topic_count_hidden":0,"_bbp_reply_count_hidden":0,"_bbp_forum_subforum_count":0,"_jetpack_memberships_contains_paid_content":false,"footnotes":""},"categories":[69],"tags":[],"class_list":["post-6176","post","type-post","status-publish","format-standard","has-post-thumbnail","hentry","category-faits-divers"],"yoast_head":"<!-- This site is optimized with the Yoast SEO plugin v24.9 - https:\/\/yoast.com\/wordpress\/plugins\/seo\/ -->\n<title>AGRESSION \u00c0 L&#039;ARME BLANCHE D&#039;UN SUPPORTER DU MAT: L&#039;AUTEUR EST ARR\u00caT\u00c9 AVEC C\u00c9L\u00c9RIT\u00c9 - 365YAWM fran\u00e7ais<\/title>\n<meta name=\"robots\" content=\"index, follow, max-snippet:-1, max-image-preview:large, max-video-preview:-1\" \/>\n<link rel=\"canonical\" href=\"https:\/\/fr.365yawm.ma\/index.php\/2026\/03\/09\/un-supporter-du-mat-lachement-agresse-au-visage\/\" \/>\n<meta property=\"og:locale\" content=\"fr_FR\" \/>\n<meta property=\"og:type\" content=\"article\" \/>\n<meta property=\"og:title\" content=\"AGRESSION \u00c0 L&#039;ARME BLANCHE D&#039;UN SUPPORTER DU MAT: L&#039;AUTEUR EST ARR\u00caT\u00c9 AVEC C\u00c9L\u00c9RIT\u00c9 - 365YAWM fran\u00e7ais\" \/>\n<meta property=\"og:description\" content=\"Un jeune supporter du Moghreb de T\u00e9touan a \u00e9t\u00e9 interpell\u00e9 aux premi\u00e8res heures de ce lundi par les services pr\u00e9fectoraux de police de T\u00e9touan, apr\u00e8s avoir balafr\u00e9 au visage un autre supporter de la m\u00eame \u00e9quipe \u00e0 l\u2019aide d\u2019une arme blanche. L\u2019agression s\u2019est produite lors d\u2019un violent affrontement opposant deux clans rivaux de supporters du [&hellip;]\" \/>\n<meta property=\"og:url\" content=\"https:\/\/fr.365yawm.ma\/index.php\/2026\/03\/09\/un-supporter-du-mat-lachement-agresse-au-visage\/\" \/>\n<meta property=\"og:site_name\" content=\"365YAWM fran\u00e7ais\" \/>\n<meta property=\"article:published_time\" content=\"2026-03-09T19:20:28+00:00\" \/>\n<meta property=\"article:modified_time\" content=\"2026-03-12T14:59:55+00:00\" \/>\n<meta property=\"og:image\" content=\"https:\/\/fr.365yawm.ma\/wp-content\/uploads\/2026\/03\/1773081740709.jpg\" \/>\n\t<meta property=\"og:image:width\" content=\"720\" \/>\n\t<meta property=\"og:image:height\" content=\"616\" \/>\n\t<meta property=\"og:image:type\" content=\"image\/jpeg\" \/>\n<meta name=\"author\" content=\"fra365yawm\" \/>\n<meta name=\"twitter:card\" content=\"summary_large_image\" \/>\n<meta name=\"twitter:label1\" content=\"\u00c9crit par\" \/>\n\t<meta name=\"twitter:data1\" content=\"fra365yawm\" \/>\n\t<meta name=\"twitter:label2\" content=\"Dur\u00e9e de lecture estim\u00e9e\" \/>\n\t<meta name=\"twitter:data2\" content=\"2 minutes\" \/>\n<script type=\"application\/ld+json\" class=\"yoast-schema-graph\">{\"@context\":\"https:\/\/schema.org\",\"@graph\":[{\"@type\":\"Article\",\"@id\":\"https:\/\/fr.365yawm.ma\/index.php\/2026\/03\/09\/un-supporter-du-mat-lachement-agresse-au-visage\/#article\",\"isPartOf\":{\"@id\":\"https:\/\/fr.365yawm.ma\/index.php\/2026\/03\/09\/un-supporter-du-mat-lachement-agresse-au-visage\/\"},\"author\":{\"name\":\"fra365yawm\",\"@id\":\"https:\/\/fr.365yawm.ma\/#\/schema\/person\/3ae7f285880cb2045c5b6a6925408e72\"},\"headline\":\"AGRESSION \u00c0 L&rsquo;ARME BLANCHE D&rsquo;UN SUPPORTER DU MAT: L&rsquo;AUTEUR EST ARR\u00caT\u00c9 AVEC C\u00c9L\u00c9RIT\u00c9\",\"datePublished\":\"2026-03-09T19:20:28+00:00\",\"dateModified\":\"2026-03-12T14:59:55+00:00\",\"mainEntityOfPage\":{\"@id\":\"https:\/\/fr.365yawm.ma\/index.php\/2026\/03\/09\/un-supporter-du-mat-lachement-agresse-au-visage\/\"},\"wordCount\":207,\"commentCount\":0,\"publisher\":{\"@id\":\"https:\/\/fr.365yawm.ma\/#organization\"},\"image\":{\"@id\":\"https:\/\/fr.365yawm.ma\/index.php\/2026\/03\/09\/un-supporter-du-mat-lachement-agresse-au-visage\/#primaryimage\"},\"thumbnailUrl\":\"https:\/\/fr.365yawm.ma\/wp-content\/uploads\/2026\/03\/1773081740709.jpg\",\"articleSection\":[\"Faits divers\"],\"inLanguage\":\"fr-FR\",\"potentialAction\":[{\"@type\":\"CommentAction\",\"name\":\"Comment\",\"target\":[\"https:\/\/fr.365yawm.ma\/index.php\/2026\/03\/09\/un-supporter-du-mat-lachement-agresse-au-visage\/#respond\"]}]},{\"@type\":\"WebPage\",\"@id\":\"https:\/\/fr.365yawm.ma\/index.php\/2026\/03\/09\/un-supporter-du-mat-lachement-agresse-au-visage\/\",\"url\":\"https:\/\/fr.365yawm.ma\/index.php\/2026\/03\/09\/un-supporter-du-mat-lachement-agresse-au-visage\/\",\"name\":\"AGRESSION \u00c0 L'ARME BLANCHE D'UN SUPPORTER DU MAT: L'AUTEUR EST ARR\u00caT\u00c9 AVEC C\u00c9L\u00c9RIT\u00c9 - 365YAWM fran\u00e7ais\",\"isPartOf\":{\"@id\":\"https:\/\/fr.365yawm.ma\/#website\"},\"primaryImageOfPage\":{\"@id\":\"https:\/\/fr.365yawm.ma\/index.php\/2026\/03\/09\/un-supporter-du-mat-lachement-agresse-au-visage\/#primaryimage\"},\"image\":{\"@id\":\"https:\/\/fr.365yawm.ma\/index.php\/2026\/03\/09\/un-supporter-du-mat-lachement-agresse-au-visage\/#primaryimage\"},\"thumbnailUrl\":\"https:\/\/fr.365yawm.ma\/wp-content\/uploads\/2026\/03\/1773081740709.jpg\",\"datePublished\":\"2026-03-09T19:20:28+00:00\",\"dateModified\":\"2026-03-12T14:59:55+00:00\",\"breadcrumb\":{\"@id\":\"https:\/\/fr.365yawm.ma\/index.php\/2026\/03\/09\/un-supporter-du-mat-lachement-agresse-au-visage\/#breadcrumb\"},\"inLanguage\":\"fr-FR\",\"potentialAction\":[{\"@type\":\"ReadAction\",\"target\":[\"https:\/\/fr.365yawm.ma\/index.php\/2026\/03\/09\/un-supporter-du-mat-lachement-agresse-au-visage\/\"]}]},{\"@type\":\"ImageObject\",\"inLanguage\":\"fr-FR\",\"@id\":\"https:\/\/fr.365yawm.ma\/index.php\/2026\/03\/09\/un-supporter-du-mat-lachement-agresse-au-visage\/#primaryimage\",\"url\":\"https:\/\/fr.365yawm.ma\/wp-content\/uploads\/2026\/03\/1773081740709.jpg\",\"contentUrl\":\"https:\/\/fr.365yawm.ma\/wp-content\/uploads\/2026\/03\/1773081740709.jpg\",\"width\":720,\"height\":616},{\"@type\":\"BreadcrumbList\",\"@id\":\"https:\/\/fr.365yawm.ma\/index.php\/2026\/03\/09\/un-supporter-du-mat-lachement-agresse-au-visage\/#breadcrumb\",\"itemListElement\":[{\"@type\":\"ListItem\",\"position\":1,\"name\":\"Accueil\",\"item\":\"https:\/\/fr.365yawm.ma\/\"},{\"@type\":\"ListItem\",\"position\":2,\"name\":\"AGRESSION \u00c0 L&rsquo;ARME BLANCHE D&rsquo;UN SUPPORTER DU MAT: L&rsquo;AUTEUR EST ARR\u00caT\u00c9 AVEC C\u00c9L\u00c9RIT\u00c9\"}]},{\"@type\":\"WebSite\",\"@id\":\"https:\/\/fr.365yawm.ma\/#website\",\"url\":\"https:\/\/fr.365yawm.ma\/\",\"name\":\"365YAWM fran\u00e7ais\",\"description\":\"\",\"publisher\":{\"@id\":\"https:\/\/fr.365yawm.ma\/#organization\"},\"potentialAction\":[{\"@type\":\"SearchAction\",\"target\":{\"@type\":\"EntryPoint\",\"urlTemplate\":\"https:\/\/fr.365yawm.ma\/?s={search_term_string}\"},\"query-input\":{\"@type\":\"PropertyValueSpecification\",\"valueRequired\":true,\"valueName\":\"search_term_string\"}}],\"inLanguage\":\"fr-FR\"},{\"@type\":\"Organization\",\"@id\":\"https:\/\/fr.365yawm.ma\/#organization\",\"name\":\"365 yawm\",\"url\":\"https:\/\/fr.365yawm.ma\/\",\"logo\":{\"@type\":\"ImageObject\",\"inLanguage\":\"fr-FR\",\"@id\":\"https:\/\/fr.365yawm.ma\/#\/schema\/logo\/image\/\",\"url\":\"https:\/\/fr.365yawm.ma\/wp-content\/uploads\/2020\/04\/icon.png\",\"contentUrl\":\"https:\/\/fr.365yawm.ma\/wp-content\/uploads\/2020\/04\/icon.png\",\"width\":512,\"height\":512,\"caption\":\"365 yawm\"},\"image\":{\"@id\":\"https:\/\/fr.365yawm.ma\/#\/schema\/logo\/image\/\"}},{\"@type\":\"Person\",\"@id\":\"https:\/\/fr.365yawm.ma\/#\/schema\/person\/3ae7f285880cb2045c5b6a6925408e72\",\"name\":\"fra365yawm\",\"image\":{\"@type\":\"ImageObject\",\"inLanguage\":\"fr-FR\",\"@id\":\"https:\/\/fr.365yawm.ma\/#\/schema\/person\/image\/\",\"url\":\"https:\/\/secure.gravatar.com\/avatar\/825cebdd359775298a5648431701cf17d00fd4fbec76f488ebc15fbeb220aa3a?s=96&d=mm&r=g\",\"contentUrl\":\"https:\/\/secure.gravatar.com\/avatar\/825cebdd359775298a5648431701cf17d00fd4fbec76f488ebc15fbeb220aa3a?s=96&d=mm&r=g\",\"caption\":\"fra365yawm\"},\"sameAs\":[\"https:\/\/fr.365yawm.ma\"]}]}<\/script>\n<!-- \/ Yoast SEO plugin. -->","yoast_head_json":{"title":"AGRESSION \u00c0 L'ARME BLANCHE D'UN SUPPORTER DU MAT: L'AUTEUR EST ARR\u00caT\u00c9 AVEC C\u00c9L\u00c9RIT\u00c9 - 365YAWM fran\u00e7ais","robots":{"index":"index","follow":"follow","max-snippet":"max-snippet:-1","max-image-preview":"max-image-preview:large","max-video-preview":"max-video-preview:-1"},"canonical":"https:\/\/fr.365yawm.ma\/index.php\/2026\/03\/09\/un-supporter-du-mat-lachement-agresse-au-visage\/","og_locale":"fr_FR","og_type":"article","og_title":"AGRESSION \u00c0 L'ARME BLANCHE D'UN SUPPORTER DU MAT: L'AUTEUR EST ARR\u00caT\u00c9 AVEC C\u00c9L\u00c9RIT\u00c9 - 365YAWM fran\u00e7ais","og_description":"Un jeune supporter du Moghreb de T\u00e9touan a \u00e9t\u00e9 interpell\u00e9 aux premi\u00e8res heures de ce lundi par les services pr\u00e9fectoraux de police de T\u00e9touan, apr\u00e8s avoir balafr\u00e9 au visage un autre supporter de la m\u00eame \u00e9quipe \u00e0 l\u2019aide d\u2019une arme blanche. L\u2019agression s\u2019est produite lors d\u2019un violent affrontement opposant deux clans rivaux de supporters du [&hellip;]","og_url":"https:\/\/fr.365yawm.ma\/index.php\/2026\/03\/09\/un-supporter-du-mat-lachement-agresse-au-visage\/","og_site_name":"365YAWM fran\u00e7ais","article_published_time":"2026-03-09T19:20:28+00:00","article_modified_time":"2026-03-12T14:59:55+00:00","og_image":[{"width":720,"height":616,"url":"https:\/\/fr.365yawm.ma\/wp-content\/uploads\/2026\/03\/1773081740709.jpg","type":"image\/jpeg"}],"author":"fra365yawm","twitter_card":"summary_large_image","twitter_misc":{"\u00c9crit par":"fra365yawm","Dur\u00e9e de lecture estim\u00e9e":"2 minutes"},"schema":{"@context":"https:\/\/schema.org","@graph":[{"@type":"Article","@id":"https:\/\/fr.365yawm.ma\/index.php\/2026\/03\/09\/un-supporter-du-mat-lachement-agresse-au-visage\/#article","isPartOf":{"@id":"https:\/\/fr.365yawm.ma\/index.php\/2026\/03\/09\/un-supporter-du-mat-lachement-agresse-au-visage\/"},"author":{"name":"fra365yawm","@id":"https:\/\/fr.365yawm.ma\/#\/schema\/person\/3ae7f285880cb2045c5b6a6925408e72"},"headline":"AGRESSION \u00c0 L&rsquo;ARME BLANCHE D&rsquo;UN SUPPORTER DU MAT: L&rsquo;AUTEUR EST ARR\u00caT\u00c9 AVEC C\u00c9L\u00c9RIT\u00c9","datePublished":"2026-03-09T19:20:28+00:00","dateModified":"2026-03-12T14:59:55+00:00","mainEntityOfPage":{"@id":"https:\/\/fr.365yawm.ma\/index.php\/2026\/03\/09\/un-supporter-du-mat-lachement-agresse-au-visage\/"},"wordCount":207,"commentCount":0,"publisher":{"@id":"https:\/\/fr.365yawm.ma\/#organization"},"image":{"@id":"https:\/\/fr.365yawm.ma\/index.php\/2026\/03\/09\/un-supporter-du-mat-lachement-agresse-au-visage\/#primaryimage"},"thumbnailUrl":"https:\/\/fr.365yawm.ma\/wp-content\/uploads\/2026\/03\/1773081740709.jpg","articleSection":["Faits divers"],"inLanguage":"fr-FR","potentialAction":[{"@type":"CommentAction","name":"Comment","target":["https:\/\/fr.365yawm.ma\/index.php\/2026\/03\/09\/un-supporter-du-mat-lachement-agresse-au-visage\/#respond"]}]},{"@type":"WebPage","@id":"https:\/\/fr.365yawm.ma\/index.php\/2026\/03\/09\/un-supporter-du-mat-lachement-agresse-au-visage\/","url":"https:\/\/fr.365yawm.ma\/index.php\/2026\/03\/09\/un-supporter-du-mat-lachement-agresse-au-visage\/","name":"AGRESSION \u00c0 L'ARME BLANCHE D'UN SUPPORTER DU MAT: L'AUTEUR EST ARR\u00caT\u00c9 AVEC C\u00c9L\u00c9RIT\u00c9 - 365YAWM fran\u00e7ais","isPartOf":{"@id":"https:\/\/fr.365yawm.ma\/#website"},"primaryImageOfPage":{"@id":"https:\/\/fr.365yawm.ma\/index.php\/2026\/03\/09\/un-supporter-du-mat-lachement-agresse-au-visage\/#primaryimage"},"image":{"@id":"https:\/\/fr.365yawm.ma\/index.php\/2026\/03\/09\/un-supporter-du-mat-lachement-agresse-au-visage\/#primaryimage"},"thumbnailUrl":"https:\/\/fr.365yawm.ma\/wp-content\/uploads\/2026\/03\/1773081740709.jpg","datePublished":"2026-03-09T19:20:28+00:00","dateModified":"2026-03-12T14:59:55+00:00","breadcrumb":{"@id":"https:\/\/fr.365yawm.ma\/index.php\/2026\/03\/09\/un-supporter-du-mat-lachement-agresse-au-visage\/#breadcrumb"},"inLanguage":"fr-FR","potentialAction":[{"@type":"ReadAction","target":["https:\/\/fr.365yawm.ma\/index.php\/2026\/03\/09\/un-supporter-du-mat-lachement-agresse-au-visage\/"]}]},{"@type":"ImageObject","inLanguage":"fr-FR","@id":"https:\/\/fr.365yawm.ma\/index.php\/2026\/03\/09\/un-supporter-du-mat-lachement-agresse-au-visage\/#primaryimage","url":"https:\/\/fr.365yawm.ma\/wp-content\/uploads\/2026\/03\/1773081740709.jpg","contentUrl":"https:\/\/fr.365yawm.ma\/wp-content\/uploads\/2026\/03\/1773081740709.jpg","width":720,"height":616},{"@type":"BreadcrumbList","@id":"https:\/\/fr.365yawm.ma\/index.php\/2026\/03\/09\/un-supporter-du-mat-lachement-agresse-au-visage\/#breadcrumb","itemListElement":[{"@type":"ListItem","position":1,"name":"Accueil","item":"https:\/\/fr.365yawm.ma\/"},{"@type":"ListItem","position":2,"name":"AGRESSION \u00c0 L&rsquo;ARME BLANCHE D&rsquo;UN SUPPORTER DU MAT: L&rsquo;AUTEUR EST ARR\u00caT\u00c9 AVEC C\u00c9L\u00c9RIT\u00c9"}]},{"@type":"WebSite","@id":"https:\/\/fr.365yawm.ma\/#website","url":"https:\/\/fr.365yawm.ma\/","name":"365YAWM fran\u00e7ais","description":"","publisher":{"@id":"https:\/\/fr.365yawm.ma\/#organization"},"potentialAction":[{"@type":"SearchAction","target":{"@type":"EntryPoint","urlTemplate":"https:\/\/fr.365yawm.ma\/?s={search_term_string}"},"query-input":{"@type":"PropertyValueSpecification","valueRequired":true,"valueName":"search_term_string"}}],"inLanguage":"fr-FR"},{"@type":"Organization","@id":"https:\/\/fr.365yawm.ma\/#organization","name":"365 yawm","url":"https:\/\/fr.365yawm.ma\/","logo":{"@type":"ImageObject","inLanguage":"fr-FR","@id":"https:\/\/fr.365yawm.ma\/#\/schema\/logo\/image\/","url":"https:\/\/fr.365yawm.ma\/wp-content\/uploads\/2020\/04\/icon.png","contentUrl":"https:\/\/fr.365yawm.ma\/wp-content\/uploads\/2020\/04\/icon.png","width":512,"height":512,"caption":"365 yawm"},"image":{"@id":"https:\/\/fr.365yawm.ma\/#\/schema\/logo\/image\/"}},{"@type":"Person","@id":"https:\/\/fr.365yawm.ma\/#\/schema\/person\/3ae7f285880cb2045c5b6a6925408e72","name":"fra365yawm","image":{"@type":"ImageObject","inLanguage":"fr-FR","@id":"https:\/\/fr.365yawm.ma\/#\/schema\/person\/image\/","url":"https:\/\/secure.gravatar.com\/avatar\/825cebdd359775298a5648431701cf17d00fd4fbec76f488ebc15fbeb220aa3a?s=96&d=mm&r=g","contentUrl":"https:\/\/secure.gravatar.com\/avatar\/825cebdd359775298a5648431701cf17d00fd4fbec76f488ebc15fbeb220aa3a?s=96&d=mm&r=g","caption":"fra365yawm"},"sameAs":["https:\/\/fr.365yawm.ma"]}]}},"jetpack_featured_media_url":"https:\/\/fr.365yawm.ma\/wp-content\/uploads\/2026\/03\/1773081740709.jpg","jetpack_sharing_enabled":true,"_links":{"self":[{"href":"https:\/\/fr.365yawm.ma\/index.php\/wp-json\/wp\/v2\/posts\/6176","targetHints":{"allow":["GET"]}}],"collection":[{"href":"https:\/\/fr.365yawm.ma\/index.php\/wp-json\/wp\/v2\/posts"}],"about":[{"href":"https:\/\/fr.365yawm.ma\/index.php\/wp-json\/wp\/v2\/types\/post"}],"author":[{"embeddable":true,"href":"https:\/\/fr.365yawm.ma\/index.php\/wp-json\/wp\/v2\/users\/1"}],"replies":[{"embeddable":true,"href":"https:\/\/fr.365yawm.ma\/index.php\/wp-json\/wp\/v2\/comments?post=6176"}],"version-history":[{"count":3,"href":"https:\/\/fr.365yawm.ma\/index.php\/wp-json\/wp\/v2\/posts\/6176\/revisions"}],"predecessor-version":[{"id":6181,"href":"https:\/\/fr.365yawm.ma\/index.php\/wp-json\/wp\/v2\/posts\/6176\/revisions\/6181"}],"wp:featuredmedia":[{"embeddable":true,"href":"https:\/\/fr.365yawm.ma\/index.php\/wp-json\/wp\/v2\/media\/6177"}],"wp:attachment":[{"href":"https:\/\/fr.365yawm.ma\/index.php\/wp-json\/wp\/v2\/media?parent=6176"}],"wp:term":[{"taxonomy":"category","embeddable":true,"href":"https:\/\/fr.365yawm.ma\/index.php\/wp-json\/wp\/v2\/categories?post=6176"},{"taxonomy":"post_tag","embeddable":true,"href":"https:\/\/fr.365yawm.ma\/index.php\/wp-json\/wp\/v2\/tags?post=6176"}],"curies":[{"name":"wp","href":"https:\/\/api.w.org\/{rel}","templated":true}]}}