{"id":6111,"date":"2026-02-12T18:51:05","date_gmt":"2026-02-12T17:51:05","guid":{"rendered":"https:\/\/fr.365yawm.ma\/?p=6111"},"modified":"2026-02-12T18:51:05","modified_gmt":"2026-02-12T17:51:05","slug":"une-nuit-de-madih-au-palais-de-la-culture-a-malabata","status":"publish","type":"post","link":"https:\/\/fr.365yawm.ma\/index.php\/2026\/02\/12\/une-nuit-de-madih-au-palais-de-la-culture-a-malabata\/","title":{"rendered":"UNE NUIT DE MADIH AU PALAIS DE LA CULTURE \u00c0 MALABATA"},"content":{"rendered":"<p><strong>Dans le cadre de son programme ramadanesque, la Fondation Nassaim pour la pr\u00e9servation du patrimoine convie les m\u00e9lomanes \u00e0 une soir\u00e9e d\u2019exception d\u00e9di\u00e9e au madih et au sama\u00e2, le jeudi 26 f\u00e9vrier 2026.<\/strong><\/p>\n<p>Organis\u00e9 au Palais de la culture et des arts de Malabata, \u00e0 partir de 21 heures, cet \u00e9v\u00e9nement s\u2019inscrit dans la volont\u00e9 affirm\u00e9e de la Fondation de raviver les grandes traditions spirituelles et musicales du Maroc, en mettant \u00e0 l\u2019honneur un patrimoine immat\u00e9riel d\u2019une rare richesse.<\/p>\n<p>La sc\u00e8ne sera partag\u00e9e par deux formations de renom : l\u2019Orchestre Dar Al Ala de Tanger, dirig\u00e9 par Jamal Eddine Ben Allal, et l\u2019Orchestre de T\u00e9touan, plac\u00e9 sous la baguette de Fahd Benkirane. Deux ensembles reconnus pour leur ma\u00eetrise du r\u00e9pertoire andalou et leur fid\u00e9lit\u00e9 aux canons esth\u00e9tiques de cet art s\u00e9culaire.<\/p>\n<p>La soir\u00e9e promet une immersion dans les chants de louange proph\u00e9tique, port\u00e9s par des voix inspir\u00e9es et des mounchidines chevronn\u00e9s, dans une atmosph\u00e8re empreinte de ferveur et d\u2019\u00e9l\u00e9vation spirituelle. Les amateurs d\u2019authenticit\u00e9 et de musique patrimoniale devraient y trouver un moment de communion rare, o\u00f9 la rigueur musicale se conjugue \u00e0 l\u2019\u00e9motion.<\/p>\n<p>Au-del\u00e0 du simple spectacle, cette rencontre se veut \u00e9galement un acte de transmission, rappelant combien la pr\u00e9servation du patrimoine musical constitue un enjeu culturel majeur \u00e0 l\u2019heure des mutations rapides que conna\u00eet la sc\u00e8ne artistique contemporaine.<\/p>\n","protected":false},"excerpt":{"rendered":"<p>Dans le cadre de son programme ramadanesque, la Fondation Nassaim pour la pr\u00e9servation du patrimoine convie les m\u00e9lomanes \u00e0 une soir\u00e9e d\u2019exception d\u00e9di\u00e9e au madih et au sama\u00e2, le jeudi 26 f\u00e9vrier 2026. Organis\u00e9 au Palais de la culture et des arts de Malabata, \u00e0 partir de 21 heures, cet \u00e9v\u00e9nement s\u2019inscrit dans la volont\u00e9 [&hellip;]<\/p>\n","protected":false},"author":1,"featured_media":6112,"comment_status":"open","ping_status":"open","sticky":false,"template":"","format":"standard","meta":{"_bbp_topic_count":0,"_bbp_reply_count":0,"_bbp_total_topic_count":0,"_bbp_total_reply_count":0,"_bbp_voice_count":0,"_bbp_anonymous_reply_count":0,"_bbp_topic_count_hidden":0,"_bbp_reply_count_hidden":0,"_bbp_forum_subforum_count":0,"_jetpack_memberships_contains_paid_content":false,"footnotes":""},"categories":[110],"tags":[],"class_list":["post-6111","post","type-post","status-publish","format-standard","has-post-thumbnail","hentry","category-actualites"],"yoast_head":"<!-- This site is optimized with the Yoast SEO plugin v24.9 - https:\/\/yoast.com\/wordpress\/plugins\/seo\/ -->\n<title>UNE NUIT DE MADIH AU PALAIS DE LA CULTURE \u00c0 MALABATA - 365YAWM fran\u00e7ais<\/title>\n<meta name=\"robots\" content=\"index, follow, max-snippet:-1, max-image-preview:large, max-video-preview:-1\" \/>\n<link rel=\"canonical\" href=\"https:\/\/fr.365yawm.ma\/index.php\/2026\/02\/12\/une-nuit-de-madih-au-palais-de-la-culture-a-malabata\/\" \/>\n<meta property=\"og:locale\" content=\"fr_FR\" \/>\n<meta property=\"og:type\" content=\"article\" \/>\n<meta property=\"og:title\" content=\"UNE NUIT DE MADIH AU PALAIS DE LA CULTURE \u00c0 MALABATA - 365YAWM fran\u00e7ais\" \/>\n<meta property=\"og:description\" content=\"Dans le cadre de son programme ramadanesque, la Fondation Nassaim pour la pr\u00e9servation du patrimoine convie les m\u00e9lomanes \u00e0 une soir\u00e9e d\u2019exception d\u00e9di\u00e9e au madih et au sama\u00e2, le jeudi 26 f\u00e9vrier 2026. Organis\u00e9 au Palais de la culture et des arts de Malabata, \u00e0 partir de 21 heures, cet \u00e9v\u00e9nement s\u2019inscrit dans la volont\u00e9 [&hellip;]\" \/>\n<meta property=\"og:url\" content=\"https:\/\/fr.365yawm.ma\/index.php\/2026\/02\/12\/une-nuit-de-madih-au-palais-de-la-culture-a-malabata\/\" \/>\n<meta property=\"og:site_name\" content=\"365YAWM fran\u00e7ais\" \/>\n<meta property=\"article:published_time\" content=\"2026-02-12T17:51:05+00:00\" \/>\n<meta property=\"og:image\" content=\"https:\/\/fr.365yawm.ma\/wp-content\/uploads\/2026\/02\/1770917808800.jpg\" \/>\n\t<meta property=\"og:image:width\" content=\"1024\" \/>\n\t<meta property=\"og:image:height\" content=\"1820\" \/>\n\t<meta property=\"og:image:type\" content=\"image\/jpeg\" \/>\n<meta name=\"author\" content=\"fra365yawm\" \/>\n<meta name=\"twitter:card\" content=\"summary_large_image\" \/>\n<meta name=\"twitter:label1\" content=\"\u00c9crit par\" \/>\n\t<meta name=\"twitter:data1\" content=\"fra365yawm\" \/>\n\t<meta name=\"twitter:label2\" content=\"Dur\u00e9e de lecture estim\u00e9e\" \/>\n\t<meta name=\"twitter:data2\" content=\"2 minutes\" \/>\n<script type=\"application\/ld+json\" class=\"yoast-schema-graph\">{\"@context\":\"https:\/\/schema.org\",\"@graph\":[{\"@type\":\"Article\",\"@id\":\"https:\/\/fr.365yawm.ma\/index.php\/2026\/02\/12\/une-nuit-de-madih-au-palais-de-la-culture-a-malabata\/#article\",\"isPartOf\":{\"@id\":\"https:\/\/fr.365yawm.ma\/index.php\/2026\/02\/12\/une-nuit-de-madih-au-palais-de-la-culture-a-malabata\/\"},\"author\":{\"name\":\"fra365yawm\",\"@id\":\"https:\/\/fr.365yawm.ma\/#\/schema\/person\/3ae7f285880cb2045c5b6a6925408e72\"},\"headline\":\"UNE NUIT DE MADIH AU PALAIS DE LA CULTURE \u00c0 MALABATA\",\"datePublished\":\"2026-02-12T17:51:05+00:00\",\"mainEntityOfPage\":{\"@id\":\"https:\/\/fr.365yawm.ma\/index.php\/2026\/02\/12\/une-nuit-de-madih-au-palais-de-la-culture-a-malabata\/\"},\"wordCount\":257,\"commentCount\":0,\"publisher\":{\"@id\":\"https:\/\/fr.365yawm.ma\/#organization\"},\"image\":{\"@id\":\"https:\/\/fr.365yawm.ma\/index.php\/2026\/02\/12\/une-nuit-de-madih-au-palais-de-la-culture-a-malabata\/#primaryimage\"},\"thumbnailUrl\":\"https:\/\/fr.365yawm.ma\/wp-content\/uploads\/2026\/02\/1770917808800.jpg\",\"articleSection\":[\"Actualit\u00e9s\"],\"inLanguage\":\"fr-FR\",\"potentialAction\":[{\"@type\":\"CommentAction\",\"name\":\"Comment\",\"target\":[\"https:\/\/fr.365yawm.ma\/index.php\/2026\/02\/12\/une-nuit-de-madih-au-palais-de-la-culture-a-malabata\/#respond\"]}]},{\"@type\":\"WebPage\",\"@id\":\"https:\/\/fr.365yawm.ma\/index.php\/2026\/02\/12\/une-nuit-de-madih-au-palais-de-la-culture-a-malabata\/\",\"url\":\"https:\/\/fr.365yawm.ma\/index.php\/2026\/02\/12\/une-nuit-de-madih-au-palais-de-la-culture-a-malabata\/\",\"name\":\"UNE NUIT DE MADIH AU PALAIS DE LA CULTURE \u00c0 MALABATA - 365YAWM fran\u00e7ais\",\"isPartOf\":{\"@id\":\"https:\/\/fr.365yawm.ma\/#website\"},\"primaryImageOfPage\":{\"@id\":\"https:\/\/fr.365yawm.ma\/index.php\/2026\/02\/12\/une-nuit-de-madih-au-palais-de-la-culture-a-malabata\/#primaryimage\"},\"image\":{\"@id\":\"https:\/\/fr.365yawm.ma\/index.php\/2026\/02\/12\/une-nuit-de-madih-au-palais-de-la-culture-a-malabata\/#primaryimage\"},\"thumbnailUrl\":\"https:\/\/fr.365yawm.ma\/wp-content\/uploads\/2026\/02\/1770917808800.jpg\",\"datePublished\":\"2026-02-12T17:51:05+00:00\",\"breadcrumb\":{\"@id\":\"https:\/\/fr.365yawm.ma\/index.php\/2026\/02\/12\/une-nuit-de-madih-au-palais-de-la-culture-a-malabata\/#breadcrumb\"},\"inLanguage\":\"fr-FR\",\"potentialAction\":[{\"@type\":\"ReadAction\",\"target\":[\"https:\/\/fr.365yawm.ma\/index.php\/2026\/02\/12\/une-nuit-de-madih-au-palais-de-la-culture-a-malabata\/\"]}]},{\"@type\":\"ImageObject\",\"inLanguage\":\"fr-FR\",\"@id\":\"https:\/\/fr.365yawm.ma\/index.php\/2026\/02\/12\/une-nuit-de-madih-au-palais-de-la-culture-a-malabata\/#primaryimage\",\"url\":\"https:\/\/fr.365yawm.ma\/wp-content\/uploads\/2026\/02\/1770917808800.jpg\",\"contentUrl\":\"https:\/\/fr.365yawm.ma\/wp-content\/uploads\/2026\/02\/1770917808800.jpg\",\"width\":1024,\"height\":1820},{\"@type\":\"BreadcrumbList\",\"@id\":\"https:\/\/fr.365yawm.ma\/index.php\/2026\/02\/12\/une-nuit-de-madih-au-palais-de-la-culture-a-malabata\/#breadcrumb\",\"itemListElement\":[{\"@type\":\"ListItem\",\"position\":1,\"name\":\"Accueil\",\"item\":\"https:\/\/fr.365yawm.ma\/\"},{\"@type\":\"ListItem\",\"position\":2,\"name\":\"UNE NUIT DE MADIH AU PALAIS DE LA CULTURE \u00c0 MALABATA\"}]},{\"@type\":\"WebSite\",\"@id\":\"https:\/\/fr.365yawm.ma\/#website\",\"url\":\"https:\/\/fr.365yawm.ma\/\",\"name\":\"365YAWM fran\u00e7ais\",\"description\":\"\",\"publisher\":{\"@id\":\"https:\/\/fr.365yawm.ma\/#organization\"},\"potentialAction\":[{\"@type\":\"SearchAction\",\"target\":{\"@type\":\"EntryPoint\",\"urlTemplate\":\"https:\/\/fr.365yawm.ma\/?s={search_term_string}\"},\"query-input\":{\"@type\":\"PropertyValueSpecification\",\"valueRequired\":true,\"valueName\":\"search_term_string\"}}],\"inLanguage\":\"fr-FR\"},{\"@type\":\"Organization\",\"@id\":\"https:\/\/fr.365yawm.ma\/#organization\",\"name\":\"365 yawm\",\"url\":\"https:\/\/fr.365yawm.ma\/\",\"logo\":{\"@type\":\"ImageObject\",\"inLanguage\":\"fr-FR\",\"@id\":\"https:\/\/fr.365yawm.ma\/#\/schema\/logo\/image\/\",\"url\":\"https:\/\/fr.365yawm.ma\/wp-content\/uploads\/2020\/04\/icon.png\",\"contentUrl\":\"https:\/\/fr.365yawm.ma\/wp-content\/uploads\/2020\/04\/icon.png\",\"width\":512,\"height\":512,\"caption\":\"365 yawm\"},\"image\":{\"@id\":\"https:\/\/fr.365yawm.ma\/#\/schema\/logo\/image\/\"}},{\"@type\":\"Person\",\"@id\":\"https:\/\/fr.365yawm.ma\/#\/schema\/person\/3ae7f285880cb2045c5b6a6925408e72\",\"name\":\"fra365yawm\",\"image\":{\"@type\":\"ImageObject\",\"inLanguage\":\"fr-FR\",\"@id\":\"https:\/\/fr.365yawm.ma\/#\/schema\/person\/image\/\",\"url\":\"https:\/\/secure.gravatar.com\/avatar\/825cebdd359775298a5648431701cf17d00fd4fbec76f488ebc15fbeb220aa3a?s=96&d=mm&r=g\",\"contentUrl\":\"https:\/\/secure.gravatar.com\/avatar\/825cebdd359775298a5648431701cf17d00fd4fbec76f488ebc15fbeb220aa3a?s=96&d=mm&r=g\",\"caption\":\"fra365yawm\"},\"sameAs\":[\"https:\/\/fr.365yawm.ma\"]}]}<\/script>\n<!-- \/ Yoast SEO plugin. -->","yoast_head_json":{"title":"UNE NUIT DE MADIH AU PALAIS DE LA CULTURE \u00c0 MALABATA - 365YAWM fran\u00e7ais","robots":{"index":"index","follow":"follow","max-snippet":"max-snippet:-1","max-image-preview":"max-image-preview:large","max-video-preview":"max-video-preview:-1"},"canonical":"https:\/\/fr.365yawm.ma\/index.php\/2026\/02\/12\/une-nuit-de-madih-au-palais-de-la-culture-a-malabata\/","og_locale":"fr_FR","og_type":"article","og_title":"UNE NUIT DE MADIH AU PALAIS DE LA CULTURE \u00c0 MALABATA - 365YAWM fran\u00e7ais","og_description":"Dans le cadre de son programme ramadanesque, la Fondation Nassaim pour la pr\u00e9servation du patrimoine convie les m\u00e9lomanes \u00e0 une soir\u00e9e d\u2019exception d\u00e9di\u00e9e au madih et au sama\u00e2, le jeudi 26 f\u00e9vrier 2026. Organis\u00e9 au Palais de la culture et des arts de Malabata, \u00e0 partir de 21 heures, cet \u00e9v\u00e9nement s\u2019inscrit dans la volont\u00e9 [&hellip;]","og_url":"https:\/\/fr.365yawm.ma\/index.php\/2026\/02\/12\/une-nuit-de-madih-au-palais-de-la-culture-a-malabata\/","og_site_name":"365YAWM fran\u00e7ais","article_published_time":"2026-02-12T17:51:05+00:00","og_image":[{"width":1024,"height":1820,"url":"https:\/\/fr.365yawm.ma\/wp-content\/uploads\/2026\/02\/1770917808800.jpg","type":"image\/jpeg"}],"author":"fra365yawm","twitter_card":"summary_large_image","twitter_misc":{"\u00c9crit par":"fra365yawm","Dur\u00e9e de lecture estim\u00e9e":"2 minutes"},"schema":{"@context":"https:\/\/schema.org","@graph":[{"@type":"Article","@id":"https:\/\/fr.365yawm.ma\/index.php\/2026\/02\/12\/une-nuit-de-madih-au-palais-de-la-culture-a-malabata\/#article","isPartOf":{"@id":"https:\/\/fr.365yawm.ma\/index.php\/2026\/02\/12\/une-nuit-de-madih-au-palais-de-la-culture-a-malabata\/"},"author":{"name":"fra365yawm","@id":"https:\/\/fr.365yawm.ma\/#\/schema\/person\/3ae7f285880cb2045c5b6a6925408e72"},"headline":"UNE NUIT DE MADIH AU PALAIS DE LA CULTURE \u00c0 MALABATA","datePublished":"2026-02-12T17:51:05+00:00","mainEntityOfPage":{"@id":"https:\/\/fr.365yawm.ma\/index.php\/2026\/02\/12\/une-nuit-de-madih-au-palais-de-la-culture-a-malabata\/"},"wordCount":257,"commentCount":0,"publisher":{"@id":"https:\/\/fr.365yawm.ma\/#organization"},"image":{"@id":"https:\/\/fr.365yawm.ma\/index.php\/2026\/02\/12\/une-nuit-de-madih-au-palais-de-la-culture-a-malabata\/#primaryimage"},"thumbnailUrl":"https:\/\/fr.365yawm.ma\/wp-content\/uploads\/2026\/02\/1770917808800.jpg","articleSection":["Actualit\u00e9s"],"inLanguage":"fr-FR","potentialAction":[{"@type":"CommentAction","name":"Comment","target":["https:\/\/fr.365yawm.ma\/index.php\/2026\/02\/12\/une-nuit-de-madih-au-palais-de-la-culture-a-malabata\/#respond"]}]},{"@type":"WebPage","@id":"https:\/\/fr.365yawm.ma\/index.php\/2026\/02\/12\/une-nuit-de-madih-au-palais-de-la-culture-a-malabata\/","url":"https:\/\/fr.365yawm.ma\/index.php\/2026\/02\/12\/une-nuit-de-madih-au-palais-de-la-culture-a-malabata\/","name":"UNE NUIT DE MADIH AU PALAIS DE LA CULTURE \u00c0 MALABATA - 365YAWM fran\u00e7ais","isPartOf":{"@id":"https:\/\/fr.365yawm.ma\/#website"},"primaryImageOfPage":{"@id":"https:\/\/fr.365yawm.ma\/index.php\/2026\/02\/12\/une-nuit-de-madih-au-palais-de-la-culture-a-malabata\/#primaryimage"},"image":{"@id":"https:\/\/fr.365yawm.ma\/index.php\/2026\/02\/12\/une-nuit-de-madih-au-palais-de-la-culture-a-malabata\/#primaryimage"},"thumbnailUrl":"https:\/\/fr.365yawm.ma\/wp-content\/uploads\/2026\/02\/1770917808800.jpg","datePublished":"2026-02-12T17:51:05+00:00","breadcrumb":{"@id":"https:\/\/fr.365yawm.ma\/index.php\/2026\/02\/12\/une-nuit-de-madih-au-palais-de-la-culture-a-malabata\/#breadcrumb"},"inLanguage":"fr-FR","potentialAction":[{"@type":"ReadAction","target":["https:\/\/fr.365yawm.ma\/index.php\/2026\/02\/12\/une-nuit-de-madih-au-palais-de-la-culture-a-malabata\/"]}]},{"@type":"ImageObject","inLanguage":"fr-FR","@id":"https:\/\/fr.365yawm.ma\/index.php\/2026\/02\/12\/une-nuit-de-madih-au-palais-de-la-culture-a-malabata\/#primaryimage","url":"https:\/\/fr.365yawm.ma\/wp-content\/uploads\/2026\/02\/1770917808800.jpg","contentUrl":"https:\/\/fr.365yawm.ma\/wp-content\/uploads\/2026\/02\/1770917808800.jpg","width":1024,"height":1820},{"@type":"BreadcrumbList","@id":"https:\/\/fr.365yawm.ma\/index.php\/2026\/02\/12\/une-nuit-de-madih-au-palais-de-la-culture-a-malabata\/#breadcrumb","itemListElement":[{"@type":"ListItem","position":1,"name":"Accueil","item":"https:\/\/fr.365yawm.ma\/"},{"@type":"ListItem","position":2,"name":"UNE NUIT DE MADIH AU PALAIS DE LA CULTURE \u00c0 MALABATA"}]},{"@type":"WebSite","@id":"https:\/\/fr.365yawm.ma\/#website","url":"https:\/\/fr.365yawm.ma\/","name":"365YAWM fran\u00e7ais","description":"","publisher":{"@id":"https:\/\/fr.365yawm.ma\/#organization"},"potentialAction":[{"@type":"SearchAction","target":{"@type":"EntryPoint","urlTemplate":"https:\/\/fr.365yawm.ma\/?s={search_term_string}"},"query-input":{"@type":"PropertyValueSpecification","valueRequired":true,"valueName":"search_term_string"}}],"inLanguage":"fr-FR"},{"@type":"Organization","@id":"https:\/\/fr.365yawm.ma\/#organization","name":"365 yawm","url":"https:\/\/fr.365yawm.ma\/","logo":{"@type":"ImageObject","inLanguage":"fr-FR","@id":"https:\/\/fr.365yawm.ma\/#\/schema\/logo\/image\/","url":"https:\/\/fr.365yawm.ma\/wp-content\/uploads\/2020\/04\/icon.png","contentUrl":"https:\/\/fr.365yawm.ma\/wp-content\/uploads\/2020\/04\/icon.png","width":512,"height":512,"caption":"365 yawm"},"image":{"@id":"https:\/\/fr.365yawm.ma\/#\/schema\/logo\/image\/"}},{"@type":"Person","@id":"https:\/\/fr.365yawm.ma\/#\/schema\/person\/3ae7f285880cb2045c5b6a6925408e72","name":"fra365yawm","image":{"@type":"ImageObject","inLanguage":"fr-FR","@id":"https:\/\/fr.365yawm.ma\/#\/schema\/person\/image\/","url":"https:\/\/secure.gravatar.com\/avatar\/825cebdd359775298a5648431701cf17d00fd4fbec76f488ebc15fbeb220aa3a?s=96&d=mm&r=g","contentUrl":"https:\/\/secure.gravatar.com\/avatar\/825cebdd359775298a5648431701cf17d00fd4fbec76f488ebc15fbeb220aa3a?s=96&d=mm&r=g","caption":"fra365yawm"},"sameAs":["https:\/\/fr.365yawm.ma"]}]}},"jetpack_featured_media_url":"https:\/\/fr.365yawm.ma\/wp-content\/uploads\/2026\/02\/1770917808800.jpg","jetpack_sharing_enabled":true,"_links":{"self":[{"href":"https:\/\/fr.365yawm.ma\/index.php\/wp-json\/wp\/v2\/posts\/6111","targetHints":{"allow":["GET"]}}],"collection":[{"href":"https:\/\/fr.365yawm.ma\/index.php\/wp-json\/wp\/v2\/posts"}],"about":[{"href":"https:\/\/fr.365yawm.ma\/index.php\/wp-json\/wp\/v2\/types\/post"}],"author":[{"embeddable":true,"href":"https:\/\/fr.365yawm.ma\/index.php\/wp-json\/wp\/v2\/users\/1"}],"replies":[{"embeddable":true,"href":"https:\/\/fr.365yawm.ma\/index.php\/wp-json\/wp\/v2\/comments?post=6111"}],"version-history":[{"count":1,"href":"https:\/\/fr.365yawm.ma\/index.php\/wp-json\/wp\/v2\/posts\/6111\/revisions"}],"predecessor-version":[{"id":6113,"href":"https:\/\/fr.365yawm.ma\/index.php\/wp-json\/wp\/v2\/posts\/6111\/revisions\/6113"}],"wp:featuredmedia":[{"embeddable":true,"href":"https:\/\/fr.365yawm.ma\/index.php\/wp-json\/wp\/v2\/media\/6112"}],"wp:attachment":[{"href":"https:\/\/fr.365yawm.ma\/index.php\/wp-json\/wp\/v2\/media?parent=6111"}],"wp:term":[{"taxonomy":"category","embeddable":true,"href":"https:\/\/fr.365yawm.ma\/index.php\/wp-json\/wp\/v2\/categories?post=6111"},{"taxonomy":"post_tag","embeddable":true,"href":"https:\/\/fr.365yawm.ma\/index.php\/wp-json\/wp\/v2\/tags?post=6111"}],"curies":[{"name":"wp","href":"https:\/\/api.w.org\/{rel}","templated":true}]}}