{"id":6003,"date":"2026-01-13T20:50:44","date_gmt":"2026-01-13T19:50:44","guid":{"rendered":"https:\/\/fr.365yawm.ma\/?p=6003"},"modified":"2026-01-13T20:50:44","modified_gmt":"2026-01-13T19:50:44","slug":"julio-iglesias-accuse-d-agressions-sexuelles","status":"publish","type":"post","link":"https:\/\/fr.365yawm.ma\/index.php\/2026\/01\/13\/julio-iglesias-accuse-d-agressions-sexuelles\/","title":{"rendered":"JULIO IGLESIAS ACCUS\u00c9 D&rsquo; AGRESSIONS SEXUELLES"},"content":{"rendered":"<p style=\"padding-left: 40px;\">Deux anciennes employ\u00e9es dominicaines du c\u00e9l\u00e8bre espagnol Julio iglesias (81 ans) le poursuivent en justice en Espagne, apr\u00e8s avoir d\u00e9nonc\u00e9 des agressions sexuelles et des viols pr\u00e9sum\u00e9ment commis en 2021, dans une enqu\u00eate publi\u00e9e mardi par les m\u00e9dias eldiario.es\u00a0 et Univision Noticias apr\u00e8s trois ans d\u2019enqu\u00eate.<\/p>\n<p>Toutes deux ont port\u00e9 plainte contre le chanteur le 5 janvier, sans que son contenu exact ne soit r\u00e9v\u00e9l\u00e9.<\/p>\n<p>Les deux femmes d\u00e9crivent, dans des enregistrements diffus\u00e9s par la sexta, un climat de terreur instaur\u00e9 par Julio Iglesias et ses employ\u00e9s, avec des insultes et des humiliations durant leur journ\u00e9e de travail.<\/p>\n<p>Cette affaire risque de conna\u00eetre de nouveaux rebondissements.<\/p>\n","protected":false},"excerpt":{"rendered":"<p>Deux anciennes employ\u00e9es dominicaines du c\u00e9l\u00e8bre espagnol Julio iglesias (81 ans) le poursuivent en justice en Espagne, apr\u00e8s avoir d\u00e9nonc\u00e9 des agressions sexuelles et des viols pr\u00e9sum\u00e9ment commis en 2021, dans une enqu\u00eate publi\u00e9e mardi par les m\u00e9dias eldiario.es\u00a0 et Univision Noticias apr\u00e8s trois ans d\u2019enqu\u00eate. Toutes deux ont port\u00e9 plainte contre le chanteur le [&hellip;]<\/p>\n","protected":false},"author":1,"featured_media":6005,"comment_status":"open","ping_status":"open","sticky":false,"template":"","format":"standard","meta":{"_bbp_topic_count":0,"_bbp_reply_count":0,"_bbp_total_topic_count":0,"_bbp_total_reply_count":0,"_bbp_voice_count":0,"_bbp_anonymous_reply_count":0,"_bbp_topic_count_hidden":0,"_bbp_reply_count_hidden":0,"_bbp_forum_subforum_count":0,"_jetpack_memberships_contains_paid_content":false,"footnotes":""},"categories":[1],"tags":[],"class_list":["post-6003","post","type-post","status-publish","format-standard","has-post-thumbnail","hentry","category-non-classe"],"yoast_head":"<!-- This site is optimized with the Yoast SEO plugin v24.9 - https:\/\/yoast.com\/wordpress\/plugins\/seo\/ -->\n<title>JULIO IGLESIAS ACCUS\u00c9 D&#039; AGRESSIONS SEXUELLES - 365YAWM fran\u00e7ais<\/title>\n<meta name=\"robots\" content=\"index, follow, max-snippet:-1, max-image-preview:large, max-video-preview:-1\" \/>\n<link rel=\"canonical\" href=\"https:\/\/fr.365yawm.ma\/index.php\/2026\/01\/13\/julio-iglesias-accuse-d-agressions-sexuelles\/\" \/>\n<meta property=\"og:locale\" content=\"fr_FR\" \/>\n<meta property=\"og:type\" content=\"article\" \/>\n<meta property=\"og:title\" content=\"JULIO IGLESIAS ACCUS\u00c9 D&#039; AGRESSIONS SEXUELLES - 365YAWM fran\u00e7ais\" \/>\n<meta property=\"og:description\" content=\"Deux anciennes employ\u00e9es dominicaines du c\u00e9l\u00e8bre espagnol Julio iglesias (81 ans) le poursuivent en justice en Espagne, apr\u00e8s avoir d\u00e9nonc\u00e9 des agressions sexuelles et des viols pr\u00e9sum\u00e9ment commis en 2021, dans une enqu\u00eate publi\u00e9e mardi par les m\u00e9dias eldiario.es\u00a0 et Univision Noticias apr\u00e8s trois ans d\u2019enqu\u00eate. Toutes deux ont port\u00e9 plainte contre le chanteur le [&hellip;]\" \/>\n<meta property=\"og:url\" content=\"https:\/\/fr.365yawm.ma\/index.php\/2026\/01\/13\/julio-iglesias-accuse-d-agressions-sexuelles\/\" \/>\n<meta property=\"og:site_name\" content=\"365YAWM fran\u00e7ais\" \/>\n<meta property=\"article:published_time\" content=\"2026-01-13T19:50:44+00:00\" \/>\n<meta property=\"og:image\" content=\"https:\/\/fr.365yawm.ma\/wp-content\/uploads\/2026\/01\/InShot_20260113_204907921.jpg\" \/>\n\t<meta property=\"og:image:width\" content=\"1920\" \/>\n\t<meta property=\"og:image:height\" content=\"1079\" \/>\n\t<meta property=\"og:image:type\" content=\"image\/jpeg\" \/>\n<meta name=\"author\" content=\"fra365yawm\" \/>\n<meta name=\"twitter:card\" content=\"summary_large_image\" \/>\n<meta name=\"twitter:label1\" content=\"\u00c9crit par\" \/>\n\t<meta name=\"twitter:data1\" content=\"fra365yawm\" \/>\n\t<meta name=\"twitter:label2\" content=\"Dur\u00e9e de lecture estim\u00e9e\" \/>\n\t<meta name=\"twitter:data2\" content=\"1 minute\" \/>\n<script type=\"application\/ld+json\" class=\"yoast-schema-graph\">{\"@context\":\"https:\/\/schema.org\",\"@graph\":[{\"@type\":\"Article\",\"@id\":\"https:\/\/fr.365yawm.ma\/index.php\/2026\/01\/13\/julio-iglesias-accuse-d-agressions-sexuelles\/#article\",\"isPartOf\":{\"@id\":\"https:\/\/fr.365yawm.ma\/index.php\/2026\/01\/13\/julio-iglesias-accuse-d-agressions-sexuelles\/\"},\"author\":{\"name\":\"fra365yawm\",\"@id\":\"https:\/\/fr.365yawm.ma\/#\/schema\/person\/3ae7f285880cb2045c5b6a6925408e72\"},\"headline\":\"JULIO IGLESIAS ACCUS\u00c9 D&rsquo; AGRESSIONS SEXUELLES\",\"datePublished\":\"2026-01-13T19:50:44+00:00\",\"mainEntityOfPage\":{\"@id\":\"https:\/\/fr.365yawm.ma\/index.php\/2026\/01\/13\/julio-iglesias-accuse-d-agressions-sexuelles\/\"},\"wordCount\":130,\"commentCount\":0,\"publisher\":{\"@id\":\"https:\/\/fr.365yawm.ma\/#organization\"},\"image\":{\"@id\":\"https:\/\/fr.365yawm.ma\/index.php\/2026\/01\/13\/julio-iglesias-accuse-d-agressions-sexuelles\/#primaryimage\"},\"thumbnailUrl\":\"https:\/\/fr.365yawm.ma\/wp-content\/uploads\/2026\/01\/InShot_20260113_204907921.jpg\",\"inLanguage\":\"fr-FR\",\"potentialAction\":[{\"@type\":\"CommentAction\",\"name\":\"Comment\",\"target\":[\"https:\/\/fr.365yawm.ma\/index.php\/2026\/01\/13\/julio-iglesias-accuse-d-agressions-sexuelles\/#respond\"]}]},{\"@type\":\"WebPage\",\"@id\":\"https:\/\/fr.365yawm.ma\/index.php\/2026\/01\/13\/julio-iglesias-accuse-d-agressions-sexuelles\/\",\"url\":\"https:\/\/fr.365yawm.ma\/index.php\/2026\/01\/13\/julio-iglesias-accuse-d-agressions-sexuelles\/\",\"name\":\"JULIO IGLESIAS ACCUS\u00c9 D' AGRESSIONS SEXUELLES - 365YAWM fran\u00e7ais\",\"isPartOf\":{\"@id\":\"https:\/\/fr.365yawm.ma\/#website\"},\"primaryImageOfPage\":{\"@id\":\"https:\/\/fr.365yawm.ma\/index.php\/2026\/01\/13\/julio-iglesias-accuse-d-agressions-sexuelles\/#primaryimage\"},\"image\":{\"@id\":\"https:\/\/fr.365yawm.ma\/index.php\/2026\/01\/13\/julio-iglesias-accuse-d-agressions-sexuelles\/#primaryimage\"},\"thumbnailUrl\":\"https:\/\/fr.365yawm.ma\/wp-content\/uploads\/2026\/01\/InShot_20260113_204907921.jpg\",\"datePublished\":\"2026-01-13T19:50:44+00:00\",\"breadcrumb\":{\"@id\":\"https:\/\/fr.365yawm.ma\/index.php\/2026\/01\/13\/julio-iglesias-accuse-d-agressions-sexuelles\/#breadcrumb\"},\"inLanguage\":\"fr-FR\",\"potentialAction\":[{\"@type\":\"ReadAction\",\"target\":[\"https:\/\/fr.365yawm.ma\/index.php\/2026\/01\/13\/julio-iglesias-accuse-d-agressions-sexuelles\/\"]}]},{\"@type\":\"ImageObject\",\"inLanguage\":\"fr-FR\",\"@id\":\"https:\/\/fr.365yawm.ma\/index.php\/2026\/01\/13\/julio-iglesias-accuse-d-agressions-sexuelles\/#primaryimage\",\"url\":\"https:\/\/fr.365yawm.ma\/wp-content\/uploads\/2026\/01\/InShot_20260113_204907921.jpg\",\"contentUrl\":\"https:\/\/fr.365yawm.ma\/wp-content\/uploads\/2026\/01\/InShot_20260113_204907921.jpg\",\"width\":1920,\"height\":1079},{\"@type\":\"BreadcrumbList\",\"@id\":\"https:\/\/fr.365yawm.ma\/index.php\/2026\/01\/13\/julio-iglesias-accuse-d-agressions-sexuelles\/#breadcrumb\",\"itemListElement\":[{\"@type\":\"ListItem\",\"position\":1,\"name\":\"Accueil\",\"item\":\"https:\/\/fr.365yawm.ma\/\"},{\"@type\":\"ListItem\",\"position\":2,\"name\":\"JULIO IGLESIAS ACCUS\u00c9 D&rsquo; AGRESSIONS SEXUELLES\"}]},{\"@type\":\"WebSite\",\"@id\":\"https:\/\/fr.365yawm.ma\/#website\",\"url\":\"https:\/\/fr.365yawm.ma\/\",\"name\":\"365YAWM fran\u00e7ais\",\"description\":\"\",\"publisher\":{\"@id\":\"https:\/\/fr.365yawm.ma\/#organization\"},\"potentialAction\":[{\"@type\":\"SearchAction\",\"target\":{\"@type\":\"EntryPoint\",\"urlTemplate\":\"https:\/\/fr.365yawm.ma\/?s={search_term_string}\"},\"query-input\":{\"@type\":\"PropertyValueSpecification\",\"valueRequired\":true,\"valueName\":\"search_term_string\"}}],\"inLanguage\":\"fr-FR\"},{\"@type\":\"Organization\",\"@id\":\"https:\/\/fr.365yawm.ma\/#organization\",\"name\":\"365 yawm\",\"url\":\"https:\/\/fr.365yawm.ma\/\",\"logo\":{\"@type\":\"ImageObject\",\"inLanguage\":\"fr-FR\",\"@id\":\"https:\/\/fr.365yawm.ma\/#\/schema\/logo\/image\/\",\"url\":\"https:\/\/fr.365yawm.ma\/wp-content\/uploads\/2020\/04\/icon.png\",\"contentUrl\":\"https:\/\/fr.365yawm.ma\/wp-content\/uploads\/2020\/04\/icon.png\",\"width\":512,\"height\":512,\"caption\":\"365 yawm\"},\"image\":{\"@id\":\"https:\/\/fr.365yawm.ma\/#\/schema\/logo\/image\/\"}},{\"@type\":\"Person\",\"@id\":\"https:\/\/fr.365yawm.ma\/#\/schema\/person\/3ae7f285880cb2045c5b6a6925408e72\",\"name\":\"fra365yawm\",\"image\":{\"@type\":\"ImageObject\",\"inLanguage\":\"fr-FR\",\"@id\":\"https:\/\/fr.365yawm.ma\/#\/schema\/person\/image\/\",\"url\":\"https:\/\/secure.gravatar.com\/avatar\/825cebdd359775298a5648431701cf17d00fd4fbec76f488ebc15fbeb220aa3a?s=96&d=mm&r=g\",\"contentUrl\":\"https:\/\/secure.gravatar.com\/avatar\/825cebdd359775298a5648431701cf17d00fd4fbec76f488ebc15fbeb220aa3a?s=96&d=mm&r=g\",\"caption\":\"fra365yawm\"},\"sameAs\":[\"https:\/\/fr.365yawm.ma\"]}]}<\/script>\n<!-- \/ Yoast SEO plugin. -->","yoast_head_json":{"title":"JULIO IGLESIAS ACCUS\u00c9 D' AGRESSIONS SEXUELLES - 365YAWM fran\u00e7ais","robots":{"index":"index","follow":"follow","max-snippet":"max-snippet:-1","max-image-preview":"max-image-preview:large","max-video-preview":"max-video-preview:-1"},"canonical":"https:\/\/fr.365yawm.ma\/index.php\/2026\/01\/13\/julio-iglesias-accuse-d-agressions-sexuelles\/","og_locale":"fr_FR","og_type":"article","og_title":"JULIO IGLESIAS ACCUS\u00c9 D' AGRESSIONS SEXUELLES - 365YAWM fran\u00e7ais","og_description":"Deux anciennes employ\u00e9es dominicaines du c\u00e9l\u00e8bre espagnol Julio iglesias (81 ans) le poursuivent en justice en Espagne, apr\u00e8s avoir d\u00e9nonc\u00e9 des agressions sexuelles et des viols pr\u00e9sum\u00e9ment commis en 2021, dans une enqu\u00eate publi\u00e9e mardi par les m\u00e9dias eldiario.es\u00a0 et Univision Noticias apr\u00e8s trois ans d\u2019enqu\u00eate. Toutes deux ont port\u00e9 plainte contre le chanteur le [&hellip;]","og_url":"https:\/\/fr.365yawm.ma\/index.php\/2026\/01\/13\/julio-iglesias-accuse-d-agressions-sexuelles\/","og_site_name":"365YAWM fran\u00e7ais","article_published_time":"2026-01-13T19:50:44+00:00","og_image":[{"width":1920,"height":1079,"url":"https:\/\/fr.365yawm.ma\/wp-content\/uploads\/2026\/01\/InShot_20260113_204907921.jpg","type":"image\/jpeg"}],"author":"fra365yawm","twitter_card":"summary_large_image","twitter_misc":{"\u00c9crit par":"fra365yawm","Dur\u00e9e de lecture estim\u00e9e":"1 minute"},"schema":{"@context":"https:\/\/schema.org","@graph":[{"@type":"Article","@id":"https:\/\/fr.365yawm.ma\/index.php\/2026\/01\/13\/julio-iglesias-accuse-d-agressions-sexuelles\/#article","isPartOf":{"@id":"https:\/\/fr.365yawm.ma\/index.php\/2026\/01\/13\/julio-iglesias-accuse-d-agressions-sexuelles\/"},"author":{"name":"fra365yawm","@id":"https:\/\/fr.365yawm.ma\/#\/schema\/person\/3ae7f285880cb2045c5b6a6925408e72"},"headline":"JULIO IGLESIAS ACCUS\u00c9 D&rsquo; AGRESSIONS SEXUELLES","datePublished":"2026-01-13T19:50:44+00:00","mainEntityOfPage":{"@id":"https:\/\/fr.365yawm.ma\/index.php\/2026\/01\/13\/julio-iglesias-accuse-d-agressions-sexuelles\/"},"wordCount":130,"commentCount":0,"publisher":{"@id":"https:\/\/fr.365yawm.ma\/#organization"},"image":{"@id":"https:\/\/fr.365yawm.ma\/index.php\/2026\/01\/13\/julio-iglesias-accuse-d-agressions-sexuelles\/#primaryimage"},"thumbnailUrl":"https:\/\/fr.365yawm.ma\/wp-content\/uploads\/2026\/01\/InShot_20260113_204907921.jpg","inLanguage":"fr-FR","potentialAction":[{"@type":"CommentAction","name":"Comment","target":["https:\/\/fr.365yawm.ma\/index.php\/2026\/01\/13\/julio-iglesias-accuse-d-agressions-sexuelles\/#respond"]}]},{"@type":"WebPage","@id":"https:\/\/fr.365yawm.ma\/index.php\/2026\/01\/13\/julio-iglesias-accuse-d-agressions-sexuelles\/","url":"https:\/\/fr.365yawm.ma\/index.php\/2026\/01\/13\/julio-iglesias-accuse-d-agressions-sexuelles\/","name":"JULIO IGLESIAS ACCUS\u00c9 D' AGRESSIONS SEXUELLES - 365YAWM fran\u00e7ais","isPartOf":{"@id":"https:\/\/fr.365yawm.ma\/#website"},"primaryImageOfPage":{"@id":"https:\/\/fr.365yawm.ma\/index.php\/2026\/01\/13\/julio-iglesias-accuse-d-agressions-sexuelles\/#primaryimage"},"image":{"@id":"https:\/\/fr.365yawm.ma\/index.php\/2026\/01\/13\/julio-iglesias-accuse-d-agressions-sexuelles\/#primaryimage"},"thumbnailUrl":"https:\/\/fr.365yawm.ma\/wp-content\/uploads\/2026\/01\/InShot_20260113_204907921.jpg","datePublished":"2026-01-13T19:50:44+00:00","breadcrumb":{"@id":"https:\/\/fr.365yawm.ma\/index.php\/2026\/01\/13\/julio-iglesias-accuse-d-agressions-sexuelles\/#breadcrumb"},"inLanguage":"fr-FR","potentialAction":[{"@type":"ReadAction","target":["https:\/\/fr.365yawm.ma\/index.php\/2026\/01\/13\/julio-iglesias-accuse-d-agressions-sexuelles\/"]}]},{"@type":"ImageObject","inLanguage":"fr-FR","@id":"https:\/\/fr.365yawm.ma\/index.php\/2026\/01\/13\/julio-iglesias-accuse-d-agressions-sexuelles\/#primaryimage","url":"https:\/\/fr.365yawm.ma\/wp-content\/uploads\/2026\/01\/InShot_20260113_204907921.jpg","contentUrl":"https:\/\/fr.365yawm.ma\/wp-content\/uploads\/2026\/01\/InShot_20260113_204907921.jpg","width":1920,"height":1079},{"@type":"BreadcrumbList","@id":"https:\/\/fr.365yawm.ma\/index.php\/2026\/01\/13\/julio-iglesias-accuse-d-agressions-sexuelles\/#breadcrumb","itemListElement":[{"@type":"ListItem","position":1,"name":"Accueil","item":"https:\/\/fr.365yawm.ma\/"},{"@type":"ListItem","position":2,"name":"JULIO IGLESIAS ACCUS\u00c9 D&rsquo; AGRESSIONS SEXUELLES"}]},{"@type":"WebSite","@id":"https:\/\/fr.365yawm.ma\/#website","url":"https:\/\/fr.365yawm.ma\/","name":"365YAWM fran\u00e7ais","description":"","publisher":{"@id":"https:\/\/fr.365yawm.ma\/#organization"},"potentialAction":[{"@type":"SearchAction","target":{"@type":"EntryPoint","urlTemplate":"https:\/\/fr.365yawm.ma\/?s={search_term_string}"},"query-input":{"@type":"PropertyValueSpecification","valueRequired":true,"valueName":"search_term_string"}}],"inLanguage":"fr-FR"},{"@type":"Organization","@id":"https:\/\/fr.365yawm.ma\/#organization","name":"365 yawm","url":"https:\/\/fr.365yawm.ma\/","logo":{"@type":"ImageObject","inLanguage":"fr-FR","@id":"https:\/\/fr.365yawm.ma\/#\/schema\/logo\/image\/","url":"https:\/\/fr.365yawm.ma\/wp-content\/uploads\/2020\/04\/icon.png","contentUrl":"https:\/\/fr.365yawm.ma\/wp-content\/uploads\/2020\/04\/icon.png","width":512,"height":512,"caption":"365 yawm"},"image":{"@id":"https:\/\/fr.365yawm.ma\/#\/schema\/logo\/image\/"}},{"@type":"Person","@id":"https:\/\/fr.365yawm.ma\/#\/schema\/person\/3ae7f285880cb2045c5b6a6925408e72","name":"fra365yawm","image":{"@type":"ImageObject","inLanguage":"fr-FR","@id":"https:\/\/fr.365yawm.ma\/#\/schema\/person\/image\/","url":"https:\/\/secure.gravatar.com\/avatar\/825cebdd359775298a5648431701cf17d00fd4fbec76f488ebc15fbeb220aa3a?s=96&d=mm&r=g","contentUrl":"https:\/\/secure.gravatar.com\/avatar\/825cebdd359775298a5648431701cf17d00fd4fbec76f488ebc15fbeb220aa3a?s=96&d=mm&r=g","caption":"fra365yawm"},"sameAs":["https:\/\/fr.365yawm.ma"]}]}},"jetpack_featured_media_url":"https:\/\/fr.365yawm.ma\/wp-content\/uploads\/2026\/01\/InShot_20260113_204907921.jpg","jetpack_sharing_enabled":true,"_links":{"self":[{"href":"https:\/\/fr.365yawm.ma\/index.php\/wp-json\/wp\/v2\/posts\/6003","targetHints":{"allow":["GET"]}}],"collection":[{"href":"https:\/\/fr.365yawm.ma\/index.php\/wp-json\/wp\/v2\/posts"}],"about":[{"href":"https:\/\/fr.365yawm.ma\/index.php\/wp-json\/wp\/v2\/types\/post"}],"author":[{"embeddable":true,"href":"https:\/\/fr.365yawm.ma\/index.php\/wp-json\/wp\/v2\/users\/1"}],"replies":[{"embeddable":true,"href":"https:\/\/fr.365yawm.ma\/index.php\/wp-json\/wp\/v2\/comments?post=6003"}],"version-history":[{"count":1,"href":"https:\/\/fr.365yawm.ma\/index.php\/wp-json\/wp\/v2\/posts\/6003\/revisions"}],"predecessor-version":[{"id":6006,"href":"https:\/\/fr.365yawm.ma\/index.php\/wp-json\/wp\/v2\/posts\/6003\/revisions\/6006"}],"wp:featuredmedia":[{"embeddable":true,"href":"https:\/\/fr.365yawm.ma\/index.php\/wp-json\/wp\/v2\/media\/6005"}],"wp:attachment":[{"href":"https:\/\/fr.365yawm.ma\/index.php\/wp-json\/wp\/v2\/media?parent=6003"}],"wp:term":[{"taxonomy":"category","embeddable":true,"href":"https:\/\/fr.365yawm.ma\/index.php\/wp-json\/wp\/v2\/categories?post=6003"},{"taxonomy":"post_tag","embeddable":true,"href":"https:\/\/fr.365yawm.ma\/index.php\/wp-json\/wp\/v2\/tags?post=6003"}],"curies":[{"name":"wp","href":"https:\/\/api.w.org\/{rel}","templated":true}]}}