{"id":5914,"date":"2025-12-02T23:25:17","date_gmt":"2025-12-02T22:25:17","guid":{"rendered":"https:\/\/fr.365yawm.ma\/?p=5914"},"modified":"2025-12-02T23:26:52","modified_gmt":"2025-12-02T22:26:52","slug":"frmb-un-candidat-a-la-presidence-interpelle-le-ministre","status":"publish","type":"post","link":"https:\/\/fr.365yawm.ma\/index.php\/2025\/12\/02\/frmb-un-candidat-a-la-presidence-interpelle-le-ministre\/","title":{"rendered":"FRMBB: UN CANDIDAT \u00c0 LA PR\u00c9SIDENCE INTERPELLE LE MINISTRE"},"content":{"rendered":"<p><strong>La pr\u00e9paration de l\u2019Assembl\u00e9e g\u00e9n\u00e9rale \u00e9lective de la F\u00e9d\u00e9ration Royale Marocaine de Basketball (FRMBB) conna\u00eet un nouveau rebondissement. Abdelouahid Boulaich, candidat \u00e0 la pr\u00e9sidence de l\u2019instance, a saisi le ministre de l\u2019\u00c9ducation nationale, du Pr\u00e9scolaire et des Sports pour d\u00e9noncer ce qu\u2019il qualifie de \u201cpratiques irr\u00e9guli\u00e8res\u201d au sein du comit\u00e9 provisoire charg\u00e9 de g\u00e9rer la f\u00e9d\u00e9ration.<\/strong><\/p>\n<p>Dans une lettre adress\u00e9e au ministre, Boulaich affirme que les conditions actuelles d\u2019organisation ne garantissent ni \u201c<strong>la transparence<\/strong>\u201d, ni \u201c<strong>l\u2019impartialit\u00e9<\/strong>\u201d, ni \u201cla probit\u00e9\u201d requises pour un scrutin cr\u00e9dible. Selon lui, plusieurs signaux relev\u00e9s ces derniers mois \u2014 r\u00e9unions, communications, d\u00e9clarations publiques \u2014 montrent que certains membres du comit\u00e9 provisoire &lsquo;nourriraient&rsquo; l\u2019ambition de se pr\u00e9senter eux-m\u00eames \u00e0 la pr\u00e9sidence.<\/p>\n<p>Une situation<strong> \u201cinacceptable sur les plans l\u00e9gal et \u00e9thique<\/strong>\u201d, estime le candidat, rappelant que les comit\u00e9s provisoires sont tenus \u00e0 une stricte neutralit\u00e9 et ne peuvent, en aucun cas, s\u2019impliquer dans la comp\u00e9tition \u00e9lectorale qu\u2019ils supervisent.<\/p>\n<p>Dans sa missive, Abdelouahid Boulaich souligne que que le minist\u00e8re de tutelle doit veiller au respect rigoureux des r\u00e8gles de gouvernance sportive et \u00e9lectorale.<\/p>\n<p>Le candidat demande ainsi au ministre d\u2019intervenir pour <strong>\u201cgarantir la clart\u00e9, la neutralit\u00e9 et la transparence<\/strong>\u201d du processus \u00e9lectoral. Il reproche \u00e9galement au comit\u00e9 provisoire de n\u2019avoir toujours pas communiqu\u00e9 les documents indispensables \u00e0 la tenue de l\u2019Assembl\u00e9e g\u00e9n\u00e9rale : le code \u00e9lectoral, la liste des associations convoqu\u00e9es et le nombre de voix attribu\u00e9es \u00e0 chacune, ainsi que les rapports moral et financier.<\/p>\n<p>Pour Boulaich, ce retard constitue \u201c<strong>une lenteur injustifi\u00e9e<\/strong>\u201d qui pourrait \u201cporter atteinte \u00e0 l\u2019\u00e9galit\u00e9 des chances\u201d entre les candidats et \u201c<strong>favoriser de mani\u00e8re manifeste une partie au d\u00e9triment des autres\u201d.<\/strong><\/p>\n<p>\u00c0 l\u2019approche de l\u2019\u00e9ch\u00e9ance \u00e9lectorale, cette plainte met en lumi\u00e8re les tensions persistantes autour de la gouvernance du basketball national et interroge sur la capacit\u00e9 du comit\u00e9 provisoire \u00e0 mener \u00e0 bien sa mission de mani\u00e8re totalement impartiale. Le minist\u00e8re n\u2019a, pour l\u2019heure, \u00e9mis aucune r\u00e9action officielle.<\/p>\n","protected":false},"excerpt":{"rendered":"<p>La pr\u00e9paration de l\u2019Assembl\u00e9e g\u00e9n\u00e9rale \u00e9lective de la F\u00e9d\u00e9ration Royale Marocaine de Basketball (FRMBB) conna\u00eet un nouveau rebondissement. Abdelouahid Boulaich, candidat \u00e0 la pr\u00e9sidence de l\u2019instance, a saisi le ministre de l\u2019\u00c9ducation nationale, du Pr\u00e9scolaire et des Sports pour d\u00e9noncer ce qu\u2019il qualifie de \u201cpratiques irr\u00e9guli\u00e8res\u201d au sein du comit\u00e9 provisoire charg\u00e9 de g\u00e9rer la [&hellip;]<\/p>\n","protected":false},"author":1,"featured_media":5915,"comment_status":"open","ping_status":"open","sticky":false,"template":"","format":"standard","meta":{"_bbp_topic_count":0,"_bbp_reply_count":0,"_bbp_total_topic_count":0,"_bbp_total_reply_count":0,"_bbp_voice_count":0,"_bbp_anonymous_reply_count":0,"_bbp_topic_count_hidden":0,"_bbp_reply_count_hidden":0,"_bbp_forum_subforum_count":0,"_jetpack_memberships_contains_paid_content":false,"footnotes":""},"categories":[28],"tags":[],"class_list":["post-5914","post","type-post","status-publish","format-standard","has-post-thumbnail","hentry","category-sport"],"yoast_head":"<!-- This site is optimized with the Yoast SEO plugin v24.9 - https:\/\/yoast.com\/wordpress\/plugins\/seo\/ -->\n<title>FRMBB: UN CANDIDAT \u00c0 LA PR\u00c9SIDENCE INTERPELLE LE MINISTRE - 365YAWM fran\u00e7ais<\/title>\n<meta name=\"robots\" content=\"index, follow, max-snippet:-1, max-image-preview:large, max-video-preview:-1\" \/>\n<link rel=\"canonical\" href=\"https:\/\/fr.365yawm.ma\/index.php\/2025\/12\/02\/frmb-un-candidat-a-la-presidence-interpelle-le-ministre\/\" \/>\n<meta property=\"og:locale\" content=\"fr_FR\" \/>\n<meta property=\"og:type\" content=\"article\" \/>\n<meta property=\"og:title\" content=\"FRMBB: UN CANDIDAT \u00c0 LA PR\u00c9SIDENCE INTERPELLE LE MINISTRE - 365YAWM fran\u00e7ais\" \/>\n<meta property=\"og:description\" content=\"La pr\u00e9paration de l\u2019Assembl\u00e9e g\u00e9n\u00e9rale \u00e9lective de la F\u00e9d\u00e9ration Royale Marocaine de Basketball (FRMBB) conna\u00eet un nouveau rebondissement. Abdelouahid Boulaich, candidat \u00e0 la pr\u00e9sidence de l\u2019instance, a saisi le ministre de l\u2019\u00c9ducation nationale, du Pr\u00e9scolaire et des Sports pour d\u00e9noncer ce qu\u2019il qualifie de \u201cpratiques irr\u00e9guli\u00e8res\u201d au sein du comit\u00e9 provisoire charg\u00e9 de g\u00e9rer la [&hellip;]\" \/>\n<meta property=\"og:url\" content=\"https:\/\/fr.365yawm.ma\/index.php\/2025\/12\/02\/frmb-un-candidat-a-la-presidence-interpelle-le-ministre\/\" \/>\n<meta property=\"og:site_name\" content=\"365YAWM fran\u00e7ais\" \/>\n<meta property=\"article:published_time\" content=\"2025-12-02T22:25:17+00:00\" \/>\n<meta property=\"article:modified_time\" content=\"2025-12-02T22:26:52+00:00\" \/>\n<meta property=\"og:image\" content=\"https:\/\/fr.365yawm.ma\/wp-content\/uploads\/2025\/12\/IMG-20251202-WA0131.jpg\" \/>\n\t<meta property=\"og:image:width\" content=\"1170\" \/>\n\t<meta property=\"og:image:height\" content=\"736\" \/>\n\t<meta property=\"og:image:type\" content=\"image\/jpeg\" \/>\n<meta name=\"author\" content=\"fra365yawm\" \/>\n<meta name=\"twitter:card\" content=\"summary_large_image\" \/>\n<meta name=\"twitter:label1\" content=\"\u00c9crit par\" \/>\n\t<meta name=\"twitter:data1\" content=\"fra365yawm\" \/>\n\t<meta name=\"twitter:label2\" content=\"Dur\u00e9e de lecture estim\u00e9e\" \/>\n\t<meta name=\"twitter:data2\" content=\"2 minutes\" \/>\n<script type=\"application\/ld+json\" class=\"yoast-schema-graph\">{\"@context\":\"https:\/\/schema.org\",\"@graph\":[{\"@type\":\"Article\",\"@id\":\"https:\/\/fr.365yawm.ma\/index.php\/2025\/12\/02\/frmb-un-candidat-a-la-presidence-interpelle-le-ministre\/#article\",\"isPartOf\":{\"@id\":\"https:\/\/fr.365yawm.ma\/index.php\/2025\/12\/02\/frmb-un-candidat-a-la-presidence-interpelle-le-ministre\/\"},\"author\":{\"name\":\"fra365yawm\",\"@id\":\"https:\/\/fr.365yawm.ma\/#\/schema\/person\/3ae7f285880cb2045c5b6a6925408e72\"},\"headline\":\"FRMBB: UN CANDIDAT \u00c0 LA PR\u00c9SIDENCE INTERPELLE LE MINISTRE\",\"datePublished\":\"2025-12-02T22:25:17+00:00\",\"dateModified\":\"2025-12-02T22:26:52+00:00\",\"mainEntityOfPage\":{\"@id\":\"https:\/\/fr.365yawm.ma\/index.php\/2025\/12\/02\/frmb-un-candidat-a-la-presidence-interpelle-le-ministre\/\"},\"wordCount\":369,\"commentCount\":0,\"publisher\":{\"@id\":\"https:\/\/fr.365yawm.ma\/#organization\"},\"image\":{\"@id\":\"https:\/\/fr.365yawm.ma\/index.php\/2025\/12\/02\/frmb-un-candidat-a-la-presidence-interpelle-le-ministre\/#primaryimage\"},\"thumbnailUrl\":\"https:\/\/fr.365yawm.ma\/wp-content\/uploads\/2025\/12\/IMG-20251202-WA0131.jpg\",\"articleSection\":[\"Sport\"],\"inLanguage\":\"fr-FR\",\"potentialAction\":[{\"@type\":\"CommentAction\",\"name\":\"Comment\",\"target\":[\"https:\/\/fr.365yawm.ma\/index.php\/2025\/12\/02\/frmb-un-candidat-a-la-presidence-interpelle-le-ministre\/#respond\"]}]},{\"@type\":\"WebPage\",\"@id\":\"https:\/\/fr.365yawm.ma\/index.php\/2025\/12\/02\/frmb-un-candidat-a-la-presidence-interpelle-le-ministre\/\",\"url\":\"https:\/\/fr.365yawm.ma\/index.php\/2025\/12\/02\/frmb-un-candidat-a-la-presidence-interpelle-le-ministre\/\",\"name\":\"FRMBB: UN CANDIDAT \u00c0 LA PR\u00c9SIDENCE INTERPELLE LE MINISTRE - 365YAWM fran\u00e7ais\",\"isPartOf\":{\"@id\":\"https:\/\/fr.365yawm.ma\/#website\"},\"primaryImageOfPage\":{\"@id\":\"https:\/\/fr.365yawm.ma\/index.php\/2025\/12\/02\/frmb-un-candidat-a-la-presidence-interpelle-le-ministre\/#primaryimage\"},\"image\":{\"@id\":\"https:\/\/fr.365yawm.ma\/index.php\/2025\/12\/02\/frmb-un-candidat-a-la-presidence-interpelle-le-ministre\/#primaryimage\"},\"thumbnailUrl\":\"https:\/\/fr.365yawm.ma\/wp-content\/uploads\/2025\/12\/IMG-20251202-WA0131.jpg\",\"datePublished\":\"2025-12-02T22:25:17+00:00\",\"dateModified\":\"2025-12-02T22:26:52+00:00\",\"breadcrumb\":{\"@id\":\"https:\/\/fr.365yawm.ma\/index.php\/2025\/12\/02\/frmb-un-candidat-a-la-presidence-interpelle-le-ministre\/#breadcrumb\"},\"inLanguage\":\"fr-FR\",\"potentialAction\":[{\"@type\":\"ReadAction\",\"target\":[\"https:\/\/fr.365yawm.ma\/index.php\/2025\/12\/02\/frmb-un-candidat-a-la-presidence-interpelle-le-ministre\/\"]}]},{\"@type\":\"ImageObject\",\"inLanguage\":\"fr-FR\",\"@id\":\"https:\/\/fr.365yawm.ma\/index.php\/2025\/12\/02\/frmb-un-candidat-a-la-presidence-interpelle-le-ministre\/#primaryimage\",\"url\":\"https:\/\/fr.365yawm.ma\/wp-content\/uploads\/2025\/12\/IMG-20251202-WA0131.jpg\",\"contentUrl\":\"https:\/\/fr.365yawm.ma\/wp-content\/uploads\/2025\/12\/IMG-20251202-WA0131.jpg\",\"width\":1170,\"height\":736},{\"@type\":\"BreadcrumbList\",\"@id\":\"https:\/\/fr.365yawm.ma\/index.php\/2025\/12\/02\/frmb-un-candidat-a-la-presidence-interpelle-le-ministre\/#breadcrumb\",\"itemListElement\":[{\"@type\":\"ListItem\",\"position\":1,\"name\":\"Accueil\",\"item\":\"https:\/\/fr.365yawm.ma\/\"},{\"@type\":\"ListItem\",\"position\":2,\"name\":\"FRMBB: UN CANDIDAT \u00c0 LA PR\u00c9SIDENCE INTERPELLE LE MINISTRE\"}]},{\"@type\":\"WebSite\",\"@id\":\"https:\/\/fr.365yawm.ma\/#website\",\"url\":\"https:\/\/fr.365yawm.ma\/\",\"name\":\"365YAWM fran\u00e7ais\",\"description\":\"\",\"publisher\":{\"@id\":\"https:\/\/fr.365yawm.ma\/#organization\"},\"potentialAction\":[{\"@type\":\"SearchAction\",\"target\":{\"@type\":\"EntryPoint\",\"urlTemplate\":\"https:\/\/fr.365yawm.ma\/?s={search_term_string}\"},\"query-input\":{\"@type\":\"PropertyValueSpecification\",\"valueRequired\":true,\"valueName\":\"search_term_string\"}}],\"inLanguage\":\"fr-FR\"},{\"@type\":\"Organization\",\"@id\":\"https:\/\/fr.365yawm.ma\/#organization\",\"name\":\"365 yawm\",\"url\":\"https:\/\/fr.365yawm.ma\/\",\"logo\":{\"@type\":\"ImageObject\",\"inLanguage\":\"fr-FR\",\"@id\":\"https:\/\/fr.365yawm.ma\/#\/schema\/logo\/image\/\",\"url\":\"https:\/\/fr.365yawm.ma\/wp-content\/uploads\/2020\/04\/icon.png\",\"contentUrl\":\"https:\/\/fr.365yawm.ma\/wp-content\/uploads\/2020\/04\/icon.png\",\"width\":512,\"height\":512,\"caption\":\"365 yawm\"},\"image\":{\"@id\":\"https:\/\/fr.365yawm.ma\/#\/schema\/logo\/image\/\"}},{\"@type\":\"Person\",\"@id\":\"https:\/\/fr.365yawm.ma\/#\/schema\/person\/3ae7f285880cb2045c5b6a6925408e72\",\"name\":\"fra365yawm\",\"image\":{\"@type\":\"ImageObject\",\"inLanguage\":\"fr-FR\",\"@id\":\"https:\/\/fr.365yawm.ma\/#\/schema\/person\/image\/\",\"url\":\"https:\/\/secure.gravatar.com\/avatar\/825cebdd359775298a5648431701cf17d00fd4fbec76f488ebc15fbeb220aa3a?s=96&d=mm&r=g\",\"contentUrl\":\"https:\/\/secure.gravatar.com\/avatar\/825cebdd359775298a5648431701cf17d00fd4fbec76f488ebc15fbeb220aa3a?s=96&d=mm&r=g\",\"caption\":\"fra365yawm\"},\"sameAs\":[\"https:\/\/fr.365yawm.ma\"]}]}<\/script>\n<!-- \/ Yoast SEO plugin. -->","yoast_head_json":{"title":"FRMBB: UN CANDIDAT \u00c0 LA PR\u00c9SIDENCE INTERPELLE LE MINISTRE - 365YAWM fran\u00e7ais","robots":{"index":"index","follow":"follow","max-snippet":"max-snippet:-1","max-image-preview":"max-image-preview:large","max-video-preview":"max-video-preview:-1"},"canonical":"https:\/\/fr.365yawm.ma\/index.php\/2025\/12\/02\/frmb-un-candidat-a-la-presidence-interpelle-le-ministre\/","og_locale":"fr_FR","og_type":"article","og_title":"FRMBB: UN CANDIDAT \u00c0 LA PR\u00c9SIDENCE INTERPELLE LE MINISTRE - 365YAWM fran\u00e7ais","og_description":"La pr\u00e9paration de l\u2019Assembl\u00e9e g\u00e9n\u00e9rale \u00e9lective de la F\u00e9d\u00e9ration Royale Marocaine de Basketball (FRMBB) conna\u00eet un nouveau rebondissement. Abdelouahid Boulaich, candidat \u00e0 la pr\u00e9sidence de l\u2019instance, a saisi le ministre de l\u2019\u00c9ducation nationale, du Pr\u00e9scolaire et des Sports pour d\u00e9noncer ce qu\u2019il qualifie de \u201cpratiques irr\u00e9guli\u00e8res\u201d au sein du comit\u00e9 provisoire charg\u00e9 de g\u00e9rer la [&hellip;]","og_url":"https:\/\/fr.365yawm.ma\/index.php\/2025\/12\/02\/frmb-un-candidat-a-la-presidence-interpelle-le-ministre\/","og_site_name":"365YAWM fran\u00e7ais","article_published_time":"2025-12-02T22:25:17+00:00","article_modified_time":"2025-12-02T22:26:52+00:00","og_image":[{"width":1170,"height":736,"url":"https:\/\/fr.365yawm.ma\/wp-content\/uploads\/2025\/12\/IMG-20251202-WA0131.jpg","type":"image\/jpeg"}],"author":"fra365yawm","twitter_card":"summary_large_image","twitter_misc":{"\u00c9crit par":"fra365yawm","Dur\u00e9e de lecture estim\u00e9e":"2 minutes"},"schema":{"@context":"https:\/\/schema.org","@graph":[{"@type":"Article","@id":"https:\/\/fr.365yawm.ma\/index.php\/2025\/12\/02\/frmb-un-candidat-a-la-presidence-interpelle-le-ministre\/#article","isPartOf":{"@id":"https:\/\/fr.365yawm.ma\/index.php\/2025\/12\/02\/frmb-un-candidat-a-la-presidence-interpelle-le-ministre\/"},"author":{"name":"fra365yawm","@id":"https:\/\/fr.365yawm.ma\/#\/schema\/person\/3ae7f285880cb2045c5b6a6925408e72"},"headline":"FRMBB: UN CANDIDAT \u00c0 LA PR\u00c9SIDENCE INTERPELLE LE MINISTRE","datePublished":"2025-12-02T22:25:17+00:00","dateModified":"2025-12-02T22:26:52+00:00","mainEntityOfPage":{"@id":"https:\/\/fr.365yawm.ma\/index.php\/2025\/12\/02\/frmb-un-candidat-a-la-presidence-interpelle-le-ministre\/"},"wordCount":369,"commentCount":0,"publisher":{"@id":"https:\/\/fr.365yawm.ma\/#organization"},"image":{"@id":"https:\/\/fr.365yawm.ma\/index.php\/2025\/12\/02\/frmb-un-candidat-a-la-presidence-interpelle-le-ministre\/#primaryimage"},"thumbnailUrl":"https:\/\/fr.365yawm.ma\/wp-content\/uploads\/2025\/12\/IMG-20251202-WA0131.jpg","articleSection":["Sport"],"inLanguage":"fr-FR","potentialAction":[{"@type":"CommentAction","name":"Comment","target":["https:\/\/fr.365yawm.ma\/index.php\/2025\/12\/02\/frmb-un-candidat-a-la-presidence-interpelle-le-ministre\/#respond"]}]},{"@type":"WebPage","@id":"https:\/\/fr.365yawm.ma\/index.php\/2025\/12\/02\/frmb-un-candidat-a-la-presidence-interpelle-le-ministre\/","url":"https:\/\/fr.365yawm.ma\/index.php\/2025\/12\/02\/frmb-un-candidat-a-la-presidence-interpelle-le-ministre\/","name":"FRMBB: UN CANDIDAT \u00c0 LA PR\u00c9SIDENCE INTERPELLE LE MINISTRE - 365YAWM fran\u00e7ais","isPartOf":{"@id":"https:\/\/fr.365yawm.ma\/#website"},"primaryImageOfPage":{"@id":"https:\/\/fr.365yawm.ma\/index.php\/2025\/12\/02\/frmb-un-candidat-a-la-presidence-interpelle-le-ministre\/#primaryimage"},"image":{"@id":"https:\/\/fr.365yawm.ma\/index.php\/2025\/12\/02\/frmb-un-candidat-a-la-presidence-interpelle-le-ministre\/#primaryimage"},"thumbnailUrl":"https:\/\/fr.365yawm.ma\/wp-content\/uploads\/2025\/12\/IMG-20251202-WA0131.jpg","datePublished":"2025-12-02T22:25:17+00:00","dateModified":"2025-12-02T22:26:52+00:00","breadcrumb":{"@id":"https:\/\/fr.365yawm.ma\/index.php\/2025\/12\/02\/frmb-un-candidat-a-la-presidence-interpelle-le-ministre\/#breadcrumb"},"inLanguage":"fr-FR","potentialAction":[{"@type":"ReadAction","target":["https:\/\/fr.365yawm.ma\/index.php\/2025\/12\/02\/frmb-un-candidat-a-la-presidence-interpelle-le-ministre\/"]}]},{"@type":"ImageObject","inLanguage":"fr-FR","@id":"https:\/\/fr.365yawm.ma\/index.php\/2025\/12\/02\/frmb-un-candidat-a-la-presidence-interpelle-le-ministre\/#primaryimage","url":"https:\/\/fr.365yawm.ma\/wp-content\/uploads\/2025\/12\/IMG-20251202-WA0131.jpg","contentUrl":"https:\/\/fr.365yawm.ma\/wp-content\/uploads\/2025\/12\/IMG-20251202-WA0131.jpg","width":1170,"height":736},{"@type":"BreadcrumbList","@id":"https:\/\/fr.365yawm.ma\/index.php\/2025\/12\/02\/frmb-un-candidat-a-la-presidence-interpelle-le-ministre\/#breadcrumb","itemListElement":[{"@type":"ListItem","position":1,"name":"Accueil","item":"https:\/\/fr.365yawm.ma\/"},{"@type":"ListItem","position":2,"name":"FRMBB: UN CANDIDAT \u00c0 LA PR\u00c9SIDENCE INTERPELLE LE MINISTRE"}]},{"@type":"WebSite","@id":"https:\/\/fr.365yawm.ma\/#website","url":"https:\/\/fr.365yawm.ma\/","name":"365YAWM fran\u00e7ais","description":"","publisher":{"@id":"https:\/\/fr.365yawm.ma\/#organization"},"potentialAction":[{"@type":"SearchAction","target":{"@type":"EntryPoint","urlTemplate":"https:\/\/fr.365yawm.ma\/?s={search_term_string}"},"query-input":{"@type":"PropertyValueSpecification","valueRequired":true,"valueName":"search_term_string"}}],"inLanguage":"fr-FR"},{"@type":"Organization","@id":"https:\/\/fr.365yawm.ma\/#organization","name":"365 yawm","url":"https:\/\/fr.365yawm.ma\/","logo":{"@type":"ImageObject","inLanguage":"fr-FR","@id":"https:\/\/fr.365yawm.ma\/#\/schema\/logo\/image\/","url":"https:\/\/fr.365yawm.ma\/wp-content\/uploads\/2020\/04\/icon.png","contentUrl":"https:\/\/fr.365yawm.ma\/wp-content\/uploads\/2020\/04\/icon.png","width":512,"height":512,"caption":"365 yawm"},"image":{"@id":"https:\/\/fr.365yawm.ma\/#\/schema\/logo\/image\/"}},{"@type":"Person","@id":"https:\/\/fr.365yawm.ma\/#\/schema\/person\/3ae7f285880cb2045c5b6a6925408e72","name":"fra365yawm","image":{"@type":"ImageObject","inLanguage":"fr-FR","@id":"https:\/\/fr.365yawm.ma\/#\/schema\/person\/image\/","url":"https:\/\/secure.gravatar.com\/avatar\/825cebdd359775298a5648431701cf17d00fd4fbec76f488ebc15fbeb220aa3a?s=96&d=mm&r=g","contentUrl":"https:\/\/secure.gravatar.com\/avatar\/825cebdd359775298a5648431701cf17d00fd4fbec76f488ebc15fbeb220aa3a?s=96&d=mm&r=g","caption":"fra365yawm"},"sameAs":["https:\/\/fr.365yawm.ma"]}]}},"jetpack_featured_media_url":"https:\/\/fr.365yawm.ma\/wp-content\/uploads\/2025\/12\/IMG-20251202-WA0131.jpg","jetpack_sharing_enabled":true,"_links":{"self":[{"href":"https:\/\/fr.365yawm.ma\/index.php\/wp-json\/wp\/v2\/posts\/5914","targetHints":{"allow":["GET"]}}],"collection":[{"href":"https:\/\/fr.365yawm.ma\/index.php\/wp-json\/wp\/v2\/posts"}],"about":[{"href":"https:\/\/fr.365yawm.ma\/index.php\/wp-json\/wp\/v2\/types\/post"}],"author":[{"embeddable":true,"href":"https:\/\/fr.365yawm.ma\/index.php\/wp-json\/wp\/v2\/users\/1"}],"replies":[{"embeddable":true,"href":"https:\/\/fr.365yawm.ma\/index.php\/wp-json\/wp\/v2\/comments?post=5914"}],"version-history":[{"count":2,"href":"https:\/\/fr.365yawm.ma\/index.php\/wp-json\/wp\/v2\/posts\/5914\/revisions"}],"predecessor-version":[{"id":5917,"href":"https:\/\/fr.365yawm.ma\/index.php\/wp-json\/wp\/v2\/posts\/5914\/revisions\/5917"}],"wp:featuredmedia":[{"embeddable":true,"href":"https:\/\/fr.365yawm.ma\/index.php\/wp-json\/wp\/v2\/media\/5915"}],"wp:attachment":[{"href":"https:\/\/fr.365yawm.ma\/index.php\/wp-json\/wp\/v2\/media?parent=5914"}],"wp:term":[{"taxonomy":"category","embeddable":true,"href":"https:\/\/fr.365yawm.ma\/index.php\/wp-json\/wp\/v2\/categories?post=5914"},{"taxonomy":"post_tag","embeddable":true,"href":"https:\/\/fr.365yawm.ma\/index.php\/wp-json\/wp\/v2\/tags?post=5914"}],"curies":[{"name":"wp","href":"https:\/\/api.w.org\/{rel}","templated":true}]}}