{"id":5615,"date":"2025-07-16T14:58:26","date_gmt":"2025-07-16T12:58:26","guid":{"rendered":"https:\/\/fr.365yawm.ma\/?p=5615"},"modified":"2025-07-16T14:58:26","modified_gmt":"2025-07-16T12:58:26","slug":"presence-remarquee-du-consul-general-de-suisse-au-maroc-yassin-halhoul-lors-de-la-celebration-de-la-fete-nationale-francaise-a-tanger","status":"publish","type":"post","link":"https:\/\/fr.365yawm.ma\/index.php\/2025\/07\/16\/presence-remarquee-du-consul-general-de-suisse-au-maroc-yassin-halhoul-lors-de-la-celebration-de-la-fete-nationale-francaise-a-tanger\/","title":{"rendered":"Pr\u00e9sence remarqu\u00e9e du Consul G\u00e9n\u00e9ral de Suisse au Maroc, Yassin Halhoul, lors de la c\u00e9l\u00e9bration de la f\u00eate nationale fran\u00e7aise \u00e0 Tanger"},"content":{"rendered":"<p>&nbsp;<\/p>\n<p>La c\u00e9l\u00e9bration de la f\u00eate nationale fran\u00e7aise, organis\u00e9e le lundi 14 juillet 2025 dans l\u2019un des h\u00f4tels de renom de la ville du D\u00e9troit, a \u00e9t\u00e9 marqu\u00e9e par la pr\u00e9sence de responsables, d\u2019\u00e9lus, d\u2019acteurs \u00e9conomiques ainsi que de repr\u00e9sentants de la soci\u00e9t\u00e9 civile.<\/p>\n<p>Parmi les personnalit\u00e9s pr\u00e9sentes figuraient M. Younes Tazi, Wali de la r\u00e9gion Tanger-T\u00e9touan-Al Hoce\u00efma, M. Abdelkhalek Marzouki, Gouverneur de la province de Fahs Anjra, M. El Oualid Al Messafer, Gouverneur charg\u00e9 des affaires r\u00e9gionales \u00e0 la Wilaya de Tanger-T\u00e9touan-Al Hoce\u00efma, ainsi que M. Abdelkabir Farah, Wali de la S\u00fbret\u00e9 nationale de Tanger.<\/p>\n<p>Le Consul G\u00e9n\u00e9ral de Suisse au Maroc, M. Yassin Halhoul, a \u00e9t\u00e9 chaleureusement accueilli par le Consul G\u00e9n\u00e9ral de France \u00e0 Tanger, M. Philippe Truquet.<\/p>\n<p><a href=\"https:\/\/fr.365yawm.ma\/wp-content\/uploads\/2025\/07\/8cfb4dee-1a69-4846-b6c6-ec24a92f0915.jpeg\"><img loading=\"lazy\" decoding=\"async\" class=\"alignnone size-full wp-image-5617\" src=\"https:\/\/fr.365yawm.ma\/wp-content\/uploads\/2025\/07\/8cfb4dee-1a69-4846-b6c6-ec24a92f0915.jpeg\" alt=\"\" width=\"780\" height=\"470\" srcset=\"https:\/\/fr.365yawm.ma\/wp-content\/uploads\/2025\/07\/8cfb4dee-1a69-4846-b6c6-ec24a92f0915.jpeg 780w, https:\/\/fr.365yawm.ma\/wp-content\/uploads\/2025\/07\/8cfb4dee-1a69-4846-b6c6-ec24a92f0915-300x181.jpeg 300w, https:\/\/fr.365yawm.ma\/wp-content\/uploads\/2025\/07\/8cfb4dee-1a69-4846-b6c6-ec24a92f0915-768x463.jpeg 768w\" sizes=\"auto, (max-width: 780px) 100vw, 780px\" \/><\/a> <a href=\"https:\/\/fr.365yawm.ma\/wp-content\/uploads\/2025\/07\/1ccfb958-e506-48cf-bea7-26b0a4a602c8.jpeg\"><img loading=\"lazy\" decoding=\"async\" class=\"alignnone size-full wp-image-5618\" src=\"https:\/\/fr.365yawm.ma\/wp-content\/uploads\/2025\/07\/1ccfb958-e506-48cf-bea7-26b0a4a602c8.jpeg\" alt=\"\" width=\"199\" height=\"300\" \/><\/a> <a href=\"https:\/\/fr.365yawm.ma\/wp-content\/uploads\/2025\/07\/8ee7d5a0-8bca-49ee-a9df-ea440611ee09.jpeg\"><img loading=\"lazy\" decoding=\"async\" class=\"alignnone size-full wp-image-5619\" src=\"https:\/\/fr.365yawm.ma\/wp-content\/uploads\/2025\/07\/8ee7d5a0-8bca-49ee-a9df-ea440611ee09.jpeg\" alt=\"\" width=\"161\" height=\"300\" \/><\/a><\/p>\n","protected":false},"excerpt":{"rendered":"<p>&nbsp; La c\u00e9l\u00e9bration de la f\u00eate nationale fran\u00e7aise, organis\u00e9e le lundi 14 juillet 2025 dans l\u2019un des h\u00f4tels de renom de la ville du D\u00e9troit, a \u00e9t\u00e9 marqu\u00e9e par la pr\u00e9sence de responsables, d\u2019\u00e9lus, d\u2019acteurs \u00e9conomiques ainsi que de repr\u00e9sentants de la soci\u00e9t\u00e9 civile. Parmi les personnalit\u00e9s pr\u00e9sentes figuraient M. Younes Tazi, Wali de la [&hellip;]<\/p>\n","protected":false},"author":1,"featured_media":5617,"comment_status":"open","ping_status":"open","sticky":false,"template":"","format":"standard","meta":{"_bbp_topic_count":0,"_bbp_reply_count":0,"_bbp_total_topic_count":0,"_bbp_total_reply_count":0,"_bbp_voice_count":0,"_bbp_anonymous_reply_count":0,"_bbp_topic_count_hidden":0,"_bbp_reply_count_hidden":0,"_bbp_forum_subforum_count":0,"_jetpack_memberships_contains_paid_content":false,"footnotes":""},"categories":[26,30],"tags":[],"class_list":["post-5615","post","type-post","status-publish","format-standard","has-post-thumbnail","hentry","category-region","category-societe"],"yoast_head":"<!-- This site is optimized with the Yoast SEO plugin v24.9 - https:\/\/yoast.com\/wordpress\/plugins\/seo\/ -->\n<title>Pr\u00e9sence remarqu\u00e9e du Consul G\u00e9n\u00e9ral de Suisse au Maroc, Yassin Halhoul, lors de la c\u00e9l\u00e9bration de la f\u00eate nationale fran\u00e7aise \u00e0 Tanger - 365YAWM fran\u00e7ais<\/title>\n<meta name=\"robots\" content=\"index, follow, max-snippet:-1, max-image-preview:large, max-video-preview:-1\" \/>\n<link rel=\"canonical\" href=\"https:\/\/fr.365yawm.ma\/index.php\/2025\/07\/16\/presence-remarquee-du-consul-general-de-suisse-au-maroc-yassin-halhoul-lors-de-la-celebration-de-la-fete-nationale-francaise-a-tanger\/\" \/>\n<meta property=\"og:locale\" content=\"fr_FR\" \/>\n<meta property=\"og:type\" content=\"article\" \/>\n<meta property=\"og:title\" content=\"Pr\u00e9sence remarqu\u00e9e du Consul G\u00e9n\u00e9ral de Suisse au Maroc, Yassin Halhoul, lors de la c\u00e9l\u00e9bration de la f\u00eate nationale fran\u00e7aise \u00e0 Tanger - 365YAWM fran\u00e7ais\" \/>\n<meta property=\"og:description\" content=\"&nbsp; La c\u00e9l\u00e9bration de la f\u00eate nationale fran\u00e7aise, organis\u00e9e le lundi 14 juillet 2025 dans l\u2019un des h\u00f4tels de renom de la ville du D\u00e9troit, a \u00e9t\u00e9 marqu\u00e9e par la pr\u00e9sence de responsables, d\u2019\u00e9lus, d\u2019acteurs \u00e9conomiques ainsi que de repr\u00e9sentants de la soci\u00e9t\u00e9 civile. Parmi les personnalit\u00e9s pr\u00e9sentes figuraient M. Younes Tazi, Wali de la [&hellip;]\" \/>\n<meta property=\"og:url\" content=\"https:\/\/fr.365yawm.ma\/index.php\/2025\/07\/16\/presence-remarquee-du-consul-general-de-suisse-au-maroc-yassin-halhoul-lors-de-la-celebration-de-la-fete-nationale-francaise-a-tanger\/\" \/>\n<meta property=\"og:site_name\" content=\"365YAWM fran\u00e7ais\" \/>\n<meta property=\"article:published_time\" content=\"2025-07-16T12:58:26+00:00\" \/>\n<meta property=\"og:image\" content=\"https:\/\/fr.365yawm.ma\/wp-content\/uploads\/2025\/07\/8cfb4dee-1a69-4846-b6c6-ec24a92f0915.jpeg\" \/>\n\t<meta property=\"og:image:width\" content=\"780\" \/>\n\t<meta property=\"og:image:height\" content=\"470\" \/>\n\t<meta property=\"og:image:type\" content=\"image\/jpeg\" \/>\n<meta name=\"author\" content=\"fra365yawm\" \/>\n<meta name=\"twitter:card\" content=\"summary_large_image\" \/>\n<meta name=\"twitter:label1\" content=\"\u00c9crit par\" \/>\n\t<meta name=\"twitter:data1\" content=\"fra365yawm\" \/>\n\t<meta name=\"twitter:label2\" content=\"Dur\u00e9e de lecture estim\u00e9e\" \/>\n\t<meta name=\"twitter:data2\" content=\"2 minutes\" \/>\n<script type=\"application\/ld+json\" class=\"yoast-schema-graph\">{\"@context\":\"https:\/\/schema.org\",\"@graph\":[{\"@type\":\"Article\",\"@id\":\"https:\/\/fr.365yawm.ma\/index.php\/2025\/07\/16\/presence-remarquee-du-consul-general-de-suisse-au-maroc-yassin-halhoul-lors-de-la-celebration-de-la-fete-nationale-francaise-a-tanger\/#article\",\"isPartOf\":{\"@id\":\"https:\/\/fr.365yawm.ma\/index.php\/2025\/07\/16\/presence-remarquee-du-consul-general-de-suisse-au-maroc-yassin-halhoul-lors-de-la-celebration-de-la-fete-nationale-francaise-a-tanger\/\"},\"author\":{\"name\":\"fra365yawm\",\"@id\":\"https:\/\/fr.365yawm.ma\/#\/schema\/person\/3ae7f285880cb2045c5b6a6925408e72\"},\"headline\":\"Pr\u00e9sence remarqu\u00e9e du Consul G\u00e9n\u00e9ral de Suisse au Maroc, Yassin Halhoul, lors de la c\u00e9l\u00e9bration de la f\u00eate nationale fran\u00e7aise \u00e0 Tanger\",\"datePublished\":\"2025-07-16T12:58:26+00:00\",\"mainEntityOfPage\":{\"@id\":\"https:\/\/fr.365yawm.ma\/index.php\/2025\/07\/16\/presence-remarquee-du-consul-general-de-suisse-au-maroc-yassin-halhoul-lors-de-la-celebration-de-la-fete-nationale-francaise-a-tanger\/\"},\"wordCount\":173,\"commentCount\":0,\"publisher\":{\"@id\":\"https:\/\/fr.365yawm.ma\/#organization\"},\"image\":{\"@id\":\"https:\/\/fr.365yawm.ma\/index.php\/2025\/07\/16\/presence-remarquee-du-consul-general-de-suisse-au-maroc-yassin-halhoul-lors-de-la-celebration-de-la-fete-nationale-francaise-a-tanger\/#primaryimage\"},\"thumbnailUrl\":\"https:\/\/fr.365yawm.ma\/wp-content\/uploads\/2025\/07\/8cfb4dee-1a69-4846-b6c6-ec24a92f0915.jpeg\",\"articleSection\":[\"R\u00e9gion\",\"Soci\u00e9t\u00e9\"],\"inLanguage\":\"fr-FR\",\"potentialAction\":[{\"@type\":\"CommentAction\",\"name\":\"Comment\",\"target\":[\"https:\/\/fr.365yawm.ma\/index.php\/2025\/07\/16\/presence-remarquee-du-consul-general-de-suisse-au-maroc-yassin-halhoul-lors-de-la-celebration-de-la-fete-nationale-francaise-a-tanger\/#respond\"]}]},{\"@type\":\"WebPage\",\"@id\":\"https:\/\/fr.365yawm.ma\/index.php\/2025\/07\/16\/presence-remarquee-du-consul-general-de-suisse-au-maroc-yassin-halhoul-lors-de-la-celebration-de-la-fete-nationale-francaise-a-tanger\/\",\"url\":\"https:\/\/fr.365yawm.ma\/index.php\/2025\/07\/16\/presence-remarquee-du-consul-general-de-suisse-au-maroc-yassin-halhoul-lors-de-la-celebration-de-la-fete-nationale-francaise-a-tanger\/\",\"name\":\"Pr\u00e9sence remarqu\u00e9e du Consul G\u00e9n\u00e9ral de Suisse au Maroc, Yassin Halhoul, lors de la c\u00e9l\u00e9bration de la f\u00eate nationale fran\u00e7aise \u00e0 Tanger - 365YAWM fran\u00e7ais\",\"isPartOf\":{\"@id\":\"https:\/\/fr.365yawm.ma\/#website\"},\"primaryImageOfPage\":{\"@id\":\"https:\/\/fr.365yawm.ma\/index.php\/2025\/07\/16\/presence-remarquee-du-consul-general-de-suisse-au-maroc-yassin-halhoul-lors-de-la-celebration-de-la-fete-nationale-francaise-a-tanger\/#primaryimage\"},\"image\":{\"@id\":\"https:\/\/fr.365yawm.ma\/index.php\/2025\/07\/16\/presence-remarquee-du-consul-general-de-suisse-au-maroc-yassin-halhoul-lors-de-la-celebration-de-la-fete-nationale-francaise-a-tanger\/#primaryimage\"},\"thumbnailUrl\":\"https:\/\/fr.365yawm.ma\/wp-content\/uploads\/2025\/07\/8cfb4dee-1a69-4846-b6c6-ec24a92f0915.jpeg\",\"datePublished\":\"2025-07-16T12:58:26+00:00\",\"breadcrumb\":{\"@id\":\"https:\/\/fr.365yawm.ma\/index.php\/2025\/07\/16\/presence-remarquee-du-consul-general-de-suisse-au-maroc-yassin-halhoul-lors-de-la-celebration-de-la-fete-nationale-francaise-a-tanger\/#breadcrumb\"},\"inLanguage\":\"fr-FR\",\"potentialAction\":[{\"@type\":\"ReadAction\",\"target\":[\"https:\/\/fr.365yawm.ma\/index.php\/2025\/07\/16\/presence-remarquee-du-consul-general-de-suisse-au-maroc-yassin-halhoul-lors-de-la-celebration-de-la-fete-nationale-francaise-a-tanger\/\"]}]},{\"@type\":\"ImageObject\",\"inLanguage\":\"fr-FR\",\"@id\":\"https:\/\/fr.365yawm.ma\/index.php\/2025\/07\/16\/presence-remarquee-du-consul-general-de-suisse-au-maroc-yassin-halhoul-lors-de-la-celebration-de-la-fete-nationale-francaise-a-tanger\/#primaryimage\",\"url\":\"https:\/\/fr.365yawm.ma\/wp-content\/uploads\/2025\/07\/8cfb4dee-1a69-4846-b6c6-ec24a92f0915.jpeg\",\"contentUrl\":\"https:\/\/fr.365yawm.ma\/wp-content\/uploads\/2025\/07\/8cfb4dee-1a69-4846-b6c6-ec24a92f0915.jpeg\",\"width\":780,\"height\":470},{\"@type\":\"BreadcrumbList\",\"@id\":\"https:\/\/fr.365yawm.ma\/index.php\/2025\/07\/16\/presence-remarquee-du-consul-general-de-suisse-au-maroc-yassin-halhoul-lors-de-la-celebration-de-la-fete-nationale-francaise-a-tanger\/#breadcrumb\",\"itemListElement\":[{\"@type\":\"ListItem\",\"position\":1,\"name\":\"Accueil\",\"item\":\"https:\/\/fr.365yawm.ma\/\"},{\"@type\":\"ListItem\",\"position\":2,\"name\":\"Pr\u00e9sence remarqu\u00e9e du Consul G\u00e9n\u00e9ral de Suisse au Maroc, Yassin Halhoul, lors de la c\u00e9l\u00e9bration de la f\u00eate nationale fran\u00e7aise \u00e0 Tanger\"}]},{\"@type\":\"WebSite\",\"@id\":\"https:\/\/fr.365yawm.ma\/#website\",\"url\":\"https:\/\/fr.365yawm.ma\/\",\"name\":\"365YAWM fran\u00e7ais\",\"description\":\"\",\"publisher\":{\"@id\":\"https:\/\/fr.365yawm.ma\/#organization\"},\"potentialAction\":[{\"@type\":\"SearchAction\",\"target\":{\"@type\":\"EntryPoint\",\"urlTemplate\":\"https:\/\/fr.365yawm.ma\/?s={search_term_string}\"},\"query-input\":{\"@type\":\"PropertyValueSpecification\",\"valueRequired\":true,\"valueName\":\"search_term_string\"}}],\"inLanguage\":\"fr-FR\"},{\"@type\":\"Organization\",\"@id\":\"https:\/\/fr.365yawm.ma\/#organization\",\"name\":\"365 yawm\",\"url\":\"https:\/\/fr.365yawm.ma\/\",\"logo\":{\"@type\":\"ImageObject\",\"inLanguage\":\"fr-FR\",\"@id\":\"https:\/\/fr.365yawm.ma\/#\/schema\/logo\/image\/\",\"url\":\"https:\/\/fr.365yawm.ma\/wp-content\/uploads\/2020\/04\/icon.png\",\"contentUrl\":\"https:\/\/fr.365yawm.ma\/wp-content\/uploads\/2020\/04\/icon.png\",\"width\":512,\"height\":512,\"caption\":\"365 yawm\"},\"image\":{\"@id\":\"https:\/\/fr.365yawm.ma\/#\/schema\/logo\/image\/\"}},{\"@type\":\"Person\",\"@id\":\"https:\/\/fr.365yawm.ma\/#\/schema\/person\/3ae7f285880cb2045c5b6a6925408e72\",\"name\":\"fra365yawm\",\"image\":{\"@type\":\"ImageObject\",\"inLanguage\":\"fr-FR\",\"@id\":\"https:\/\/fr.365yawm.ma\/#\/schema\/person\/image\/\",\"url\":\"https:\/\/secure.gravatar.com\/avatar\/825cebdd359775298a5648431701cf17d00fd4fbec76f488ebc15fbeb220aa3a?s=96&d=mm&r=g\",\"contentUrl\":\"https:\/\/secure.gravatar.com\/avatar\/825cebdd359775298a5648431701cf17d00fd4fbec76f488ebc15fbeb220aa3a?s=96&d=mm&r=g\",\"caption\":\"fra365yawm\"},\"sameAs\":[\"https:\/\/fr.365yawm.ma\"]}]}<\/script>\n<!-- \/ Yoast SEO plugin. -->","yoast_head_json":{"title":"Pr\u00e9sence remarqu\u00e9e du Consul G\u00e9n\u00e9ral de Suisse au Maroc, Yassin Halhoul, lors de la c\u00e9l\u00e9bration de la f\u00eate nationale fran\u00e7aise \u00e0 Tanger - 365YAWM fran\u00e7ais","robots":{"index":"index","follow":"follow","max-snippet":"max-snippet:-1","max-image-preview":"max-image-preview:large","max-video-preview":"max-video-preview:-1"},"canonical":"https:\/\/fr.365yawm.ma\/index.php\/2025\/07\/16\/presence-remarquee-du-consul-general-de-suisse-au-maroc-yassin-halhoul-lors-de-la-celebration-de-la-fete-nationale-francaise-a-tanger\/","og_locale":"fr_FR","og_type":"article","og_title":"Pr\u00e9sence remarqu\u00e9e du Consul G\u00e9n\u00e9ral de Suisse au Maroc, Yassin Halhoul, lors de la c\u00e9l\u00e9bration de la f\u00eate nationale fran\u00e7aise \u00e0 Tanger - 365YAWM fran\u00e7ais","og_description":"&nbsp; La c\u00e9l\u00e9bration de la f\u00eate nationale fran\u00e7aise, organis\u00e9e le lundi 14 juillet 2025 dans l\u2019un des h\u00f4tels de renom de la ville du D\u00e9troit, a \u00e9t\u00e9 marqu\u00e9e par la pr\u00e9sence de responsables, d\u2019\u00e9lus, d\u2019acteurs \u00e9conomiques ainsi que de repr\u00e9sentants de la soci\u00e9t\u00e9 civile. Parmi les personnalit\u00e9s pr\u00e9sentes figuraient M. Younes Tazi, Wali de la [&hellip;]","og_url":"https:\/\/fr.365yawm.ma\/index.php\/2025\/07\/16\/presence-remarquee-du-consul-general-de-suisse-au-maroc-yassin-halhoul-lors-de-la-celebration-de-la-fete-nationale-francaise-a-tanger\/","og_site_name":"365YAWM fran\u00e7ais","article_published_time":"2025-07-16T12:58:26+00:00","og_image":[{"width":780,"height":470,"url":"https:\/\/fr.365yawm.ma\/wp-content\/uploads\/2025\/07\/8cfb4dee-1a69-4846-b6c6-ec24a92f0915.jpeg","type":"image\/jpeg"}],"author":"fra365yawm","twitter_card":"summary_large_image","twitter_misc":{"\u00c9crit par":"fra365yawm","Dur\u00e9e de lecture estim\u00e9e":"2 minutes"},"schema":{"@context":"https:\/\/schema.org","@graph":[{"@type":"Article","@id":"https:\/\/fr.365yawm.ma\/index.php\/2025\/07\/16\/presence-remarquee-du-consul-general-de-suisse-au-maroc-yassin-halhoul-lors-de-la-celebration-de-la-fete-nationale-francaise-a-tanger\/#article","isPartOf":{"@id":"https:\/\/fr.365yawm.ma\/index.php\/2025\/07\/16\/presence-remarquee-du-consul-general-de-suisse-au-maroc-yassin-halhoul-lors-de-la-celebration-de-la-fete-nationale-francaise-a-tanger\/"},"author":{"name":"fra365yawm","@id":"https:\/\/fr.365yawm.ma\/#\/schema\/person\/3ae7f285880cb2045c5b6a6925408e72"},"headline":"Pr\u00e9sence remarqu\u00e9e du Consul G\u00e9n\u00e9ral de Suisse au Maroc, Yassin Halhoul, lors de la c\u00e9l\u00e9bration de la f\u00eate nationale fran\u00e7aise \u00e0 Tanger","datePublished":"2025-07-16T12:58:26+00:00","mainEntityOfPage":{"@id":"https:\/\/fr.365yawm.ma\/index.php\/2025\/07\/16\/presence-remarquee-du-consul-general-de-suisse-au-maroc-yassin-halhoul-lors-de-la-celebration-de-la-fete-nationale-francaise-a-tanger\/"},"wordCount":173,"commentCount":0,"publisher":{"@id":"https:\/\/fr.365yawm.ma\/#organization"},"image":{"@id":"https:\/\/fr.365yawm.ma\/index.php\/2025\/07\/16\/presence-remarquee-du-consul-general-de-suisse-au-maroc-yassin-halhoul-lors-de-la-celebration-de-la-fete-nationale-francaise-a-tanger\/#primaryimage"},"thumbnailUrl":"https:\/\/fr.365yawm.ma\/wp-content\/uploads\/2025\/07\/8cfb4dee-1a69-4846-b6c6-ec24a92f0915.jpeg","articleSection":["R\u00e9gion","Soci\u00e9t\u00e9"],"inLanguage":"fr-FR","potentialAction":[{"@type":"CommentAction","name":"Comment","target":["https:\/\/fr.365yawm.ma\/index.php\/2025\/07\/16\/presence-remarquee-du-consul-general-de-suisse-au-maroc-yassin-halhoul-lors-de-la-celebration-de-la-fete-nationale-francaise-a-tanger\/#respond"]}]},{"@type":"WebPage","@id":"https:\/\/fr.365yawm.ma\/index.php\/2025\/07\/16\/presence-remarquee-du-consul-general-de-suisse-au-maroc-yassin-halhoul-lors-de-la-celebration-de-la-fete-nationale-francaise-a-tanger\/","url":"https:\/\/fr.365yawm.ma\/index.php\/2025\/07\/16\/presence-remarquee-du-consul-general-de-suisse-au-maroc-yassin-halhoul-lors-de-la-celebration-de-la-fete-nationale-francaise-a-tanger\/","name":"Pr\u00e9sence remarqu\u00e9e du Consul G\u00e9n\u00e9ral de Suisse au Maroc, Yassin Halhoul, lors de la c\u00e9l\u00e9bration de la f\u00eate nationale fran\u00e7aise \u00e0 Tanger - 365YAWM fran\u00e7ais","isPartOf":{"@id":"https:\/\/fr.365yawm.ma\/#website"},"primaryImageOfPage":{"@id":"https:\/\/fr.365yawm.ma\/index.php\/2025\/07\/16\/presence-remarquee-du-consul-general-de-suisse-au-maroc-yassin-halhoul-lors-de-la-celebration-de-la-fete-nationale-francaise-a-tanger\/#primaryimage"},"image":{"@id":"https:\/\/fr.365yawm.ma\/index.php\/2025\/07\/16\/presence-remarquee-du-consul-general-de-suisse-au-maroc-yassin-halhoul-lors-de-la-celebration-de-la-fete-nationale-francaise-a-tanger\/#primaryimage"},"thumbnailUrl":"https:\/\/fr.365yawm.ma\/wp-content\/uploads\/2025\/07\/8cfb4dee-1a69-4846-b6c6-ec24a92f0915.jpeg","datePublished":"2025-07-16T12:58:26+00:00","breadcrumb":{"@id":"https:\/\/fr.365yawm.ma\/index.php\/2025\/07\/16\/presence-remarquee-du-consul-general-de-suisse-au-maroc-yassin-halhoul-lors-de-la-celebration-de-la-fete-nationale-francaise-a-tanger\/#breadcrumb"},"inLanguage":"fr-FR","potentialAction":[{"@type":"ReadAction","target":["https:\/\/fr.365yawm.ma\/index.php\/2025\/07\/16\/presence-remarquee-du-consul-general-de-suisse-au-maroc-yassin-halhoul-lors-de-la-celebration-de-la-fete-nationale-francaise-a-tanger\/"]}]},{"@type":"ImageObject","inLanguage":"fr-FR","@id":"https:\/\/fr.365yawm.ma\/index.php\/2025\/07\/16\/presence-remarquee-du-consul-general-de-suisse-au-maroc-yassin-halhoul-lors-de-la-celebration-de-la-fete-nationale-francaise-a-tanger\/#primaryimage","url":"https:\/\/fr.365yawm.ma\/wp-content\/uploads\/2025\/07\/8cfb4dee-1a69-4846-b6c6-ec24a92f0915.jpeg","contentUrl":"https:\/\/fr.365yawm.ma\/wp-content\/uploads\/2025\/07\/8cfb4dee-1a69-4846-b6c6-ec24a92f0915.jpeg","width":780,"height":470},{"@type":"BreadcrumbList","@id":"https:\/\/fr.365yawm.ma\/index.php\/2025\/07\/16\/presence-remarquee-du-consul-general-de-suisse-au-maroc-yassin-halhoul-lors-de-la-celebration-de-la-fete-nationale-francaise-a-tanger\/#breadcrumb","itemListElement":[{"@type":"ListItem","position":1,"name":"Accueil","item":"https:\/\/fr.365yawm.ma\/"},{"@type":"ListItem","position":2,"name":"Pr\u00e9sence remarqu\u00e9e du Consul G\u00e9n\u00e9ral de Suisse au Maroc, Yassin Halhoul, lors de la c\u00e9l\u00e9bration de la f\u00eate nationale fran\u00e7aise \u00e0 Tanger"}]},{"@type":"WebSite","@id":"https:\/\/fr.365yawm.ma\/#website","url":"https:\/\/fr.365yawm.ma\/","name":"365YAWM fran\u00e7ais","description":"","publisher":{"@id":"https:\/\/fr.365yawm.ma\/#organization"},"potentialAction":[{"@type":"SearchAction","target":{"@type":"EntryPoint","urlTemplate":"https:\/\/fr.365yawm.ma\/?s={search_term_string}"},"query-input":{"@type":"PropertyValueSpecification","valueRequired":true,"valueName":"search_term_string"}}],"inLanguage":"fr-FR"},{"@type":"Organization","@id":"https:\/\/fr.365yawm.ma\/#organization","name":"365 yawm","url":"https:\/\/fr.365yawm.ma\/","logo":{"@type":"ImageObject","inLanguage":"fr-FR","@id":"https:\/\/fr.365yawm.ma\/#\/schema\/logo\/image\/","url":"https:\/\/fr.365yawm.ma\/wp-content\/uploads\/2020\/04\/icon.png","contentUrl":"https:\/\/fr.365yawm.ma\/wp-content\/uploads\/2020\/04\/icon.png","width":512,"height":512,"caption":"365 yawm"},"image":{"@id":"https:\/\/fr.365yawm.ma\/#\/schema\/logo\/image\/"}},{"@type":"Person","@id":"https:\/\/fr.365yawm.ma\/#\/schema\/person\/3ae7f285880cb2045c5b6a6925408e72","name":"fra365yawm","image":{"@type":"ImageObject","inLanguage":"fr-FR","@id":"https:\/\/fr.365yawm.ma\/#\/schema\/person\/image\/","url":"https:\/\/secure.gravatar.com\/avatar\/825cebdd359775298a5648431701cf17d00fd4fbec76f488ebc15fbeb220aa3a?s=96&d=mm&r=g","contentUrl":"https:\/\/secure.gravatar.com\/avatar\/825cebdd359775298a5648431701cf17d00fd4fbec76f488ebc15fbeb220aa3a?s=96&d=mm&r=g","caption":"fra365yawm"},"sameAs":["https:\/\/fr.365yawm.ma"]}]}},"jetpack_featured_media_url":"https:\/\/fr.365yawm.ma\/wp-content\/uploads\/2025\/07\/8cfb4dee-1a69-4846-b6c6-ec24a92f0915.jpeg","jetpack_sharing_enabled":true,"_links":{"self":[{"href":"https:\/\/fr.365yawm.ma\/index.php\/wp-json\/wp\/v2\/posts\/5615","targetHints":{"allow":["GET"]}}],"collection":[{"href":"https:\/\/fr.365yawm.ma\/index.php\/wp-json\/wp\/v2\/posts"}],"about":[{"href":"https:\/\/fr.365yawm.ma\/index.php\/wp-json\/wp\/v2\/types\/post"}],"author":[{"embeddable":true,"href":"https:\/\/fr.365yawm.ma\/index.php\/wp-json\/wp\/v2\/users\/1"}],"replies":[{"embeddable":true,"href":"https:\/\/fr.365yawm.ma\/index.php\/wp-json\/wp\/v2\/comments?post=5615"}],"version-history":[{"count":1,"href":"https:\/\/fr.365yawm.ma\/index.php\/wp-json\/wp\/v2\/posts\/5615\/revisions"}],"predecessor-version":[{"id":5620,"href":"https:\/\/fr.365yawm.ma\/index.php\/wp-json\/wp\/v2\/posts\/5615\/revisions\/5620"}],"wp:featuredmedia":[{"embeddable":true,"href":"https:\/\/fr.365yawm.ma\/index.php\/wp-json\/wp\/v2\/media\/5617"}],"wp:attachment":[{"href":"https:\/\/fr.365yawm.ma\/index.php\/wp-json\/wp\/v2\/media?parent=5615"}],"wp:term":[{"taxonomy":"category","embeddable":true,"href":"https:\/\/fr.365yawm.ma\/index.php\/wp-json\/wp\/v2\/categories?post=5615"},{"taxonomy":"post_tag","embeddable":true,"href":"https:\/\/fr.365yawm.ma\/index.php\/wp-json\/wp\/v2\/tags?post=5615"}],"curies":[{"name":"wp","href":"https:\/\/api.w.org\/{rel}","templated":true}]}}