{"id":5482,"date":"2025-06-10T19:01:42","date_gmt":"2025-06-10T17:01:42","guid":{"rendered":"https:\/\/fr.365yawm.ma\/?p=5482"},"modified":"2025-06-10T19:01:42","modified_gmt":"2025-06-10T17:01:42","slug":"tetouan-le-crane-dun-motocycliste-ecrase-par-un-autocar","status":"publish","type":"post","link":"https:\/\/fr.365yawm.ma\/index.php\/2025\/06\/10\/tetouan-le-crane-dun-motocycliste-ecrase-par-un-autocar\/","title":{"rendered":"T\u00c9TOUAN : LE CR\u00c2NE D&rsquo;UN MOTOCYCLISTE \u00c9CRAS\u00c9 PAR UN AUTOCAR"},"content":{"rendered":"<p><strong>Sc\u00e8ne d\u2019horreur ce mardi matin sur l\u2019avenue 9 Avril \u00e0 T\u00e9touan. Un motocycliste a perdu la vie dans des circonstances tragiques lorsqu\u2019un autocar, lanc\u00e9 \u00e0 vive allure, lui a broy\u00e9 le cr\u00e2ne apr\u00e8s une violente collision. La victime n\u2019a eu aucune chance : elle est morte sur le coup, son corps sans vie gisant au milieu de la chauss\u00e9e, sous les regards terrifi\u00e9s des passants.<\/strong><\/p>\n<p>Ce drame, d\u2019une brutalit\u00e9 inou\u00efe, vient s\u2019ajouter \u00e0 une s\u00e9rie d\u2019accidents qui endeuillent r\u00e9guli\u00e8rement les routes de la r\u00e9gion. Il met une fois de plus en lumi\u00e8re l\u2019ins\u00e9curit\u00e9 criante des motocyclistes, contraints de partager la chauss\u00e9e avec des v\u00e9hicules lourds, faute d\u2019infrastructures adapt\u00e9es.<\/p>\n<p>\u00c0 Tanger comme \u00e0 T\u00e9touan, l\u2019absence de voies d\u00e9di\u00e9es aux deux-roues devient une question de vie ou de mort. Et pendant que les d\u00e9cisions tardent \u00e0 venir, la route continue de tuer. L\u2019h\u00e9catombe, silencieuse mais implacable, se poursuit.<\/p>\n<p>&nbsp;<\/p>\n","protected":false},"excerpt":{"rendered":"<p>Sc\u00e8ne d\u2019horreur ce mardi matin sur l\u2019avenue 9 Avril \u00e0 T\u00e9touan. Un motocycliste a perdu la vie dans des circonstances tragiques lorsqu\u2019un autocar, lanc\u00e9 \u00e0 vive allure, lui a broy\u00e9 le cr\u00e2ne apr\u00e8s une violente collision. La victime n\u2019a eu aucune chance : elle est morte sur le coup, son corps sans vie gisant au [&hellip;]<\/p>\n","protected":false},"author":1,"featured_media":5483,"comment_status":"open","ping_status":"open","sticky":false,"template":"","format":"standard","meta":{"_bbp_topic_count":0,"_bbp_reply_count":0,"_bbp_total_topic_count":0,"_bbp_total_reply_count":0,"_bbp_voice_count":0,"_bbp_anonymous_reply_count":0,"_bbp_topic_count_hidden":0,"_bbp_reply_count_hidden":0,"_bbp_forum_subforum_count":0,"_jetpack_memberships_contains_paid_content":false,"footnotes":""},"categories":[69],"tags":[],"class_list":["post-5482","post","type-post","status-publish","format-standard","has-post-thumbnail","hentry","category-faits-divers"],"yoast_head":"<!-- This site is optimized with the Yoast SEO plugin v24.9 - https:\/\/yoast.com\/wordpress\/plugins\/seo\/ -->\n<title>T\u00c9TOUAN : LE CR\u00c2NE D&#039;UN MOTOCYCLISTE \u00c9CRAS\u00c9 PAR UN AUTOCAR - 365YAWM fran\u00e7ais<\/title>\n<meta name=\"robots\" content=\"index, follow, max-snippet:-1, max-image-preview:large, max-video-preview:-1\" \/>\n<link rel=\"canonical\" href=\"https:\/\/fr.365yawm.ma\/index.php\/2025\/06\/10\/tetouan-le-crane-dun-motocycliste-ecrase-par-un-autocar\/\" \/>\n<meta property=\"og:locale\" content=\"fr_FR\" \/>\n<meta property=\"og:type\" content=\"article\" \/>\n<meta property=\"og:title\" content=\"T\u00c9TOUAN : LE CR\u00c2NE D&#039;UN MOTOCYCLISTE \u00c9CRAS\u00c9 PAR UN AUTOCAR - 365YAWM fran\u00e7ais\" \/>\n<meta property=\"og:description\" content=\"Sc\u00e8ne d\u2019horreur ce mardi matin sur l\u2019avenue 9 Avril \u00e0 T\u00e9touan. Un motocycliste a perdu la vie dans des circonstances tragiques lorsqu\u2019un autocar, lanc\u00e9 \u00e0 vive allure, lui a broy\u00e9 le cr\u00e2ne apr\u00e8s une violente collision. La victime n\u2019a eu aucune chance : elle est morte sur le coup, son corps sans vie gisant au [&hellip;]\" \/>\n<meta property=\"og:url\" content=\"https:\/\/fr.365yawm.ma\/index.php\/2025\/06\/10\/tetouan-le-crane-dun-motocycliste-ecrase-par-un-autocar\/\" \/>\n<meta property=\"og:site_name\" content=\"365YAWM fran\u00e7ais\" \/>\n<meta property=\"article:published_time\" content=\"2025-06-10T17:01:42+00:00\" \/>\n<meta property=\"og:image\" content=\"https:\/\/fr.365yawm.ma\/wp-content\/uploads\/2025\/06\/1749568558607.jpg\" \/>\n\t<meta property=\"og:image:width\" content=\"713\" \/>\n\t<meta property=\"og:image:height\" content=\"985\" \/>\n\t<meta property=\"og:image:type\" content=\"image\/jpeg\" \/>\n<meta name=\"author\" content=\"fra365yawm\" \/>\n<meta name=\"twitter:card\" content=\"summary_large_image\" \/>\n<meta name=\"twitter:label1\" content=\"\u00c9crit par\" \/>\n\t<meta name=\"twitter:data1\" content=\"fra365yawm\" \/>\n\t<meta name=\"twitter:label2\" content=\"Dur\u00e9e de lecture estim\u00e9e\" \/>\n\t<meta name=\"twitter:data2\" content=\"1 minute\" \/>\n<script type=\"application\/ld+json\" class=\"yoast-schema-graph\">{\"@context\":\"https:\/\/schema.org\",\"@graph\":[{\"@type\":\"Article\",\"@id\":\"https:\/\/fr.365yawm.ma\/index.php\/2025\/06\/10\/tetouan-le-crane-dun-motocycliste-ecrase-par-un-autocar\/#article\",\"isPartOf\":{\"@id\":\"https:\/\/fr.365yawm.ma\/index.php\/2025\/06\/10\/tetouan-le-crane-dun-motocycliste-ecrase-par-un-autocar\/\"},\"author\":{\"name\":\"fra365yawm\",\"@id\":\"https:\/\/fr.365yawm.ma\/#\/schema\/person\/3ae7f285880cb2045c5b6a6925408e72\"},\"headline\":\"T\u00c9TOUAN : LE CR\u00c2NE D&rsquo;UN MOTOCYCLISTE \u00c9CRAS\u00c9 PAR UN AUTOCAR\",\"datePublished\":\"2025-06-10T17:01:42+00:00\",\"mainEntityOfPage\":{\"@id\":\"https:\/\/fr.365yawm.ma\/index.php\/2025\/06\/10\/tetouan-le-crane-dun-motocycliste-ecrase-par-un-autocar\/\"},\"wordCount\":182,\"commentCount\":0,\"publisher\":{\"@id\":\"https:\/\/fr.365yawm.ma\/#organization\"},\"image\":{\"@id\":\"https:\/\/fr.365yawm.ma\/index.php\/2025\/06\/10\/tetouan-le-crane-dun-motocycliste-ecrase-par-un-autocar\/#primaryimage\"},\"thumbnailUrl\":\"https:\/\/fr.365yawm.ma\/wp-content\/uploads\/2025\/06\/1749568558607.jpg\",\"articleSection\":[\"Faits divers\"],\"inLanguage\":\"fr-FR\",\"potentialAction\":[{\"@type\":\"CommentAction\",\"name\":\"Comment\",\"target\":[\"https:\/\/fr.365yawm.ma\/index.php\/2025\/06\/10\/tetouan-le-crane-dun-motocycliste-ecrase-par-un-autocar\/#respond\"]}]},{\"@type\":\"WebPage\",\"@id\":\"https:\/\/fr.365yawm.ma\/index.php\/2025\/06\/10\/tetouan-le-crane-dun-motocycliste-ecrase-par-un-autocar\/\",\"url\":\"https:\/\/fr.365yawm.ma\/index.php\/2025\/06\/10\/tetouan-le-crane-dun-motocycliste-ecrase-par-un-autocar\/\",\"name\":\"T\u00c9TOUAN : LE CR\u00c2NE D'UN MOTOCYCLISTE \u00c9CRAS\u00c9 PAR UN AUTOCAR - 365YAWM fran\u00e7ais\",\"isPartOf\":{\"@id\":\"https:\/\/fr.365yawm.ma\/#website\"},\"primaryImageOfPage\":{\"@id\":\"https:\/\/fr.365yawm.ma\/index.php\/2025\/06\/10\/tetouan-le-crane-dun-motocycliste-ecrase-par-un-autocar\/#primaryimage\"},\"image\":{\"@id\":\"https:\/\/fr.365yawm.ma\/index.php\/2025\/06\/10\/tetouan-le-crane-dun-motocycliste-ecrase-par-un-autocar\/#primaryimage\"},\"thumbnailUrl\":\"https:\/\/fr.365yawm.ma\/wp-content\/uploads\/2025\/06\/1749568558607.jpg\",\"datePublished\":\"2025-06-10T17:01:42+00:00\",\"breadcrumb\":{\"@id\":\"https:\/\/fr.365yawm.ma\/index.php\/2025\/06\/10\/tetouan-le-crane-dun-motocycliste-ecrase-par-un-autocar\/#breadcrumb\"},\"inLanguage\":\"fr-FR\",\"potentialAction\":[{\"@type\":\"ReadAction\",\"target\":[\"https:\/\/fr.365yawm.ma\/index.php\/2025\/06\/10\/tetouan-le-crane-dun-motocycliste-ecrase-par-un-autocar\/\"]}]},{\"@type\":\"ImageObject\",\"inLanguage\":\"fr-FR\",\"@id\":\"https:\/\/fr.365yawm.ma\/index.php\/2025\/06\/10\/tetouan-le-crane-dun-motocycliste-ecrase-par-un-autocar\/#primaryimage\",\"url\":\"https:\/\/fr.365yawm.ma\/wp-content\/uploads\/2025\/06\/1749568558607.jpg\",\"contentUrl\":\"https:\/\/fr.365yawm.ma\/wp-content\/uploads\/2025\/06\/1749568558607.jpg\",\"width\":713,\"height\":985},{\"@type\":\"BreadcrumbList\",\"@id\":\"https:\/\/fr.365yawm.ma\/index.php\/2025\/06\/10\/tetouan-le-crane-dun-motocycliste-ecrase-par-un-autocar\/#breadcrumb\",\"itemListElement\":[{\"@type\":\"ListItem\",\"position\":1,\"name\":\"Accueil\",\"item\":\"https:\/\/fr.365yawm.ma\/\"},{\"@type\":\"ListItem\",\"position\":2,\"name\":\"T\u00c9TOUAN : LE CR\u00c2NE D&rsquo;UN MOTOCYCLISTE \u00c9CRAS\u00c9 PAR UN AUTOCAR\"}]},{\"@type\":\"WebSite\",\"@id\":\"https:\/\/fr.365yawm.ma\/#website\",\"url\":\"https:\/\/fr.365yawm.ma\/\",\"name\":\"365YAWM fran\u00e7ais\",\"description\":\"\",\"publisher\":{\"@id\":\"https:\/\/fr.365yawm.ma\/#organization\"},\"potentialAction\":[{\"@type\":\"SearchAction\",\"target\":{\"@type\":\"EntryPoint\",\"urlTemplate\":\"https:\/\/fr.365yawm.ma\/?s={search_term_string}\"},\"query-input\":{\"@type\":\"PropertyValueSpecification\",\"valueRequired\":true,\"valueName\":\"search_term_string\"}}],\"inLanguage\":\"fr-FR\"},{\"@type\":\"Organization\",\"@id\":\"https:\/\/fr.365yawm.ma\/#organization\",\"name\":\"365 yawm\",\"url\":\"https:\/\/fr.365yawm.ma\/\",\"logo\":{\"@type\":\"ImageObject\",\"inLanguage\":\"fr-FR\",\"@id\":\"https:\/\/fr.365yawm.ma\/#\/schema\/logo\/image\/\",\"url\":\"https:\/\/fr.365yawm.ma\/wp-content\/uploads\/2020\/04\/icon.png\",\"contentUrl\":\"https:\/\/fr.365yawm.ma\/wp-content\/uploads\/2020\/04\/icon.png\",\"width\":512,\"height\":512,\"caption\":\"365 yawm\"},\"image\":{\"@id\":\"https:\/\/fr.365yawm.ma\/#\/schema\/logo\/image\/\"}},{\"@type\":\"Person\",\"@id\":\"https:\/\/fr.365yawm.ma\/#\/schema\/person\/3ae7f285880cb2045c5b6a6925408e72\",\"name\":\"fra365yawm\",\"image\":{\"@type\":\"ImageObject\",\"inLanguage\":\"fr-FR\",\"@id\":\"https:\/\/fr.365yawm.ma\/#\/schema\/person\/image\/\",\"url\":\"https:\/\/secure.gravatar.com\/avatar\/825cebdd359775298a5648431701cf17d00fd4fbec76f488ebc15fbeb220aa3a?s=96&d=mm&r=g\",\"contentUrl\":\"https:\/\/secure.gravatar.com\/avatar\/825cebdd359775298a5648431701cf17d00fd4fbec76f488ebc15fbeb220aa3a?s=96&d=mm&r=g\",\"caption\":\"fra365yawm\"},\"sameAs\":[\"https:\/\/fr.365yawm.ma\"]}]}<\/script>\n<!-- \/ Yoast SEO plugin. -->","yoast_head_json":{"title":"T\u00c9TOUAN : LE CR\u00c2NE D'UN MOTOCYCLISTE \u00c9CRAS\u00c9 PAR UN AUTOCAR - 365YAWM fran\u00e7ais","robots":{"index":"index","follow":"follow","max-snippet":"max-snippet:-1","max-image-preview":"max-image-preview:large","max-video-preview":"max-video-preview:-1"},"canonical":"https:\/\/fr.365yawm.ma\/index.php\/2025\/06\/10\/tetouan-le-crane-dun-motocycliste-ecrase-par-un-autocar\/","og_locale":"fr_FR","og_type":"article","og_title":"T\u00c9TOUAN : LE CR\u00c2NE D'UN MOTOCYCLISTE \u00c9CRAS\u00c9 PAR UN AUTOCAR - 365YAWM fran\u00e7ais","og_description":"Sc\u00e8ne d\u2019horreur ce mardi matin sur l\u2019avenue 9 Avril \u00e0 T\u00e9touan. Un motocycliste a perdu la vie dans des circonstances tragiques lorsqu\u2019un autocar, lanc\u00e9 \u00e0 vive allure, lui a broy\u00e9 le cr\u00e2ne apr\u00e8s une violente collision. La victime n\u2019a eu aucune chance : elle est morte sur le coup, son corps sans vie gisant au [&hellip;]","og_url":"https:\/\/fr.365yawm.ma\/index.php\/2025\/06\/10\/tetouan-le-crane-dun-motocycliste-ecrase-par-un-autocar\/","og_site_name":"365YAWM fran\u00e7ais","article_published_time":"2025-06-10T17:01:42+00:00","og_image":[{"width":713,"height":985,"url":"https:\/\/fr.365yawm.ma\/wp-content\/uploads\/2025\/06\/1749568558607.jpg","type":"image\/jpeg"}],"author":"fra365yawm","twitter_card":"summary_large_image","twitter_misc":{"\u00c9crit par":"fra365yawm","Dur\u00e9e de lecture estim\u00e9e":"1 minute"},"schema":{"@context":"https:\/\/schema.org","@graph":[{"@type":"Article","@id":"https:\/\/fr.365yawm.ma\/index.php\/2025\/06\/10\/tetouan-le-crane-dun-motocycliste-ecrase-par-un-autocar\/#article","isPartOf":{"@id":"https:\/\/fr.365yawm.ma\/index.php\/2025\/06\/10\/tetouan-le-crane-dun-motocycliste-ecrase-par-un-autocar\/"},"author":{"name":"fra365yawm","@id":"https:\/\/fr.365yawm.ma\/#\/schema\/person\/3ae7f285880cb2045c5b6a6925408e72"},"headline":"T\u00c9TOUAN : LE CR\u00c2NE D&rsquo;UN MOTOCYCLISTE \u00c9CRAS\u00c9 PAR UN AUTOCAR","datePublished":"2025-06-10T17:01:42+00:00","mainEntityOfPage":{"@id":"https:\/\/fr.365yawm.ma\/index.php\/2025\/06\/10\/tetouan-le-crane-dun-motocycliste-ecrase-par-un-autocar\/"},"wordCount":182,"commentCount":0,"publisher":{"@id":"https:\/\/fr.365yawm.ma\/#organization"},"image":{"@id":"https:\/\/fr.365yawm.ma\/index.php\/2025\/06\/10\/tetouan-le-crane-dun-motocycliste-ecrase-par-un-autocar\/#primaryimage"},"thumbnailUrl":"https:\/\/fr.365yawm.ma\/wp-content\/uploads\/2025\/06\/1749568558607.jpg","articleSection":["Faits divers"],"inLanguage":"fr-FR","potentialAction":[{"@type":"CommentAction","name":"Comment","target":["https:\/\/fr.365yawm.ma\/index.php\/2025\/06\/10\/tetouan-le-crane-dun-motocycliste-ecrase-par-un-autocar\/#respond"]}]},{"@type":"WebPage","@id":"https:\/\/fr.365yawm.ma\/index.php\/2025\/06\/10\/tetouan-le-crane-dun-motocycliste-ecrase-par-un-autocar\/","url":"https:\/\/fr.365yawm.ma\/index.php\/2025\/06\/10\/tetouan-le-crane-dun-motocycliste-ecrase-par-un-autocar\/","name":"T\u00c9TOUAN : LE CR\u00c2NE D'UN MOTOCYCLISTE \u00c9CRAS\u00c9 PAR UN AUTOCAR - 365YAWM fran\u00e7ais","isPartOf":{"@id":"https:\/\/fr.365yawm.ma\/#website"},"primaryImageOfPage":{"@id":"https:\/\/fr.365yawm.ma\/index.php\/2025\/06\/10\/tetouan-le-crane-dun-motocycliste-ecrase-par-un-autocar\/#primaryimage"},"image":{"@id":"https:\/\/fr.365yawm.ma\/index.php\/2025\/06\/10\/tetouan-le-crane-dun-motocycliste-ecrase-par-un-autocar\/#primaryimage"},"thumbnailUrl":"https:\/\/fr.365yawm.ma\/wp-content\/uploads\/2025\/06\/1749568558607.jpg","datePublished":"2025-06-10T17:01:42+00:00","breadcrumb":{"@id":"https:\/\/fr.365yawm.ma\/index.php\/2025\/06\/10\/tetouan-le-crane-dun-motocycliste-ecrase-par-un-autocar\/#breadcrumb"},"inLanguage":"fr-FR","potentialAction":[{"@type":"ReadAction","target":["https:\/\/fr.365yawm.ma\/index.php\/2025\/06\/10\/tetouan-le-crane-dun-motocycliste-ecrase-par-un-autocar\/"]}]},{"@type":"ImageObject","inLanguage":"fr-FR","@id":"https:\/\/fr.365yawm.ma\/index.php\/2025\/06\/10\/tetouan-le-crane-dun-motocycliste-ecrase-par-un-autocar\/#primaryimage","url":"https:\/\/fr.365yawm.ma\/wp-content\/uploads\/2025\/06\/1749568558607.jpg","contentUrl":"https:\/\/fr.365yawm.ma\/wp-content\/uploads\/2025\/06\/1749568558607.jpg","width":713,"height":985},{"@type":"BreadcrumbList","@id":"https:\/\/fr.365yawm.ma\/index.php\/2025\/06\/10\/tetouan-le-crane-dun-motocycliste-ecrase-par-un-autocar\/#breadcrumb","itemListElement":[{"@type":"ListItem","position":1,"name":"Accueil","item":"https:\/\/fr.365yawm.ma\/"},{"@type":"ListItem","position":2,"name":"T\u00c9TOUAN : LE CR\u00c2NE D&rsquo;UN MOTOCYCLISTE \u00c9CRAS\u00c9 PAR UN AUTOCAR"}]},{"@type":"WebSite","@id":"https:\/\/fr.365yawm.ma\/#website","url":"https:\/\/fr.365yawm.ma\/","name":"365YAWM fran\u00e7ais","description":"","publisher":{"@id":"https:\/\/fr.365yawm.ma\/#organization"},"potentialAction":[{"@type":"SearchAction","target":{"@type":"EntryPoint","urlTemplate":"https:\/\/fr.365yawm.ma\/?s={search_term_string}"},"query-input":{"@type":"PropertyValueSpecification","valueRequired":true,"valueName":"search_term_string"}}],"inLanguage":"fr-FR"},{"@type":"Organization","@id":"https:\/\/fr.365yawm.ma\/#organization","name":"365 yawm","url":"https:\/\/fr.365yawm.ma\/","logo":{"@type":"ImageObject","inLanguage":"fr-FR","@id":"https:\/\/fr.365yawm.ma\/#\/schema\/logo\/image\/","url":"https:\/\/fr.365yawm.ma\/wp-content\/uploads\/2020\/04\/icon.png","contentUrl":"https:\/\/fr.365yawm.ma\/wp-content\/uploads\/2020\/04\/icon.png","width":512,"height":512,"caption":"365 yawm"},"image":{"@id":"https:\/\/fr.365yawm.ma\/#\/schema\/logo\/image\/"}},{"@type":"Person","@id":"https:\/\/fr.365yawm.ma\/#\/schema\/person\/3ae7f285880cb2045c5b6a6925408e72","name":"fra365yawm","image":{"@type":"ImageObject","inLanguage":"fr-FR","@id":"https:\/\/fr.365yawm.ma\/#\/schema\/person\/image\/","url":"https:\/\/secure.gravatar.com\/avatar\/825cebdd359775298a5648431701cf17d00fd4fbec76f488ebc15fbeb220aa3a?s=96&d=mm&r=g","contentUrl":"https:\/\/secure.gravatar.com\/avatar\/825cebdd359775298a5648431701cf17d00fd4fbec76f488ebc15fbeb220aa3a?s=96&d=mm&r=g","caption":"fra365yawm"},"sameAs":["https:\/\/fr.365yawm.ma"]}]}},"jetpack_featured_media_url":"https:\/\/fr.365yawm.ma\/wp-content\/uploads\/2025\/06\/1749568558607.jpg","jetpack_sharing_enabled":true,"_links":{"self":[{"href":"https:\/\/fr.365yawm.ma\/index.php\/wp-json\/wp\/v2\/posts\/5482","targetHints":{"allow":["GET"]}}],"collection":[{"href":"https:\/\/fr.365yawm.ma\/index.php\/wp-json\/wp\/v2\/posts"}],"about":[{"href":"https:\/\/fr.365yawm.ma\/index.php\/wp-json\/wp\/v2\/types\/post"}],"author":[{"embeddable":true,"href":"https:\/\/fr.365yawm.ma\/index.php\/wp-json\/wp\/v2\/users\/1"}],"replies":[{"embeddable":true,"href":"https:\/\/fr.365yawm.ma\/index.php\/wp-json\/wp\/v2\/comments?post=5482"}],"version-history":[{"count":1,"href":"https:\/\/fr.365yawm.ma\/index.php\/wp-json\/wp\/v2\/posts\/5482\/revisions"}],"predecessor-version":[{"id":5484,"href":"https:\/\/fr.365yawm.ma\/index.php\/wp-json\/wp\/v2\/posts\/5482\/revisions\/5484"}],"wp:featuredmedia":[{"embeddable":true,"href":"https:\/\/fr.365yawm.ma\/index.php\/wp-json\/wp\/v2\/media\/5483"}],"wp:attachment":[{"href":"https:\/\/fr.365yawm.ma\/index.php\/wp-json\/wp\/v2\/media?parent=5482"}],"wp:term":[{"taxonomy":"category","embeddable":true,"href":"https:\/\/fr.365yawm.ma\/index.php\/wp-json\/wp\/v2\/categories?post=5482"},{"taxonomy":"post_tag","embeddable":true,"href":"https:\/\/fr.365yawm.ma\/index.php\/wp-json\/wp\/v2\/tags?post=5482"}],"curies":[{"name":"wp","href":"https:\/\/api.w.org\/{rel}","templated":true}]}}