{"id":5399,"date":"2025-05-19T23:23:32","date_gmt":"2025-05-19T21:23:32","guid":{"rendered":"https:\/\/fr.365yawm.ma\/?p=5399"},"modified":"2025-05-19T23:23:32","modified_gmt":"2025-05-19T21:23:32","slug":"le-talent-tanjaoui-sexplose-au-palais-des-arts","status":"publish","type":"post","link":"https:\/\/fr.365yawm.ma\/index.php\/2025\/05\/19\/le-talent-tanjaoui-sexplose-au-palais-des-arts\/","title":{"rendered":"LE TALENT TANJAOUI S&rsquo;EXPLOSE AU PALAIS DES ARTS"},"content":{"rendered":"<p><strong>Ambiance festive ce dimanche 18 mai au Palais de la Culture et des Arts de Tanger. Le lieu a accueilli la grande finale de <em>Talent Tanjaoui<\/em>, un concours artistique destin\u00e9 aux jeunes de 6 \u00e0 18 ans, organis\u00e9 par l\u2019Institut fran\u00e7ais de Tanger. Objectif : mettre en lumi\u00e8re les talents locaux dans des disciplines aussi vari\u00e9es que le th\u00e9\u00e2tre, la musique, le chant, la danse, ou encore le sketch humoristique<\/strong>.<\/p>\n<p><a href=\"https:\/\/fr.365yawm.ma\/wp-content\/uploads\/2025\/05\/1747689201999.jpg\"><img loading=\"lazy\" decoding=\"async\" class=\"alignnone size-full wp-image-5401\" src=\"https:\/\/fr.365yawm.ma\/wp-content\/uploads\/2025\/05\/1747689201999.jpg\" alt=\"\" width=\"1080\" height=\"720\" srcset=\"https:\/\/fr.365yawm.ma\/wp-content\/uploads\/2025\/05\/1747689201999.jpg 1080w, https:\/\/fr.365yawm.ma\/wp-content\/uploads\/2025\/05\/1747689201999-300x200.jpg 300w, https:\/\/fr.365yawm.ma\/wp-content\/uploads\/2025\/05\/1747689201999-1024x683.jpg 1024w, https:\/\/fr.365yawm.ma\/wp-content\/uploads\/2025\/05\/1747689201999-768x512.jpg 768w, https:\/\/fr.365yawm.ma\/wp-content\/uploads\/2025\/05\/1747689201999-450x300.jpg 450w\" sizes=\"auto, (max-width: 1080px) 100vw, 1080px\" \/><\/a><\/p>\n<p>\u00c0 l\u2019ext\u00e9rieur, les jeunes de l\u2019association <em>Darna<\/em> ont donn\u00e9 le ton avec une animation carnavalesque haute en couleur. \u00c0 l\u2019int\u00e9rieur, l\u2019effervescence \u00e9tait palpable. Parents, artistes, responsables culturels\u2026 tout le monde \u00e9tait au rendez-vous.<\/p>\n<p>La c\u00e9r\u00e9monie s\u2019est ouverte en musique avec l\u2019hymne national marocain, avant les prises de parole officielles. Le consul g\u00e9n\u00e9ral de France \u00e0 Tanger, Philippe Truquet a salu\u00e9 le travail collectif ayant permis l\u2019organisation de cet \u00e9v\u00e9nement, remerciant notamment Mme Zahour Ehmahouche, directrice r\u00e9gionale de la culture, pour son soutien d\u00e9cisif.<\/p>\n<p><a href=\"https:\/\/fr.365yawm.ma\/wp-content\/uploads\/2025\/05\/1747689325640.jpg\"><img loading=\"lazy\" decoding=\"async\" class=\"alignnone size-full wp-image-5402\" src=\"https:\/\/fr.365yawm.ma\/wp-content\/uploads\/2025\/05\/1747689325640.jpg\" alt=\"\" width=\"1080\" height=\"720\" srcset=\"https:\/\/fr.365yawm.ma\/wp-content\/uploads\/2025\/05\/1747689325640.jpg 1080w, https:\/\/fr.365yawm.ma\/wp-content\/uploads\/2025\/05\/1747689325640-300x200.jpg 300w, https:\/\/fr.365yawm.ma\/wp-content\/uploads\/2025\/05\/1747689325640-1024x683.jpg 1024w, https:\/\/fr.365yawm.ma\/wp-content\/uploads\/2025\/05\/1747689325640-768x512.jpg 768w, https:\/\/fr.365yawm.ma\/wp-content\/uploads\/2025\/05\/1747689325640-450x300.jpg 450w\" sizes=\"auto, (max-width: 1080px) 100vw, 1080px\" \/><\/a><\/p>\n<p>Cette derni\u00e8re a prononc\u00e9 une allocution au cours de laquelle elle a encourag\u00e9 les jeunes \u00e0 croire en leur talent, et \u00e0 pers\u00e9v\u00e9rer. <strong>\u00ab Ce genre d\u2019initiatives est essentiel pour leur d\u00e9veloppement personnel et artistique<\/strong> \u00bb, a-t-elle soulign\u00e9.<\/p>\n<p>Aux manettes de l\u2019organisation, Asmae Benmoussa, cheville ouvri\u00e8re du programme, a tenu \u00e0 remercier tous les partenaires, en particulier la Fondation Tanger M\u00e9tropole.<\/p>\n<p><a href=\"https:\/\/fr.365yawm.ma\/wp-content\/uploads\/2025\/05\/1747689247907.jpg\"><img loading=\"lazy\" decoding=\"async\" class=\"alignnone size-full wp-image-5404\" src=\"https:\/\/fr.365yawm.ma\/wp-content\/uploads\/2025\/05\/1747689247907.jpg\" alt=\"\" width=\"1080\" height=\"720\" srcset=\"https:\/\/fr.365yawm.ma\/wp-content\/uploads\/2025\/05\/1747689247907.jpg 1080w, https:\/\/fr.365yawm.ma\/wp-content\/uploads\/2025\/05\/1747689247907-300x200.jpg 300w, https:\/\/fr.365yawm.ma\/wp-content\/uploads\/2025\/05\/1747689247907-1024x683.jpg 1024w, https:\/\/fr.365yawm.ma\/wp-content\/uploads\/2025\/05\/1747689247907-768x512.jpg 768w, https:\/\/fr.365yawm.ma\/wp-content\/uploads\/2025\/05\/1747689247907-450x300.jpg 450w\" sizes=\"auto, (max-width: 1080px) 100vw, 1080px\" \/><\/a><\/p>\n<p>Apr\u00e8s les prestations des finalistes, le public a eu droit \u00e0 une surprise : un mini-concert de Mourad El Bouriki, gagnant de <em>The Voice Arabia<\/em>, accompagn\u00e9 au violon par Mohcine Khannous. Un moment suspendu qui a fait vibrer la salle.<\/p>\n<p>La soir\u00e9e s\u2019est termin\u00e9e en beaut\u00e9 avec la remise des prix. Les laur\u00e9ats ont \u00e9t\u00e9 f\u00e9licit\u00e9s par Son Altesse Ch\u00e9rifienne Lalla Malika Alaoui, accompagn\u00e9e du consul g\u00e9n\u00e9ral, du pr\u00e9sident de la Fondation Tanger M\u00e9tropole, Abdelouahed Boulaich, et de plusieurs figures du monde artistique.<\/p>\n<p>&nbsp;<\/p>\n","protected":false},"excerpt":{"rendered":"<p>Ambiance festive ce dimanche 18 mai au Palais de la Culture et des Arts de Tanger. Le lieu a accueilli la grande finale de Talent Tanjaoui, un concours artistique destin\u00e9 aux jeunes de 6 \u00e0 18 ans, organis\u00e9 par l\u2019Institut fran\u00e7ais de Tanger. Objectif : mettre en lumi\u00e8re les talents locaux dans des disciplines aussi [&hellip;]<\/p>\n","protected":false},"author":1,"featured_media":5400,"comment_status":"open","ping_status":"open","sticky":false,"template":"","format":"standard","meta":{"_bbp_topic_count":0,"_bbp_reply_count":0,"_bbp_total_topic_count":0,"_bbp_total_reply_count":0,"_bbp_voice_count":0,"_bbp_anonymous_reply_count":0,"_bbp_topic_count_hidden":0,"_bbp_reply_count_hidden":0,"_bbp_forum_subforum_count":0,"_jetpack_memberships_contains_paid_content":false,"footnotes":""},"categories":[105],"tags":[],"class_list":["post-5399","post","type-post","status-publish","format-standard","has-post-thumbnail","hentry","category-spectacles"],"yoast_head":"<!-- This site is optimized with the Yoast SEO plugin v24.9 - https:\/\/yoast.com\/wordpress\/plugins\/seo\/ -->\n<title>LE TALENT TANJAOUI S&#039;EXPLOSE AU PALAIS DES ARTS - 365YAWM fran\u00e7ais<\/title>\n<meta name=\"robots\" content=\"index, follow, max-snippet:-1, max-image-preview:large, max-video-preview:-1\" \/>\n<link rel=\"canonical\" href=\"https:\/\/fr.365yawm.ma\/index.php\/2025\/05\/19\/le-talent-tanjaoui-sexplose-au-palais-des-arts\/\" \/>\n<meta property=\"og:locale\" content=\"fr_FR\" \/>\n<meta property=\"og:type\" content=\"article\" \/>\n<meta property=\"og:title\" content=\"LE TALENT TANJAOUI S&#039;EXPLOSE AU PALAIS DES ARTS - 365YAWM fran\u00e7ais\" \/>\n<meta property=\"og:description\" content=\"Ambiance festive ce dimanche 18 mai au Palais de la Culture et des Arts de Tanger. Le lieu a accueilli la grande finale de Talent Tanjaoui, un concours artistique destin\u00e9 aux jeunes de 6 \u00e0 18 ans, organis\u00e9 par l\u2019Institut fran\u00e7ais de Tanger. Objectif : mettre en lumi\u00e8re les talents locaux dans des disciplines aussi [&hellip;]\" \/>\n<meta property=\"og:url\" content=\"https:\/\/fr.365yawm.ma\/index.php\/2025\/05\/19\/le-talent-tanjaoui-sexplose-au-palais-des-arts\/\" \/>\n<meta property=\"og:site_name\" content=\"365YAWM fran\u00e7ais\" \/>\n<meta property=\"article:published_time\" content=\"2025-05-19T21:23:32+00:00\" \/>\n<meta property=\"og:image\" content=\"https:\/\/fr.365yawm.ma\/wp-content\/uploads\/2025\/05\/1747689284516.jpg\" \/>\n\t<meta property=\"og:image:width\" content=\"1080\" \/>\n\t<meta property=\"og:image:height\" content=\"720\" \/>\n\t<meta property=\"og:image:type\" content=\"image\/jpeg\" \/>\n<meta name=\"author\" content=\"fra365yawm\" \/>\n<meta name=\"twitter:card\" content=\"summary_large_image\" \/>\n<meta name=\"twitter:label1\" content=\"\u00c9crit par\" \/>\n\t<meta name=\"twitter:data1\" content=\"fra365yawm\" \/>\n\t<meta name=\"twitter:label2\" content=\"Dur\u00e9e de lecture estim\u00e9e\" \/>\n\t<meta name=\"twitter:data2\" content=\"3 minutes\" \/>\n<script type=\"application\/ld+json\" class=\"yoast-schema-graph\">{\"@context\":\"https:\/\/schema.org\",\"@graph\":[{\"@type\":\"Article\",\"@id\":\"https:\/\/fr.365yawm.ma\/index.php\/2025\/05\/19\/le-talent-tanjaoui-sexplose-au-palais-des-arts\/#article\",\"isPartOf\":{\"@id\":\"https:\/\/fr.365yawm.ma\/index.php\/2025\/05\/19\/le-talent-tanjaoui-sexplose-au-palais-des-arts\/\"},\"author\":{\"name\":\"fra365yawm\",\"@id\":\"https:\/\/fr.365yawm.ma\/#\/schema\/person\/3ae7f285880cb2045c5b6a6925408e72\"},\"headline\":\"LE TALENT TANJAOUI S&rsquo;EXPLOSE AU PALAIS DES ARTS\",\"datePublished\":\"2025-05-19T21:23:32+00:00\",\"mainEntityOfPage\":{\"@id\":\"https:\/\/fr.365yawm.ma\/index.php\/2025\/05\/19\/le-talent-tanjaoui-sexplose-au-palais-des-arts\/\"},\"wordCount\":333,\"commentCount\":0,\"publisher\":{\"@id\":\"https:\/\/fr.365yawm.ma\/#organization\"},\"image\":{\"@id\":\"https:\/\/fr.365yawm.ma\/index.php\/2025\/05\/19\/le-talent-tanjaoui-sexplose-au-palais-des-arts\/#primaryimage\"},\"thumbnailUrl\":\"https:\/\/fr.365yawm.ma\/wp-content\/uploads\/2025\/05\/1747689284516.jpg\",\"articleSection\":[\"Spectacles\"],\"inLanguage\":\"fr-FR\",\"potentialAction\":[{\"@type\":\"CommentAction\",\"name\":\"Comment\",\"target\":[\"https:\/\/fr.365yawm.ma\/index.php\/2025\/05\/19\/le-talent-tanjaoui-sexplose-au-palais-des-arts\/#respond\"]}]},{\"@type\":\"WebPage\",\"@id\":\"https:\/\/fr.365yawm.ma\/index.php\/2025\/05\/19\/le-talent-tanjaoui-sexplose-au-palais-des-arts\/\",\"url\":\"https:\/\/fr.365yawm.ma\/index.php\/2025\/05\/19\/le-talent-tanjaoui-sexplose-au-palais-des-arts\/\",\"name\":\"LE TALENT TANJAOUI S'EXPLOSE AU PALAIS DES ARTS - 365YAWM fran\u00e7ais\",\"isPartOf\":{\"@id\":\"https:\/\/fr.365yawm.ma\/#website\"},\"primaryImageOfPage\":{\"@id\":\"https:\/\/fr.365yawm.ma\/index.php\/2025\/05\/19\/le-talent-tanjaoui-sexplose-au-palais-des-arts\/#primaryimage\"},\"image\":{\"@id\":\"https:\/\/fr.365yawm.ma\/index.php\/2025\/05\/19\/le-talent-tanjaoui-sexplose-au-palais-des-arts\/#primaryimage\"},\"thumbnailUrl\":\"https:\/\/fr.365yawm.ma\/wp-content\/uploads\/2025\/05\/1747689284516.jpg\",\"datePublished\":\"2025-05-19T21:23:32+00:00\",\"breadcrumb\":{\"@id\":\"https:\/\/fr.365yawm.ma\/index.php\/2025\/05\/19\/le-talent-tanjaoui-sexplose-au-palais-des-arts\/#breadcrumb\"},\"inLanguage\":\"fr-FR\",\"potentialAction\":[{\"@type\":\"ReadAction\",\"target\":[\"https:\/\/fr.365yawm.ma\/index.php\/2025\/05\/19\/le-talent-tanjaoui-sexplose-au-palais-des-arts\/\"]}]},{\"@type\":\"ImageObject\",\"inLanguage\":\"fr-FR\",\"@id\":\"https:\/\/fr.365yawm.ma\/index.php\/2025\/05\/19\/le-talent-tanjaoui-sexplose-au-palais-des-arts\/#primaryimage\",\"url\":\"https:\/\/fr.365yawm.ma\/wp-content\/uploads\/2025\/05\/1747689284516.jpg\",\"contentUrl\":\"https:\/\/fr.365yawm.ma\/wp-content\/uploads\/2025\/05\/1747689284516.jpg\",\"width\":1080,\"height\":720},{\"@type\":\"BreadcrumbList\",\"@id\":\"https:\/\/fr.365yawm.ma\/index.php\/2025\/05\/19\/le-talent-tanjaoui-sexplose-au-palais-des-arts\/#breadcrumb\",\"itemListElement\":[{\"@type\":\"ListItem\",\"position\":1,\"name\":\"Accueil\",\"item\":\"https:\/\/fr.365yawm.ma\/\"},{\"@type\":\"ListItem\",\"position\":2,\"name\":\"LE TALENT TANJAOUI S&rsquo;EXPLOSE AU PALAIS DES ARTS\"}]},{\"@type\":\"WebSite\",\"@id\":\"https:\/\/fr.365yawm.ma\/#website\",\"url\":\"https:\/\/fr.365yawm.ma\/\",\"name\":\"365YAWM fran\u00e7ais\",\"description\":\"\",\"publisher\":{\"@id\":\"https:\/\/fr.365yawm.ma\/#organization\"},\"potentialAction\":[{\"@type\":\"SearchAction\",\"target\":{\"@type\":\"EntryPoint\",\"urlTemplate\":\"https:\/\/fr.365yawm.ma\/?s={search_term_string}\"},\"query-input\":{\"@type\":\"PropertyValueSpecification\",\"valueRequired\":true,\"valueName\":\"search_term_string\"}}],\"inLanguage\":\"fr-FR\"},{\"@type\":\"Organization\",\"@id\":\"https:\/\/fr.365yawm.ma\/#organization\",\"name\":\"365 yawm\",\"url\":\"https:\/\/fr.365yawm.ma\/\",\"logo\":{\"@type\":\"ImageObject\",\"inLanguage\":\"fr-FR\",\"@id\":\"https:\/\/fr.365yawm.ma\/#\/schema\/logo\/image\/\",\"url\":\"https:\/\/fr.365yawm.ma\/wp-content\/uploads\/2020\/04\/icon.png\",\"contentUrl\":\"https:\/\/fr.365yawm.ma\/wp-content\/uploads\/2020\/04\/icon.png\",\"width\":512,\"height\":512,\"caption\":\"365 yawm\"},\"image\":{\"@id\":\"https:\/\/fr.365yawm.ma\/#\/schema\/logo\/image\/\"}},{\"@type\":\"Person\",\"@id\":\"https:\/\/fr.365yawm.ma\/#\/schema\/person\/3ae7f285880cb2045c5b6a6925408e72\",\"name\":\"fra365yawm\",\"image\":{\"@type\":\"ImageObject\",\"inLanguage\":\"fr-FR\",\"@id\":\"https:\/\/fr.365yawm.ma\/#\/schema\/person\/image\/\",\"url\":\"https:\/\/secure.gravatar.com\/avatar\/825cebdd359775298a5648431701cf17d00fd4fbec76f488ebc15fbeb220aa3a?s=96&d=mm&r=g\",\"contentUrl\":\"https:\/\/secure.gravatar.com\/avatar\/825cebdd359775298a5648431701cf17d00fd4fbec76f488ebc15fbeb220aa3a?s=96&d=mm&r=g\",\"caption\":\"fra365yawm\"},\"sameAs\":[\"https:\/\/fr.365yawm.ma\"]}]}<\/script>\n<!-- \/ Yoast SEO plugin. -->","yoast_head_json":{"title":"LE TALENT TANJAOUI S'EXPLOSE AU PALAIS DES ARTS - 365YAWM fran\u00e7ais","robots":{"index":"index","follow":"follow","max-snippet":"max-snippet:-1","max-image-preview":"max-image-preview:large","max-video-preview":"max-video-preview:-1"},"canonical":"https:\/\/fr.365yawm.ma\/index.php\/2025\/05\/19\/le-talent-tanjaoui-sexplose-au-palais-des-arts\/","og_locale":"fr_FR","og_type":"article","og_title":"LE TALENT TANJAOUI S'EXPLOSE AU PALAIS DES ARTS - 365YAWM fran\u00e7ais","og_description":"Ambiance festive ce dimanche 18 mai au Palais de la Culture et des Arts de Tanger. Le lieu a accueilli la grande finale de Talent Tanjaoui, un concours artistique destin\u00e9 aux jeunes de 6 \u00e0 18 ans, organis\u00e9 par l\u2019Institut fran\u00e7ais de Tanger. Objectif : mettre en lumi\u00e8re les talents locaux dans des disciplines aussi [&hellip;]","og_url":"https:\/\/fr.365yawm.ma\/index.php\/2025\/05\/19\/le-talent-tanjaoui-sexplose-au-palais-des-arts\/","og_site_name":"365YAWM fran\u00e7ais","article_published_time":"2025-05-19T21:23:32+00:00","og_image":[{"width":1080,"height":720,"url":"https:\/\/fr.365yawm.ma\/wp-content\/uploads\/2025\/05\/1747689284516.jpg","type":"image\/jpeg"}],"author":"fra365yawm","twitter_card":"summary_large_image","twitter_misc":{"\u00c9crit par":"fra365yawm","Dur\u00e9e de lecture estim\u00e9e":"3 minutes"},"schema":{"@context":"https:\/\/schema.org","@graph":[{"@type":"Article","@id":"https:\/\/fr.365yawm.ma\/index.php\/2025\/05\/19\/le-talent-tanjaoui-sexplose-au-palais-des-arts\/#article","isPartOf":{"@id":"https:\/\/fr.365yawm.ma\/index.php\/2025\/05\/19\/le-talent-tanjaoui-sexplose-au-palais-des-arts\/"},"author":{"name":"fra365yawm","@id":"https:\/\/fr.365yawm.ma\/#\/schema\/person\/3ae7f285880cb2045c5b6a6925408e72"},"headline":"LE TALENT TANJAOUI S&rsquo;EXPLOSE AU PALAIS DES ARTS","datePublished":"2025-05-19T21:23:32+00:00","mainEntityOfPage":{"@id":"https:\/\/fr.365yawm.ma\/index.php\/2025\/05\/19\/le-talent-tanjaoui-sexplose-au-palais-des-arts\/"},"wordCount":333,"commentCount":0,"publisher":{"@id":"https:\/\/fr.365yawm.ma\/#organization"},"image":{"@id":"https:\/\/fr.365yawm.ma\/index.php\/2025\/05\/19\/le-talent-tanjaoui-sexplose-au-palais-des-arts\/#primaryimage"},"thumbnailUrl":"https:\/\/fr.365yawm.ma\/wp-content\/uploads\/2025\/05\/1747689284516.jpg","articleSection":["Spectacles"],"inLanguage":"fr-FR","potentialAction":[{"@type":"CommentAction","name":"Comment","target":["https:\/\/fr.365yawm.ma\/index.php\/2025\/05\/19\/le-talent-tanjaoui-sexplose-au-palais-des-arts\/#respond"]}]},{"@type":"WebPage","@id":"https:\/\/fr.365yawm.ma\/index.php\/2025\/05\/19\/le-talent-tanjaoui-sexplose-au-palais-des-arts\/","url":"https:\/\/fr.365yawm.ma\/index.php\/2025\/05\/19\/le-talent-tanjaoui-sexplose-au-palais-des-arts\/","name":"LE TALENT TANJAOUI S'EXPLOSE AU PALAIS DES ARTS - 365YAWM fran\u00e7ais","isPartOf":{"@id":"https:\/\/fr.365yawm.ma\/#website"},"primaryImageOfPage":{"@id":"https:\/\/fr.365yawm.ma\/index.php\/2025\/05\/19\/le-talent-tanjaoui-sexplose-au-palais-des-arts\/#primaryimage"},"image":{"@id":"https:\/\/fr.365yawm.ma\/index.php\/2025\/05\/19\/le-talent-tanjaoui-sexplose-au-palais-des-arts\/#primaryimage"},"thumbnailUrl":"https:\/\/fr.365yawm.ma\/wp-content\/uploads\/2025\/05\/1747689284516.jpg","datePublished":"2025-05-19T21:23:32+00:00","breadcrumb":{"@id":"https:\/\/fr.365yawm.ma\/index.php\/2025\/05\/19\/le-talent-tanjaoui-sexplose-au-palais-des-arts\/#breadcrumb"},"inLanguage":"fr-FR","potentialAction":[{"@type":"ReadAction","target":["https:\/\/fr.365yawm.ma\/index.php\/2025\/05\/19\/le-talent-tanjaoui-sexplose-au-palais-des-arts\/"]}]},{"@type":"ImageObject","inLanguage":"fr-FR","@id":"https:\/\/fr.365yawm.ma\/index.php\/2025\/05\/19\/le-talent-tanjaoui-sexplose-au-palais-des-arts\/#primaryimage","url":"https:\/\/fr.365yawm.ma\/wp-content\/uploads\/2025\/05\/1747689284516.jpg","contentUrl":"https:\/\/fr.365yawm.ma\/wp-content\/uploads\/2025\/05\/1747689284516.jpg","width":1080,"height":720},{"@type":"BreadcrumbList","@id":"https:\/\/fr.365yawm.ma\/index.php\/2025\/05\/19\/le-talent-tanjaoui-sexplose-au-palais-des-arts\/#breadcrumb","itemListElement":[{"@type":"ListItem","position":1,"name":"Accueil","item":"https:\/\/fr.365yawm.ma\/"},{"@type":"ListItem","position":2,"name":"LE TALENT TANJAOUI S&rsquo;EXPLOSE AU PALAIS DES ARTS"}]},{"@type":"WebSite","@id":"https:\/\/fr.365yawm.ma\/#website","url":"https:\/\/fr.365yawm.ma\/","name":"365YAWM fran\u00e7ais","description":"","publisher":{"@id":"https:\/\/fr.365yawm.ma\/#organization"},"potentialAction":[{"@type":"SearchAction","target":{"@type":"EntryPoint","urlTemplate":"https:\/\/fr.365yawm.ma\/?s={search_term_string}"},"query-input":{"@type":"PropertyValueSpecification","valueRequired":true,"valueName":"search_term_string"}}],"inLanguage":"fr-FR"},{"@type":"Organization","@id":"https:\/\/fr.365yawm.ma\/#organization","name":"365 yawm","url":"https:\/\/fr.365yawm.ma\/","logo":{"@type":"ImageObject","inLanguage":"fr-FR","@id":"https:\/\/fr.365yawm.ma\/#\/schema\/logo\/image\/","url":"https:\/\/fr.365yawm.ma\/wp-content\/uploads\/2020\/04\/icon.png","contentUrl":"https:\/\/fr.365yawm.ma\/wp-content\/uploads\/2020\/04\/icon.png","width":512,"height":512,"caption":"365 yawm"},"image":{"@id":"https:\/\/fr.365yawm.ma\/#\/schema\/logo\/image\/"}},{"@type":"Person","@id":"https:\/\/fr.365yawm.ma\/#\/schema\/person\/3ae7f285880cb2045c5b6a6925408e72","name":"fra365yawm","image":{"@type":"ImageObject","inLanguage":"fr-FR","@id":"https:\/\/fr.365yawm.ma\/#\/schema\/person\/image\/","url":"https:\/\/secure.gravatar.com\/avatar\/825cebdd359775298a5648431701cf17d00fd4fbec76f488ebc15fbeb220aa3a?s=96&d=mm&r=g","contentUrl":"https:\/\/secure.gravatar.com\/avatar\/825cebdd359775298a5648431701cf17d00fd4fbec76f488ebc15fbeb220aa3a?s=96&d=mm&r=g","caption":"fra365yawm"},"sameAs":["https:\/\/fr.365yawm.ma"]}]}},"jetpack_featured_media_url":"https:\/\/fr.365yawm.ma\/wp-content\/uploads\/2025\/05\/1747689284516.jpg","jetpack_sharing_enabled":true,"_links":{"self":[{"href":"https:\/\/fr.365yawm.ma\/index.php\/wp-json\/wp\/v2\/posts\/5399","targetHints":{"allow":["GET"]}}],"collection":[{"href":"https:\/\/fr.365yawm.ma\/index.php\/wp-json\/wp\/v2\/posts"}],"about":[{"href":"https:\/\/fr.365yawm.ma\/index.php\/wp-json\/wp\/v2\/types\/post"}],"author":[{"embeddable":true,"href":"https:\/\/fr.365yawm.ma\/index.php\/wp-json\/wp\/v2\/users\/1"}],"replies":[{"embeddable":true,"href":"https:\/\/fr.365yawm.ma\/index.php\/wp-json\/wp\/v2\/comments?post=5399"}],"version-history":[{"count":1,"href":"https:\/\/fr.365yawm.ma\/index.php\/wp-json\/wp\/v2\/posts\/5399\/revisions"}],"predecessor-version":[{"id":5405,"href":"https:\/\/fr.365yawm.ma\/index.php\/wp-json\/wp\/v2\/posts\/5399\/revisions\/5405"}],"wp:featuredmedia":[{"embeddable":true,"href":"https:\/\/fr.365yawm.ma\/index.php\/wp-json\/wp\/v2\/media\/5400"}],"wp:attachment":[{"href":"https:\/\/fr.365yawm.ma\/index.php\/wp-json\/wp\/v2\/media?parent=5399"}],"wp:term":[{"taxonomy":"category","embeddable":true,"href":"https:\/\/fr.365yawm.ma\/index.php\/wp-json\/wp\/v2\/categories?post=5399"},{"taxonomy":"post_tag","embeddable":true,"href":"https:\/\/fr.365yawm.ma\/index.php\/wp-json\/wp\/v2\/tags?post=5399"}],"curies":[{"name":"wp","href":"https:\/\/api.w.org\/{rel}","templated":true}]}}