{"id":5244,"date":"2025-04-26T20:16:16","date_gmt":"2025-04-26T18:16:16","guid":{"rendered":"https:\/\/fr.365yawm.ma\/?p=5244"},"modified":"2025-04-26T20:16:16","modified_gmt":"2025-04-26T18:16:16","slug":"plage-malabata-un-jeune-baigneur-englouti-par-les-vagues","status":"publish","type":"post","link":"https:\/\/fr.365yawm.ma\/index.php\/2025\/04\/26\/plage-malabata-un-jeune-baigneur-englouti-par-les-vagues\/","title":{"rendered":"PLAGE MALABATA : UN JEUNE BAIGNEUR ENGLOUTI PAR LES VAGUES"},"content":{"rendered":"<p>Un apr\u00e8s-midi de d\u00e9tente qui vire au drame. Ce samedi 26 avril, sur la c\u00e9l\u00e8bre plage de Malabata,\u00a0 un jeune homme d\u2019\u00e0 peine 20 ans a \u00e9t\u00e9 emport\u00e9 par la mer sous les yeux impuissants des rares t\u00e9moins pr\u00e9sents.<\/p>\n<p>Selon les premi\u00e8res informations, la victime, venue profiter du beau temps, se baignait tranquillement lorsqu\u2019une vague plus forte que les autres l\u2019a soudainement entra\u00een\u00e9 vers le large. En quelques instants, il a disparu sous les eaux, sans laisser de trace.<\/p>\n<p>Alert\u00e9s en urgence, les secours ont d\u00e9ploy\u00e9 d&rsquo;importants moyens\u00a0 pour le retrouver \u2026 Mais en d\u00e9pit de leurs efforts acharn\u00e9s, le jeune homme restait introuvable en fin d&rsquo;apr\u00e8s-midi. L\u2019angoisse montait parmi les proches et les vacanciers, suspendus au ballet incessant des sauveteurs.<\/p>\n<p>\u00c0 l&rsquo;heure o\u00f9 nous \u00e9crivons ces lignes, les recherches se poursuivent, dans l&rsquo;espoir de retrouver son corps et d&rsquo;apporter des r\u00e9ponses \u00e0 sa famille plong\u00e9e dans l&rsquo;attente et la douleur<\/p>\n","protected":false},"excerpt":{"rendered":"<p>Un apr\u00e8s-midi de d\u00e9tente qui vire au drame. Ce samedi 26 avril, sur la c\u00e9l\u00e8bre plage de Malabata,\u00a0 un jeune homme d\u2019\u00e0 peine 20 ans a \u00e9t\u00e9 emport\u00e9 par la mer sous les yeux impuissants des rares t\u00e9moins pr\u00e9sents. Selon les premi\u00e8res informations, la victime, venue profiter du beau temps, se baignait tranquillement lorsqu\u2019une vague [&hellip;]<\/p>\n","protected":false},"author":1,"featured_media":5246,"comment_status":"open","ping_status":"open","sticky":false,"template":"","format":"standard","meta":{"_bbp_topic_count":0,"_bbp_reply_count":0,"_bbp_total_topic_count":0,"_bbp_total_reply_count":0,"_bbp_voice_count":0,"_bbp_anonymous_reply_count":0,"_bbp_topic_count_hidden":0,"_bbp_reply_count_hidden":0,"_bbp_forum_subforum_count":0,"_jetpack_memberships_contains_paid_content":false,"footnotes":""},"categories":[69],"tags":[],"class_list":["post-5244","post","type-post","status-publish","format-standard","has-post-thumbnail","hentry","category-faits-divers"],"yoast_head":"<!-- This site is optimized with the Yoast SEO plugin v24.9 - https:\/\/yoast.com\/wordpress\/plugins\/seo\/ -->\n<title>PLAGE MALABATA : UN JEUNE BAIGNEUR ENGLOUTI PAR LES VAGUES - 365YAWM fran\u00e7ais<\/title>\n<meta name=\"robots\" content=\"index, follow, max-snippet:-1, max-image-preview:large, max-video-preview:-1\" \/>\n<link rel=\"canonical\" href=\"https:\/\/fr.365yawm.ma\/index.php\/2025\/04\/26\/plage-malabata-un-jeune-baigneur-englouti-par-les-vagues\/\" \/>\n<meta property=\"og:locale\" content=\"fr_FR\" \/>\n<meta property=\"og:type\" content=\"article\" \/>\n<meta property=\"og:title\" content=\"PLAGE MALABATA : UN JEUNE BAIGNEUR ENGLOUTI PAR LES VAGUES - 365YAWM fran\u00e7ais\" \/>\n<meta property=\"og:description\" content=\"Un apr\u00e8s-midi de d\u00e9tente qui vire au drame. Ce samedi 26 avril, sur la c\u00e9l\u00e8bre plage de Malabata,\u00a0 un jeune homme d\u2019\u00e0 peine 20 ans a \u00e9t\u00e9 emport\u00e9 par la mer sous les yeux impuissants des rares t\u00e9moins pr\u00e9sents. Selon les premi\u00e8res informations, la victime, venue profiter du beau temps, se baignait tranquillement lorsqu\u2019une vague [&hellip;]\" \/>\n<meta property=\"og:url\" content=\"https:\/\/fr.365yawm.ma\/index.php\/2025\/04\/26\/plage-malabata-un-jeune-baigneur-englouti-par-les-vagues\/\" \/>\n<meta property=\"og:site_name\" content=\"365YAWM fran\u00e7ais\" \/>\n<meta property=\"article:published_time\" content=\"2025-04-26T18:16:16+00:00\" \/>\n<meta property=\"og:image\" content=\"https:\/\/fr.365yawm.ma\/wp-content\/uploads\/2025\/04\/InShot_20250426_191539770.jpg\" \/>\n\t<meta property=\"og:image:width\" content=\"1920\" \/>\n\t<meta property=\"og:image:height\" content=\"1079\" \/>\n\t<meta property=\"og:image:type\" content=\"image\/jpeg\" \/>\n<meta name=\"author\" content=\"fra365yawm\" \/>\n<meta name=\"twitter:card\" content=\"summary_large_image\" \/>\n<meta name=\"twitter:label1\" content=\"\u00c9crit par\" \/>\n\t<meta name=\"twitter:data1\" content=\"fra365yawm\" \/>\n\t<meta name=\"twitter:label2\" content=\"Dur\u00e9e de lecture estim\u00e9e\" \/>\n\t<meta name=\"twitter:data2\" content=\"1 minute\" \/>\n<script type=\"application\/ld+json\" class=\"yoast-schema-graph\">{\"@context\":\"https:\/\/schema.org\",\"@graph\":[{\"@type\":\"Article\",\"@id\":\"https:\/\/fr.365yawm.ma\/index.php\/2025\/04\/26\/plage-malabata-un-jeune-baigneur-englouti-par-les-vagues\/#article\",\"isPartOf\":{\"@id\":\"https:\/\/fr.365yawm.ma\/index.php\/2025\/04\/26\/plage-malabata-un-jeune-baigneur-englouti-par-les-vagues\/\"},\"author\":{\"name\":\"fra365yawm\",\"@id\":\"https:\/\/fr.365yawm.ma\/#\/schema\/person\/3ae7f285880cb2045c5b6a6925408e72\"},\"headline\":\"PLAGE MALABATA : UN JEUNE BAIGNEUR ENGLOUTI PAR LES VAGUES\",\"datePublished\":\"2025-04-26T18:16:16+00:00\",\"mainEntityOfPage\":{\"@id\":\"https:\/\/fr.365yawm.ma\/index.php\/2025\/04\/26\/plage-malabata-un-jeune-baigneur-englouti-par-les-vagues\/\"},\"wordCount\":173,\"commentCount\":0,\"publisher\":{\"@id\":\"https:\/\/fr.365yawm.ma\/#organization\"},\"image\":{\"@id\":\"https:\/\/fr.365yawm.ma\/index.php\/2025\/04\/26\/plage-malabata-un-jeune-baigneur-englouti-par-les-vagues\/#primaryimage\"},\"thumbnailUrl\":\"https:\/\/fr.365yawm.ma\/wp-content\/uploads\/2025\/04\/InShot_20250426_191539770.jpg\",\"articleSection\":[\"Faits divers\"],\"inLanguage\":\"fr-FR\",\"potentialAction\":[{\"@type\":\"CommentAction\",\"name\":\"Comment\",\"target\":[\"https:\/\/fr.365yawm.ma\/index.php\/2025\/04\/26\/plage-malabata-un-jeune-baigneur-englouti-par-les-vagues\/#respond\"]}]},{\"@type\":\"WebPage\",\"@id\":\"https:\/\/fr.365yawm.ma\/index.php\/2025\/04\/26\/plage-malabata-un-jeune-baigneur-englouti-par-les-vagues\/\",\"url\":\"https:\/\/fr.365yawm.ma\/index.php\/2025\/04\/26\/plage-malabata-un-jeune-baigneur-englouti-par-les-vagues\/\",\"name\":\"PLAGE MALABATA : UN JEUNE BAIGNEUR ENGLOUTI PAR LES VAGUES - 365YAWM fran\u00e7ais\",\"isPartOf\":{\"@id\":\"https:\/\/fr.365yawm.ma\/#website\"},\"primaryImageOfPage\":{\"@id\":\"https:\/\/fr.365yawm.ma\/index.php\/2025\/04\/26\/plage-malabata-un-jeune-baigneur-englouti-par-les-vagues\/#primaryimage\"},\"image\":{\"@id\":\"https:\/\/fr.365yawm.ma\/index.php\/2025\/04\/26\/plage-malabata-un-jeune-baigneur-englouti-par-les-vagues\/#primaryimage\"},\"thumbnailUrl\":\"https:\/\/fr.365yawm.ma\/wp-content\/uploads\/2025\/04\/InShot_20250426_191539770.jpg\",\"datePublished\":\"2025-04-26T18:16:16+00:00\",\"breadcrumb\":{\"@id\":\"https:\/\/fr.365yawm.ma\/index.php\/2025\/04\/26\/plage-malabata-un-jeune-baigneur-englouti-par-les-vagues\/#breadcrumb\"},\"inLanguage\":\"fr-FR\",\"potentialAction\":[{\"@type\":\"ReadAction\",\"target\":[\"https:\/\/fr.365yawm.ma\/index.php\/2025\/04\/26\/plage-malabata-un-jeune-baigneur-englouti-par-les-vagues\/\"]}]},{\"@type\":\"ImageObject\",\"inLanguage\":\"fr-FR\",\"@id\":\"https:\/\/fr.365yawm.ma\/index.php\/2025\/04\/26\/plage-malabata-un-jeune-baigneur-englouti-par-les-vagues\/#primaryimage\",\"url\":\"https:\/\/fr.365yawm.ma\/wp-content\/uploads\/2025\/04\/InShot_20250426_191539770.jpg\",\"contentUrl\":\"https:\/\/fr.365yawm.ma\/wp-content\/uploads\/2025\/04\/InShot_20250426_191539770.jpg\",\"width\":1920,\"height\":1079},{\"@type\":\"BreadcrumbList\",\"@id\":\"https:\/\/fr.365yawm.ma\/index.php\/2025\/04\/26\/plage-malabata-un-jeune-baigneur-englouti-par-les-vagues\/#breadcrumb\",\"itemListElement\":[{\"@type\":\"ListItem\",\"position\":1,\"name\":\"Accueil\",\"item\":\"https:\/\/fr.365yawm.ma\/\"},{\"@type\":\"ListItem\",\"position\":2,\"name\":\"PLAGE MALABATA : UN JEUNE BAIGNEUR ENGLOUTI PAR LES VAGUES\"}]},{\"@type\":\"WebSite\",\"@id\":\"https:\/\/fr.365yawm.ma\/#website\",\"url\":\"https:\/\/fr.365yawm.ma\/\",\"name\":\"365YAWM fran\u00e7ais\",\"description\":\"\",\"publisher\":{\"@id\":\"https:\/\/fr.365yawm.ma\/#organization\"},\"potentialAction\":[{\"@type\":\"SearchAction\",\"target\":{\"@type\":\"EntryPoint\",\"urlTemplate\":\"https:\/\/fr.365yawm.ma\/?s={search_term_string}\"},\"query-input\":{\"@type\":\"PropertyValueSpecification\",\"valueRequired\":true,\"valueName\":\"search_term_string\"}}],\"inLanguage\":\"fr-FR\"},{\"@type\":\"Organization\",\"@id\":\"https:\/\/fr.365yawm.ma\/#organization\",\"name\":\"365 yawm\",\"url\":\"https:\/\/fr.365yawm.ma\/\",\"logo\":{\"@type\":\"ImageObject\",\"inLanguage\":\"fr-FR\",\"@id\":\"https:\/\/fr.365yawm.ma\/#\/schema\/logo\/image\/\",\"url\":\"https:\/\/fr.365yawm.ma\/wp-content\/uploads\/2020\/04\/icon.png\",\"contentUrl\":\"https:\/\/fr.365yawm.ma\/wp-content\/uploads\/2020\/04\/icon.png\",\"width\":512,\"height\":512,\"caption\":\"365 yawm\"},\"image\":{\"@id\":\"https:\/\/fr.365yawm.ma\/#\/schema\/logo\/image\/\"}},{\"@type\":\"Person\",\"@id\":\"https:\/\/fr.365yawm.ma\/#\/schema\/person\/3ae7f285880cb2045c5b6a6925408e72\",\"name\":\"fra365yawm\",\"image\":{\"@type\":\"ImageObject\",\"inLanguage\":\"fr-FR\",\"@id\":\"https:\/\/fr.365yawm.ma\/#\/schema\/person\/image\/\",\"url\":\"https:\/\/secure.gravatar.com\/avatar\/825cebdd359775298a5648431701cf17d00fd4fbec76f488ebc15fbeb220aa3a?s=96&d=mm&r=g\",\"contentUrl\":\"https:\/\/secure.gravatar.com\/avatar\/825cebdd359775298a5648431701cf17d00fd4fbec76f488ebc15fbeb220aa3a?s=96&d=mm&r=g\",\"caption\":\"fra365yawm\"},\"sameAs\":[\"https:\/\/fr.365yawm.ma\"]}]}<\/script>\n<!-- \/ Yoast SEO plugin. -->","yoast_head_json":{"title":"PLAGE MALABATA : UN JEUNE BAIGNEUR ENGLOUTI PAR LES VAGUES - 365YAWM fran\u00e7ais","robots":{"index":"index","follow":"follow","max-snippet":"max-snippet:-1","max-image-preview":"max-image-preview:large","max-video-preview":"max-video-preview:-1"},"canonical":"https:\/\/fr.365yawm.ma\/index.php\/2025\/04\/26\/plage-malabata-un-jeune-baigneur-englouti-par-les-vagues\/","og_locale":"fr_FR","og_type":"article","og_title":"PLAGE MALABATA : UN JEUNE BAIGNEUR ENGLOUTI PAR LES VAGUES - 365YAWM fran\u00e7ais","og_description":"Un apr\u00e8s-midi de d\u00e9tente qui vire au drame. Ce samedi 26 avril, sur la c\u00e9l\u00e8bre plage de Malabata,\u00a0 un jeune homme d\u2019\u00e0 peine 20 ans a \u00e9t\u00e9 emport\u00e9 par la mer sous les yeux impuissants des rares t\u00e9moins pr\u00e9sents. Selon les premi\u00e8res informations, la victime, venue profiter du beau temps, se baignait tranquillement lorsqu\u2019une vague [&hellip;]","og_url":"https:\/\/fr.365yawm.ma\/index.php\/2025\/04\/26\/plage-malabata-un-jeune-baigneur-englouti-par-les-vagues\/","og_site_name":"365YAWM fran\u00e7ais","article_published_time":"2025-04-26T18:16:16+00:00","og_image":[{"width":1920,"height":1079,"url":"https:\/\/fr.365yawm.ma\/wp-content\/uploads\/2025\/04\/InShot_20250426_191539770.jpg","type":"image\/jpeg"}],"author":"fra365yawm","twitter_card":"summary_large_image","twitter_misc":{"\u00c9crit par":"fra365yawm","Dur\u00e9e de lecture estim\u00e9e":"1 minute"},"schema":{"@context":"https:\/\/schema.org","@graph":[{"@type":"Article","@id":"https:\/\/fr.365yawm.ma\/index.php\/2025\/04\/26\/plage-malabata-un-jeune-baigneur-englouti-par-les-vagues\/#article","isPartOf":{"@id":"https:\/\/fr.365yawm.ma\/index.php\/2025\/04\/26\/plage-malabata-un-jeune-baigneur-englouti-par-les-vagues\/"},"author":{"name":"fra365yawm","@id":"https:\/\/fr.365yawm.ma\/#\/schema\/person\/3ae7f285880cb2045c5b6a6925408e72"},"headline":"PLAGE MALABATA : UN JEUNE BAIGNEUR ENGLOUTI PAR LES VAGUES","datePublished":"2025-04-26T18:16:16+00:00","mainEntityOfPage":{"@id":"https:\/\/fr.365yawm.ma\/index.php\/2025\/04\/26\/plage-malabata-un-jeune-baigneur-englouti-par-les-vagues\/"},"wordCount":173,"commentCount":0,"publisher":{"@id":"https:\/\/fr.365yawm.ma\/#organization"},"image":{"@id":"https:\/\/fr.365yawm.ma\/index.php\/2025\/04\/26\/plage-malabata-un-jeune-baigneur-englouti-par-les-vagues\/#primaryimage"},"thumbnailUrl":"https:\/\/fr.365yawm.ma\/wp-content\/uploads\/2025\/04\/InShot_20250426_191539770.jpg","articleSection":["Faits divers"],"inLanguage":"fr-FR","potentialAction":[{"@type":"CommentAction","name":"Comment","target":["https:\/\/fr.365yawm.ma\/index.php\/2025\/04\/26\/plage-malabata-un-jeune-baigneur-englouti-par-les-vagues\/#respond"]}]},{"@type":"WebPage","@id":"https:\/\/fr.365yawm.ma\/index.php\/2025\/04\/26\/plage-malabata-un-jeune-baigneur-englouti-par-les-vagues\/","url":"https:\/\/fr.365yawm.ma\/index.php\/2025\/04\/26\/plage-malabata-un-jeune-baigneur-englouti-par-les-vagues\/","name":"PLAGE MALABATA : UN JEUNE BAIGNEUR ENGLOUTI PAR LES VAGUES - 365YAWM fran\u00e7ais","isPartOf":{"@id":"https:\/\/fr.365yawm.ma\/#website"},"primaryImageOfPage":{"@id":"https:\/\/fr.365yawm.ma\/index.php\/2025\/04\/26\/plage-malabata-un-jeune-baigneur-englouti-par-les-vagues\/#primaryimage"},"image":{"@id":"https:\/\/fr.365yawm.ma\/index.php\/2025\/04\/26\/plage-malabata-un-jeune-baigneur-englouti-par-les-vagues\/#primaryimage"},"thumbnailUrl":"https:\/\/fr.365yawm.ma\/wp-content\/uploads\/2025\/04\/InShot_20250426_191539770.jpg","datePublished":"2025-04-26T18:16:16+00:00","breadcrumb":{"@id":"https:\/\/fr.365yawm.ma\/index.php\/2025\/04\/26\/plage-malabata-un-jeune-baigneur-englouti-par-les-vagues\/#breadcrumb"},"inLanguage":"fr-FR","potentialAction":[{"@type":"ReadAction","target":["https:\/\/fr.365yawm.ma\/index.php\/2025\/04\/26\/plage-malabata-un-jeune-baigneur-englouti-par-les-vagues\/"]}]},{"@type":"ImageObject","inLanguage":"fr-FR","@id":"https:\/\/fr.365yawm.ma\/index.php\/2025\/04\/26\/plage-malabata-un-jeune-baigneur-englouti-par-les-vagues\/#primaryimage","url":"https:\/\/fr.365yawm.ma\/wp-content\/uploads\/2025\/04\/InShot_20250426_191539770.jpg","contentUrl":"https:\/\/fr.365yawm.ma\/wp-content\/uploads\/2025\/04\/InShot_20250426_191539770.jpg","width":1920,"height":1079},{"@type":"BreadcrumbList","@id":"https:\/\/fr.365yawm.ma\/index.php\/2025\/04\/26\/plage-malabata-un-jeune-baigneur-englouti-par-les-vagues\/#breadcrumb","itemListElement":[{"@type":"ListItem","position":1,"name":"Accueil","item":"https:\/\/fr.365yawm.ma\/"},{"@type":"ListItem","position":2,"name":"PLAGE MALABATA : UN JEUNE BAIGNEUR ENGLOUTI PAR LES VAGUES"}]},{"@type":"WebSite","@id":"https:\/\/fr.365yawm.ma\/#website","url":"https:\/\/fr.365yawm.ma\/","name":"365YAWM fran\u00e7ais","description":"","publisher":{"@id":"https:\/\/fr.365yawm.ma\/#organization"},"potentialAction":[{"@type":"SearchAction","target":{"@type":"EntryPoint","urlTemplate":"https:\/\/fr.365yawm.ma\/?s={search_term_string}"},"query-input":{"@type":"PropertyValueSpecification","valueRequired":true,"valueName":"search_term_string"}}],"inLanguage":"fr-FR"},{"@type":"Organization","@id":"https:\/\/fr.365yawm.ma\/#organization","name":"365 yawm","url":"https:\/\/fr.365yawm.ma\/","logo":{"@type":"ImageObject","inLanguage":"fr-FR","@id":"https:\/\/fr.365yawm.ma\/#\/schema\/logo\/image\/","url":"https:\/\/fr.365yawm.ma\/wp-content\/uploads\/2020\/04\/icon.png","contentUrl":"https:\/\/fr.365yawm.ma\/wp-content\/uploads\/2020\/04\/icon.png","width":512,"height":512,"caption":"365 yawm"},"image":{"@id":"https:\/\/fr.365yawm.ma\/#\/schema\/logo\/image\/"}},{"@type":"Person","@id":"https:\/\/fr.365yawm.ma\/#\/schema\/person\/3ae7f285880cb2045c5b6a6925408e72","name":"fra365yawm","image":{"@type":"ImageObject","inLanguage":"fr-FR","@id":"https:\/\/fr.365yawm.ma\/#\/schema\/person\/image\/","url":"https:\/\/secure.gravatar.com\/avatar\/825cebdd359775298a5648431701cf17d00fd4fbec76f488ebc15fbeb220aa3a?s=96&d=mm&r=g","contentUrl":"https:\/\/secure.gravatar.com\/avatar\/825cebdd359775298a5648431701cf17d00fd4fbec76f488ebc15fbeb220aa3a?s=96&d=mm&r=g","caption":"fra365yawm"},"sameAs":["https:\/\/fr.365yawm.ma"]}]}},"jetpack_featured_media_url":"https:\/\/fr.365yawm.ma\/wp-content\/uploads\/2025\/04\/InShot_20250426_191539770.jpg","jetpack_sharing_enabled":true,"_links":{"self":[{"href":"https:\/\/fr.365yawm.ma\/index.php\/wp-json\/wp\/v2\/posts\/5244","targetHints":{"allow":["GET"]}}],"collection":[{"href":"https:\/\/fr.365yawm.ma\/index.php\/wp-json\/wp\/v2\/posts"}],"about":[{"href":"https:\/\/fr.365yawm.ma\/index.php\/wp-json\/wp\/v2\/types\/post"}],"author":[{"embeddable":true,"href":"https:\/\/fr.365yawm.ma\/index.php\/wp-json\/wp\/v2\/users\/1"}],"replies":[{"embeddable":true,"href":"https:\/\/fr.365yawm.ma\/index.php\/wp-json\/wp\/v2\/comments?post=5244"}],"version-history":[{"count":1,"href":"https:\/\/fr.365yawm.ma\/index.php\/wp-json\/wp\/v2\/posts\/5244\/revisions"}],"predecessor-version":[{"id":5247,"href":"https:\/\/fr.365yawm.ma\/index.php\/wp-json\/wp\/v2\/posts\/5244\/revisions\/5247"}],"wp:featuredmedia":[{"embeddable":true,"href":"https:\/\/fr.365yawm.ma\/index.php\/wp-json\/wp\/v2\/media\/5246"}],"wp:attachment":[{"href":"https:\/\/fr.365yawm.ma\/index.php\/wp-json\/wp\/v2\/media?parent=5244"}],"wp:term":[{"taxonomy":"category","embeddable":true,"href":"https:\/\/fr.365yawm.ma\/index.php\/wp-json\/wp\/v2\/categories?post=5244"},{"taxonomy":"post_tag","embeddable":true,"href":"https:\/\/fr.365yawm.ma\/index.php\/wp-json\/wp\/v2\/tags?post=5244"}],"curies":[{"name":"wp","href":"https:\/\/api.w.org\/{rel}","templated":true}]}}