{"id":5068,"date":"2025-03-21T22:44:24","date_gmt":"2025-03-21T21:44:24","guid":{"rendered":"https:\/\/fr.365yawm.ma\/?p=5068"},"modified":"2025-03-21T22:44:24","modified_gmt":"2025-03-21T21:44:24","slug":"tragique-accident-sur-le-tremie-de-la-centrale-laitiere-un-mort-et-un-blesse-grave","status":"publish","type":"post","link":"https:\/\/fr.365yawm.ma\/index.php\/2025\/03\/21\/tragique-accident-sur-le-tremie-de-la-centrale-laitiere-un-mort-et-un-blesse-grave\/","title":{"rendered":"TRAGIQUE ACCIDENT SUR LE TREMIE DE LA CENTRALE LAITI\u00c8RE : UN MORT ET UN BLESS\u00c9 GRAVE"},"content":{"rendered":"<p><strong>Un tragique accident a eu lieu ce vendredi apr\u00e8s-midi au niveau de la tr\u00e9mie Centrale Laiti\u00e8re sur la route de Rabat, plongeant une famille dans le deuil. <\/strong><\/p>\n<p>Un motocycliste a perdu le contr\u00f4le de son engin avant de percuter violemment un poteau. Sa s\u0153ur, qui l\u2019accompagnait, est d\u00e9c\u00e9d\u00e9e sur le coup, tandis que le conducteur a \u00e9t\u00e9 gri\u00e8vement bless\u00e9.<\/p>\n<p>Rapidement transf\u00e9r\u00e9 \u00e0 l\u2019h\u00f4pital Med V, son \u00e9tat de sant\u00e9 demeure pr\u00e9occupant. Cet accident met en lumi\u00e8re une inqui\u00e9tante recrudescence des incidents mortels sur les routes de Tanger, o\u00f9 de nombreux motocyclistes circulent sans casque et semblent ne pas respecter les r\u00e8gles fondamentales du code de la route.<\/p>\n<p>Les autorit\u00e9s locales se trouvent d\u00e9sormais confront\u00e9es \u00e0 une urgence croissante, alors que les accidents se multiplient et que les comportements \u00e0 risque persistent.<\/p>\n<p>Ce drame rappelle la n\u00e9cessit\u00e9 d\u2019une sensibilisation accrue sur la s\u00e9curit\u00e9 routi\u00e8re et d\u2019un renforcement des mesures de contr\u00f4le pour garantir la s\u00e9curit\u00e9 de tous les usagers de la route.<\/p>\n<p>Le toll\u00e9 suscit\u00e9 par cet accident pourrait bien devenir le catalyseur d\u2019une action d\u00e9terminante pour curer les maux d&rsquo;une circulation de plus en plus dangereuse \u00e0 Tanger.<\/p>\n","protected":false},"excerpt":{"rendered":"<p>Un tragique accident a eu lieu ce vendredi apr\u00e8s-midi au niveau de la tr\u00e9mie Centrale Laiti\u00e8re sur la route de Rabat, plongeant une famille dans le deuil. Un motocycliste a perdu le contr\u00f4le de son engin avant de percuter violemment un poteau. Sa s\u0153ur, qui l\u2019accompagnait, est d\u00e9c\u00e9d\u00e9e sur le coup, tandis que le conducteur [&hellip;]<\/p>\n","protected":false},"author":1,"featured_media":5069,"comment_status":"open","ping_status":"open","sticky":false,"template":"","format":"standard","meta":{"_bbp_topic_count":0,"_bbp_reply_count":0,"_bbp_total_topic_count":0,"_bbp_total_reply_count":0,"_bbp_voice_count":0,"_bbp_anonymous_reply_count":0,"_bbp_topic_count_hidden":0,"_bbp_reply_count_hidden":0,"_bbp_forum_subforum_count":0,"_jetpack_memberships_contains_paid_content":false,"footnotes":""},"categories":[69],"tags":[],"class_list":["post-5068","post","type-post","status-publish","format-standard","has-post-thumbnail","hentry","category-faits-divers"],"yoast_head":"<!-- This site is optimized with the Yoast SEO plugin v24.9 - https:\/\/yoast.com\/wordpress\/plugins\/seo\/ -->\n<title>TRAGIQUE ACCIDENT SUR LE TREMIE DE LA CENTRALE LAITI\u00c8RE : UN MORT ET UN BLESS\u00c9 GRAVE - 365YAWM fran\u00e7ais<\/title>\n<meta name=\"robots\" content=\"index, follow, max-snippet:-1, max-image-preview:large, max-video-preview:-1\" \/>\n<link rel=\"canonical\" href=\"https:\/\/fr.365yawm.ma\/index.php\/2025\/03\/21\/tragique-accident-sur-le-tremie-de-la-centrale-laitiere-un-mort-et-un-blesse-grave\/\" \/>\n<meta property=\"og:locale\" content=\"fr_FR\" \/>\n<meta property=\"og:type\" content=\"article\" \/>\n<meta property=\"og:title\" content=\"TRAGIQUE ACCIDENT SUR LE TREMIE DE LA CENTRALE LAITI\u00c8RE : UN MORT ET UN BLESS\u00c9 GRAVE - 365YAWM fran\u00e7ais\" \/>\n<meta property=\"og:description\" content=\"Un tragique accident a eu lieu ce vendredi apr\u00e8s-midi au niveau de la tr\u00e9mie Centrale Laiti\u00e8re sur la route de Rabat, plongeant une famille dans le deuil. Un motocycliste a perdu le contr\u00f4le de son engin avant de percuter violemment un poteau. Sa s\u0153ur, qui l\u2019accompagnait, est d\u00e9c\u00e9d\u00e9e sur le coup, tandis que le conducteur [&hellip;]\" \/>\n<meta property=\"og:url\" content=\"https:\/\/fr.365yawm.ma\/index.php\/2025\/03\/21\/tragique-accident-sur-le-tremie-de-la-centrale-laitiere-un-mort-et-un-blesse-grave\/\" \/>\n<meta property=\"og:site_name\" content=\"365YAWM fran\u00e7ais\" \/>\n<meta property=\"article:published_time\" content=\"2025-03-21T21:44:24+00:00\" \/>\n<meta property=\"og:image\" content=\"https:\/\/fr.365yawm.ma\/wp-content\/uploads\/2025\/03\/1742590958989.jpg\" \/>\n\t<meta property=\"og:image:width\" content=\"970\" \/>\n\t<meta property=\"og:image:height\" content=\"524\" \/>\n\t<meta property=\"og:image:type\" content=\"image\/jpeg\" \/>\n<meta name=\"author\" content=\"fra365yawm\" \/>\n<meta name=\"twitter:card\" content=\"summary_large_image\" \/>\n<meta name=\"twitter:label1\" content=\"\u00c9crit par\" \/>\n\t<meta name=\"twitter:data1\" content=\"fra365yawm\" \/>\n\t<meta name=\"twitter:label2\" content=\"Dur\u00e9e de lecture estim\u00e9e\" \/>\n\t<meta name=\"twitter:data2\" content=\"2 minutes\" \/>\n<script type=\"application\/ld+json\" class=\"yoast-schema-graph\">{\"@context\":\"https:\/\/schema.org\",\"@graph\":[{\"@type\":\"Article\",\"@id\":\"https:\/\/fr.365yawm.ma\/index.php\/2025\/03\/21\/tragique-accident-sur-le-tremie-de-la-centrale-laitiere-un-mort-et-un-blesse-grave\/#article\",\"isPartOf\":{\"@id\":\"https:\/\/fr.365yawm.ma\/index.php\/2025\/03\/21\/tragique-accident-sur-le-tremie-de-la-centrale-laitiere-un-mort-et-un-blesse-grave\/\"},\"author\":{\"name\":\"fra365yawm\",\"@id\":\"https:\/\/fr.365yawm.ma\/#\/schema\/person\/3ae7f285880cb2045c5b6a6925408e72\"},\"headline\":\"TRAGIQUE ACCIDENT SUR LE TREMIE DE LA CENTRALE LAITI\u00c8RE : UN MORT ET UN BLESS\u00c9 GRAVE\",\"datePublished\":\"2025-03-21T21:44:24+00:00\",\"mainEntityOfPage\":{\"@id\":\"https:\/\/fr.365yawm.ma\/index.php\/2025\/03\/21\/tragique-accident-sur-le-tremie-de-la-centrale-laitiere-un-mort-et-un-blesse-grave\/\"},\"wordCount\":229,\"commentCount\":0,\"publisher\":{\"@id\":\"https:\/\/fr.365yawm.ma\/#organization\"},\"image\":{\"@id\":\"https:\/\/fr.365yawm.ma\/index.php\/2025\/03\/21\/tragique-accident-sur-le-tremie-de-la-centrale-laitiere-un-mort-et-un-blesse-grave\/#primaryimage\"},\"thumbnailUrl\":\"https:\/\/fr.365yawm.ma\/wp-content\/uploads\/2025\/03\/1742590958989.jpg\",\"articleSection\":[\"Faits divers\"],\"inLanguage\":\"fr-FR\",\"potentialAction\":[{\"@type\":\"CommentAction\",\"name\":\"Comment\",\"target\":[\"https:\/\/fr.365yawm.ma\/index.php\/2025\/03\/21\/tragique-accident-sur-le-tremie-de-la-centrale-laitiere-un-mort-et-un-blesse-grave\/#respond\"]}]},{\"@type\":\"WebPage\",\"@id\":\"https:\/\/fr.365yawm.ma\/index.php\/2025\/03\/21\/tragique-accident-sur-le-tremie-de-la-centrale-laitiere-un-mort-et-un-blesse-grave\/\",\"url\":\"https:\/\/fr.365yawm.ma\/index.php\/2025\/03\/21\/tragique-accident-sur-le-tremie-de-la-centrale-laitiere-un-mort-et-un-blesse-grave\/\",\"name\":\"TRAGIQUE ACCIDENT SUR LE TREMIE DE LA CENTRALE LAITI\u00c8RE : UN MORT ET UN BLESS\u00c9 GRAVE - 365YAWM fran\u00e7ais\",\"isPartOf\":{\"@id\":\"https:\/\/fr.365yawm.ma\/#website\"},\"primaryImageOfPage\":{\"@id\":\"https:\/\/fr.365yawm.ma\/index.php\/2025\/03\/21\/tragique-accident-sur-le-tremie-de-la-centrale-laitiere-un-mort-et-un-blesse-grave\/#primaryimage\"},\"image\":{\"@id\":\"https:\/\/fr.365yawm.ma\/index.php\/2025\/03\/21\/tragique-accident-sur-le-tremie-de-la-centrale-laitiere-un-mort-et-un-blesse-grave\/#primaryimage\"},\"thumbnailUrl\":\"https:\/\/fr.365yawm.ma\/wp-content\/uploads\/2025\/03\/1742590958989.jpg\",\"datePublished\":\"2025-03-21T21:44:24+00:00\",\"breadcrumb\":{\"@id\":\"https:\/\/fr.365yawm.ma\/index.php\/2025\/03\/21\/tragique-accident-sur-le-tremie-de-la-centrale-laitiere-un-mort-et-un-blesse-grave\/#breadcrumb\"},\"inLanguage\":\"fr-FR\",\"potentialAction\":[{\"@type\":\"ReadAction\",\"target\":[\"https:\/\/fr.365yawm.ma\/index.php\/2025\/03\/21\/tragique-accident-sur-le-tremie-de-la-centrale-laitiere-un-mort-et-un-blesse-grave\/\"]}]},{\"@type\":\"ImageObject\",\"inLanguage\":\"fr-FR\",\"@id\":\"https:\/\/fr.365yawm.ma\/index.php\/2025\/03\/21\/tragique-accident-sur-le-tremie-de-la-centrale-laitiere-un-mort-et-un-blesse-grave\/#primaryimage\",\"url\":\"https:\/\/fr.365yawm.ma\/wp-content\/uploads\/2025\/03\/1742590958989.jpg\",\"contentUrl\":\"https:\/\/fr.365yawm.ma\/wp-content\/uploads\/2025\/03\/1742590958989.jpg\",\"width\":970,\"height\":524},{\"@type\":\"BreadcrumbList\",\"@id\":\"https:\/\/fr.365yawm.ma\/index.php\/2025\/03\/21\/tragique-accident-sur-le-tremie-de-la-centrale-laitiere-un-mort-et-un-blesse-grave\/#breadcrumb\",\"itemListElement\":[{\"@type\":\"ListItem\",\"position\":1,\"name\":\"Accueil\",\"item\":\"https:\/\/fr.365yawm.ma\/\"},{\"@type\":\"ListItem\",\"position\":2,\"name\":\"TRAGIQUE ACCIDENT SUR LE TREMIE DE LA CENTRALE LAITI\u00c8RE : UN MORT ET UN BLESS\u00c9 GRAVE\"}]},{\"@type\":\"WebSite\",\"@id\":\"https:\/\/fr.365yawm.ma\/#website\",\"url\":\"https:\/\/fr.365yawm.ma\/\",\"name\":\"365YAWM fran\u00e7ais\",\"description\":\"\",\"publisher\":{\"@id\":\"https:\/\/fr.365yawm.ma\/#organization\"},\"potentialAction\":[{\"@type\":\"SearchAction\",\"target\":{\"@type\":\"EntryPoint\",\"urlTemplate\":\"https:\/\/fr.365yawm.ma\/?s={search_term_string}\"},\"query-input\":{\"@type\":\"PropertyValueSpecification\",\"valueRequired\":true,\"valueName\":\"search_term_string\"}}],\"inLanguage\":\"fr-FR\"},{\"@type\":\"Organization\",\"@id\":\"https:\/\/fr.365yawm.ma\/#organization\",\"name\":\"365 yawm\",\"url\":\"https:\/\/fr.365yawm.ma\/\",\"logo\":{\"@type\":\"ImageObject\",\"inLanguage\":\"fr-FR\",\"@id\":\"https:\/\/fr.365yawm.ma\/#\/schema\/logo\/image\/\",\"url\":\"https:\/\/fr.365yawm.ma\/wp-content\/uploads\/2020\/04\/icon.png\",\"contentUrl\":\"https:\/\/fr.365yawm.ma\/wp-content\/uploads\/2020\/04\/icon.png\",\"width\":512,\"height\":512,\"caption\":\"365 yawm\"},\"image\":{\"@id\":\"https:\/\/fr.365yawm.ma\/#\/schema\/logo\/image\/\"}},{\"@type\":\"Person\",\"@id\":\"https:\/\/fr.365yawm.ma\/#\/schema\/person\/3ae7f285880cb2045c5b6a6925408e72\",\"name\":\"fra365yawm\",\"image\":{\"@type\":\"ImageObject\",\"inLanguage\":\"fr-FR\",\"@id\":\"https:\/\/fr.365yawm.ma\/#\/schema\/person\/image\/\",\"url\":\"https:\/\/secure.gravatar.com\/avatar\/825cebdd359775298a5648431701cf17d00fd4fbec76f488ebc15fbeb220aa3a?s=96&d=mm&r=g\",\"contentUrl\":\"https:\/\/secure.gravatar.com\/avatar\/825cebdd359775298a5648431701cf17d00fd4fbec76f488ebc15fbeb220aa3a?s=96&d=mm&r=g\",\"caption\":\"fra365yawm\"},\"sameAs\":[\"https:\/\/fr.365yawm.ma\"]}]}<\/script>\n<!-- \/ Yoast SEO plugin. -->","yoast_head_json":{"title":"TRAGIQUE ACCIDENT SUR LE TREMIE DE LA CENTRALE LAITI\u00c8RE : UN MORT ET UN BLESS\u00c9 GRAVE - 365YAWM fran\u00e7ais","robots":{"index":"index","follow":"follow","max-snippet":"max-snippet:-1","max-image-preview":"max-image-preview:large","max-video-preview":"max-video-preview:-1"},"canonical":"https:\/\/fr.365yawm.ma\/index.php\/2025\/03\/21\/tragique-accident-sur-le-tremie-de-la-centrale-laitiere-un-mort-et-un-blesse-grave\/","og_locale":"fr_FR","og_type":"article","og_title":"TRAGIQUE ACCIDENT SUR LE TREMIE DE LA CENTRALE LAITI\u00c8RE : UN MORT ET UN BLESS\u00c9 GRAVE - 365YAWM fran\u00e7ais","og_description":"Un tragique accident a eu lieu ce vendredi apr\u00e8s-midi au niveau de la tr\u00e9mie Centrale Laiti\u00e8re sur la route de Rabat, plongeant une famille dans le deuil. Un motocycliste a perdu le contr\u00f4le de son engin avant de percuter violemment un poteau. Sa s\u0153ur, qui l\u2019accompagnait, est d\u00e9c\u00e9d\u00e9e sur le coup, tandis que le conducteur [&hellip;]","og_url":"https:\/\/fr.365yawm.ma\/index.php\/2025\/03\/21\/tragique-accident-sur-le-tremie-de-la-centrale-laitiere-un-mort-et-un-blesse-grave\/","og_site_name":"365YAWM fran\u00e7ais","article_published_time":"2025-03-21T21:44:24+00:00","og_image":[{"width":970,"height":524,"url":"https:\/\/fr.365yawm.ma\/wp-content\/uploads\/2025\/03\/1742590958989.jpg","type":"image\/jpeg"}],"author":"fra365yawm","twitter_card":"summary_large_image","twitter_misc":{"\u00c9crit par":"fra365yawm","Dur\u00e9e de lecture estim\u00e9e":"2 minutes"},"schema":{"@context":"https:\/\/schema.org","@graph":[{"@type":"Article","@id":"https:\/\/fr.365yawm.ma\/index.php\/2025\/03\/21\/tragique-accident-sur-le-tremie-de-la-centrale-laitiere-un-mort-et-un-blesse-grave\/#article","isPartOf":{"@id":"https:\/\/fr.365yawm.ma\/index.php\/2025\/03\/21\/tragique-accident-sur-le-tremie-de-la-centrale-laitiere-un-mort-et-un-blesse-grave\/"},"author":{"name":"fra365yawm","@id":"https:\/\/fr.365yawm.ma\/#\/schema\/person\/3ae7f285880cb2045c5b6a6925408e72"},"headline":"TRAGIQUE ACCIDENT SUR LE TREMIE DE LA CENTRALE LAITI\u00c8RE : UN MORT ET UN BLESS\u00c9 GRAVE","datePublished":"2025-03-21T21:44:24+00:00","mainEntityOfPage":{"@id":"https:\/\/fr.365yawm.ma\/index.php\/2025\/03\/21\/tragique-accident-sur-le-tremie-de-la-centrale-laitiere-un-mort-et-un-blesse-grave\/"},"wordCount":229,"commentCount":0,"publisher":{"@id":"https:\/\/fr.365yawm.ma\/#organization"},"image":{"@id":"https:\/\/fr.365yawm.ma\/index.php\/2025\/03\/21\/tragique-accident-sur-le-tremie-de-la-centrale-laitiere-un-mort-et-un-blesse-grave\/#primaryimage"},"thumbnailUrl":"https:\/\/fr.365yawm.ma\/wp-content\/uploads\/2025\/03\/1742590958989.jpg","articleSection":["Faits divers"],"inLanguage":"fr-FR","potentialAction":[{"@type":"CommentAction","name":"Comment","target":["https:\/\/fr.365yawm.ma\/index.php\/2025\/03\/21\/tragique-accident-sur-le-tremie-de-la-centrale-laitiere-un-mort-et-un-blesse-grave\/#respond"]}]},{"@type":"WebPage","@id":"https:\/\/fr.365yawm.ma\/index.php\/2025\/03\/21\/tragique-accident-sur-le-tremie-de-la-centrale-laitiere-un-mort-et-un-blesse-grave\/","url":"https:\/\/fr.365yawm.ma\/index.php\/2025\/03\/21\/tragique-accident-sur-le-tremie-de-la-centrale-laitiere-un-mort-et-un-blesse-grave\/","name":"TRAGIQUE ACCIDENT SUR LE TREMIE DE LA CENTRALE LAITI\u00c8RE : UN MORT ET UN BLESS\u00c9 GRAVE - 365YAWM fran\u00e7ais","isPartOf":{"@id":"https:\/\/fr.365yawm.ma\/#website"},"primaryImageOfPage":{"@id":"https:\/\/fr.365yawm.ma\/index.php\/2025\/03\/21\/tragique-accident-sur-le-tremie-de-la-centrale-laitiere-un-mort-et-un-blesse-grave\/#primaryimage"},"image":{"@id":"https:\/\/fr.365yawm.ma\/index.php\/2025\/03\/21\/tragique-accident-sur-le-tremie-de-la-centrale-laitiere-un-mort-et-un-blesse-grave\/#primaryimage"},"thumbnailUrl":"https:\/\/fr.365yawm.ma\/wp-content\/uploads\/2025\/03\/1742590958989.jpg","datePublished":"2025-03-21T21:44:24+00:00","breadcrumb":{"@id":"https:\/\/fr.365yawm.ma\/index.php\/2025\/03\/21\/tragique-accident-sur-le-tremie-de-la-centrale-laitiere-un-mort-et-un-blesse-grave\/#breadcrumb"},"inLanguage":"fr-FR","potentialAction":[{"@type":"ReadAction","target":["https:\/\/fr.365yawm.ma\/index.php\/2025\/03\/21\/tragique-accident-sur-le-tremie-de-la-centrale-laitiere-un-mort-et-un-blesse-grave\/"]}]},{"@type":"ImageObject","inLanguage":"fr-FR","@id":"https:\/\/fr.365yawm.ma\/index.php\/2025\/03\/21\/tragique-accident-sur-le-tremie-de-la-centrale-laitiere-un-mort-et-un-blesse-grave\/#primaryimage","url":"https:\/\/fr.365yawm.ma\/wp-content\/uploads\/2025\/03\/1742590958989.jpg","contentUrl":"https:\/\/fr.365yawm.ma\/wp-content\/uploads\/2025\/03\/1742590958989.jpg","width":970,"height":524},{"@type":"BreadcrumbList","@id":"https:\/\/fr.365yawm.ma\/index.php\/2025\/03\/21\/tragique-accident-sur-le-tremie-de-la-centrale-laitiere-un-mort-et-un-blesse-grave\/#breadcrumb","itemListElement":[{"@type":"ListItem","position":1,"name":"Accueil","item":"https:\/\/fr.365yawm.ma\/"},{"@type":"ListItem","position":2,"name":"TRAGIQUE ACCIDENT SUR LE TREMIE DE LA CENTRALE LAITI\u00c8RE : UN MORT ET UN BLESS\u00c9 GRAVE"}]},{"@type":"WebSite","@id":"https:\/\/fr.365yawm.ma\/#website","url":"https:\/\/fr.365yawm.ma\/","name":"365YAWM fran\u00e7ais","description":"","publisher":{"@id":"https:\/\/fr.365yawm.ma\/#organization"},"potentialAction":[{"@type":"SearchAction","target":{"@type":"EntryPoint","urlTemplate":"https:\/\/fr.365yawm.ma\/?s={search_term_string}"},"query-input":{"@type":"PropertyValueSpecification","valueRequired":true,"valueName":"search_term_string"}}],"inLanguage":"fr-FR"},{"@type":"Organization","@id":"https:\/\/fr.365yawm.ma\/#organization","name":"365 yawm","url":"https:\/\/fr.365yawm.ma\/","logo":{"@type":"ImageObject","inLanguage":"fr-FR","@id":"https:\/\/fr.365yawm.ma\/#\/schema\/logo\/image\/","url":"https:\/\/fr.365yawm.ma\/wp-content\/uploads\/2020\/04\/icon.png","contentUrl":"https:\/\/fr.365yawm.ma\/wp-content\/uploads\/2020\/04\/icon.png","width":512,"height":512,"caption":"365 yawm"},"image":{"@id":"https:\/\/fr.365yawm.ma\/#\/schema\/logo\/image\/"}},{"@type":"Person","@id":"https:\/\/fr.365yawm.ma\/#\/schema\/person\/3ae7f285880cb2045c5b6a6925408e72","name":"fra365yawm","image":{"@type":"ImageObject","inLanguage":"fr-FR","@id":"https:\/\/fr.365yawm.ma\/#\/schema\/person\/image\/","url":"https:\/\/secure.gravatar.com\/avatar\/825cebdd359775298a5648431701cf17d00fd4fbec76f488ebc15fbeb220aa3a?s=96&d=mm&r=g","contentUrl":"https:\/\/secure.gravatar.com\/avatar\/825cebdd359775298a5648431701cf17d00fd4fbec76f488ebc15fbeb220aa3a?s=96&d=mm&r=g","caption":"fra365yawm"},"sameAs":["https:\/\/fr.365yawm.ma"]}]}},"jetpack_featured_media_url":"https:\/\/fr.365yawm.ma\/wp-content\/uploads\/2025\/03\/1742590958989.jpg","jetpack_sharing_enabled":true,"_links":{"self":[{"href":"https:\/\/fr.365yawm.ma\/index.php\/wp-json\/wp\/v2\/posts\/5068","targetHints":{"allow":["GET"]}}],"collection":[{"href":"https:\/\/fr.365yawm.ma\/index.php\/wp-json\/wp\/v2\/posts"}],"about":[{"href":"https:\/\/fr.365yawm.ma\/index.php\/wp-json\/wp\/v2\/types\/post"}],"author":[{"embeddable":true,"href":"https:\/\/fr.365yawm.ma\/index.php\/wp-json\/wp\/v2\/users\/1"}],"replies":[{"embeddable":true,"href":"https:\/\/fr.365yawm.ma\/index.php\/wp-json\/wp\/v2\/comments?post=5068"}],"version-history":[{"count":1,"href":"https:\/\/fr.365yawm.ma\/index.php\/wp-json\/wp\/v2\/posts\/5068\/revisions"}],"predecessor-version":[{"id":5070,"href":"https:\/\/fr.365yawm.ma\/index.php\/wp-json\/wp\/v2\/posts\/5068\/revisions\/5070"}],"wp:featuredmedia":[{"embeddable":true,"href":"https:\/\/fr.365yawm.ma\/index.php\/wp-json\/wp\/v2\/media\/5069"}],"wp:attachment":[{"href":"https:\/\/fr.365yawm.ma\/index.php\/wp-json\/wp\/v2\/media?parent=5068"}],"wp:term":[{"taxonomy":"category","embeddable":true,"href":"https:\/\/fr.365yawm.ma\/index.php\/wp-json\/wp\/v2\/categories?post=5068"},{"taxonomy":"post_tag","embeddable":true,"href":"https:\/\/fr.365yawm.ma\/index.php\/wp-json\/wp\/v2\/tags?post=5068"}],"curies":[{"name":"wp","href":"https:\/\/api.w.org\/{rel}","templated":true}]}}