{"id":4888,"date":"2025-02-09T15:28:36","date_gmt":"2025-02-09T14:28:36","guid":{"rendered":"https:\/\/fr.365yawm.ma\/?p=4888"},"modified":"2025-02-09T15:30:16","modified_gmt":"2025-02-09T14:30:16","slug":"reflexion-sur-les-elections-au-maroc-un-appel-a-la-prise-de-conscience","status":"publish","type":"post","link":"https:\/\/fr.365yawm.ma\/index.php\/2025\/02\/09\/reflexion-sur-les-elections-au-maroc-un-appel-a-la-prise-de-conscience\/","title":{"rendered":"R\u00c9FLEXION SUR LES \u00c9LECTIONS AU MAROC : UN APPEL \u00c0 LA PRISE DE CONSCIENCE"},"content":{"rendered":"<p>&nbsp;<\/p>\n<p><strong>Aujourd&rsquo;hui, je ressens le besoin de partager une pens\u00e9e sur les derni\u00e8res \u00e9lections au Maroc. Il est pr\u00e9occupant de constater que des personnes non qualifi\u00e9es, et parfois malhonn\u00eates, ont \u00e9t\u00e9 autoris\u00e9es et aid\u00e9es \u00e0 acc\u00e9der \u00e0 des postes de pouvoir<\/strong>.<\/p>\n<p>Au niveau local, dans de nombreuses communes et r\u00e9gions, le discours dominant tourne autour de la corruption, des malversations et du profit personnel au d\u00e9triment de l\u2019int\u00e9r\u00eat g\u00e9n\u00e9ral. Malheureusement, certains \u00e9lus ont vite oubli\u00e9 que ceux \u00e0 qui ils demandent aujourd\u2019hui de l\u2019argent pour obtenir des autorisations de construction ou d\u2019ouvrir un commerce sont les m\u00eames qui ont vot\u00e9 pour eux afin qu\u2019ils occupent ces postes.<\/p>\n<p>\u00c0 l\u2019\u00e9chelle nationale, notamment lors des \u00e9lections l\u00e9gislatives, la situation est alarmante. Une part significative des \u00e9lus fait face \u00e0 des poursuites judiciaires pour des motifs graves, allant du trafic de drogue \u00e0 la corruption, sans oublier que certains n\u2019ont m\u00eame pas \u00e9t\u00e9 scolaris\u00e9s ou ont un tr\u00e8s faible niveau d\u2019\u00e9tudes. Cela soul\u00e8ve une question cruciale : comment ces individus, pour la plupart sans formation acad\u00e9mique ad\u00e9quate, pourront-ils r\u00e9ellement l\u00e9gif\u00e9rer et prendre des d\u00e9cisions \u00e9clair\u00e9es pour notre pays ?<\/p>\n<p>Au sein du gouvernement, les conflits d\u2019int\u00e9r\u00eat sont souvent \u00e9voqu\u00e9s, notamment en ce qui concerne le chef du gouvernement. Il est d\u00e9cevant de constater qu\u2019un grand nombre de ministres ne sont pas choisis sur des crit\u00e8res de comp\u00e9tence, mais plut\u00f4t en fonction de leurs relations personnelles. Cette approche nuit gravement \u00e0 notre processus d\u00e9cisionnel et \u00e0 la confiance des citoyens envers leurs dirigeants.<\/p>\n<p>Sur le plan social, il est essentiel de souligner que l&rsquo;\u00c9tat met en place des ressources sans vraiment assurer un suivi rigoureux ni punir ceux qui ne respectent pas les principes de bonne gouvernance. Les programmes et initiatives, bien que prometteurs, doivent \u00eatre accompagn\u00e9s de m\u00e9canismes de contr\u00f4le efficaces pour garantir leur succ\u00e8s. Il est imp\u00e9ratif que l&rsquo;\u00c9tat commence \u00e0 sanctionner tous ceux qui ne font pas preuve d&rsquo;honn\u00eatet\u00e9, quel que soit leur rang politique.<\/p>\n<p>De plus, en ce qui concerne les concours pour les grandes \u00e9coles ou la fonction publique, l&rsquo;int\u00e9grit\u00e9 et l&rsquo;\u00e9galit\u00e9 des chances doivent \u00eatre des valeurs fondamentales. Chaque citoyen, peu importe son origine ou ses relations, doit avoir un acc\u00e8s \u00e9quitable aux opportunit\u00e9s. Cela n\u00e9cessite une transparence totale dans les processus de s\u00e9lection et d&rsquo;\u00e9valuation.<\/p>\n<p>Pourtant, le Maroc poss\u00e8de un potentiel immense. Nous occupons une place strat\u00e9gique sur la sc\u00e8ne mondiale et avons les moyens de devenir une grande puissance \u00e9conomique. Il est vrai qu&rsquo;il reste beaucoup \u00e0 faire sur le plan social, mais avec une gouvernance transparente et responsable, nous pouvons aspirer \u00e0 rejoindre les pays d\u00e9velopp\u00e9s.<\/p>\n<p>Il est temps que nous, citoyens, prenions conscience de l\u2019importance de notre voix et de notre vote. Exigeons des repr\u00e9sentants comp\u00e9tents, int\u00e8gres et d\u00e9vou\u00e9s \u00e0 l\u2019int\u00e9r\u00eat g\u00e9n\u00e9ral. Ensemble, nous pouvons construire un avenir meilleur pour le Maroc, un avenir o\u00f9 la bonne gouvernance, l\u2019int\u00e9grit\u00e9 et l&rsquo;\u00e9galit\u00e9 des chances sont les piliers de notre soci\u00e9t\u00e9.<\/p>\n","protected":false},"excerpt":{"rendered":"<p>&nbsp; Aujourd&rsquo;hui, je ressens le besoin de partager une pens\u00e9e sur les derni\u00e8res \u00e9lections au Maroc. Il est pr\u00e9occupant de constater que des personnes non qualifi\u00e9es, et parfois malhonn\u00eates, ont \u00e9t\u00e9 autoris\u00e9es et aid\u00e9es \u00e0 acc\u00e9der \u00e0 des postes de pouvoir. Au niveau local, dans de nombreuses communes et r\u00e9gions, le discours dominant tourne autour [&hellip;]<\/p>\n","protected":false},"author":1,"featured_media":4889,"comment_status":"open","ping_status":"open","sticky":false,"template":"","format":"standard","meta":{"_bbp_topic_count":0,"_bbp_reply_count":0,"_bbp_total_topic_count":0,"_bbp_total_reply_count":0,"_bbp_voice_count":0,"_bbp_anonymous_reply_count":0,"_bbp_topic_count_hidden":0,"_bbp_reply_count_hidden":0,"_bbp_forum_subforum_count":0,"_jetpack_memberships_contains_paid_content":false,"footnotes":""},"categories":[19],"tags":[],"class_list":["post-4888","post","type-post","status-publish","format-standard","has-post-thumbnail","hentry","category-reflexion"],"yoast_head":"<!-- This site is optimized with the Yoast SEO plugin v24.9 - https:\/\/yoast.com\/wordpress\/plugins\/seo\/ -->\n<title>R\u00c9FLEXION SUR LES \u00c9LECTIONS AU MAROC : UN APPEL \u00c0 LA PRISE DE CONSCIENCE - 365YAWM fran\u00e7ais<\/title>\n<meta name=\"robots\" content=\"index, follow, max-snippet:-1, max-image-preview:large, max-video-preview:-1\" \/>\n<link rel=\"canonical\" href=\"https:\/\/fr.365yawm.ma\/index.php\/2025\/02\/09\/reflexion-sur-les-elections-au-maroc-un-appel-a-la-prise-de-conscience\/\" \/>\n<meta property=\"og:locale\" content=\"fr_FR\" \/>\n<meta property=\"og:type\" content=\"article\" \/>\n<meta property=\"og:title\" content=\"R\u00c9FLEXION SUR LES \u00c9LECTIONS AU MAROC : UN APPEL \u00c0 LA PRISE DE CONSCIENCE - 365YAWM fran\u00e7ais\" \/>\n<meta property=\"og:description\" content=\"&nbsp; Aujourd&rsquo;hui, je ressens le besoin de partager une pens\u00e9e sur les derni\u00e8res \u00e9lections au Maroc. Il est pr\u00e9occupant de constater que des personnes non qualifi\u00e9es, et parfois malhonn\u00eates, ont \u00e9t\u00e9 autoris\u00e9es et aid\u00e9es \u00e0 acc\u00e9der \u00e0 des postes de pouvoir. Au niveau local, dans de nombreuses communes et r\u00e9gions, le discours dominant tourne autour [&hellip;]\" \/>\n<meta property=\"og:url\" content=\"https:\/\/fr.365yawm.ma\/index.php\/2025\/02\/09\/reflexion-sur-les-elections-au-maroc-un-appel-a-la-prise-de-conscience\/\" \/>\n<meta property=\"og:site_name\" content=\"365YAWM fran\u00e7ais\" \/>\n<meta property=\"article:published_time\" content=\"2025-02-09T14:28:36+00:00\" \/>\n<meta property=\"article:modified_time\" content=\"2025-02-09T14:30:16+00:00\" \/>\n<meta property=\"og:image\" content=\"https:\/\/fr.365yawm.ma\/wp-content\/uploads\/2025\/02\/84d73d6908f6d9c26c0ca760ce05d445.jpg\" \/>\n\t<meta property=\"og:image:width\" content=\"720\" \/>\n\t<meta property=\"og:image:height\" content=\"720\" \/>\n\t<meta property=\"og:image:type\" content=\"image\/jpeg\" \/>\n<meta name=\"author\" content=\"fra365yawm\" \/>\n<meta name=\"twitter:card\" content=\"summary_large_image\" \/>\n<meta name=\"twitter:label1\" content=\"\u00c9crit par\" \/>\n\t<meta name=\"twitter:data1\" content=\"fra365yawm\" \/>\n\t<meta name=\"twitter:label2\" content=\"Dur\u00e9e de lecture estim\u00e9e\" \/>\n\t<meta name=\"twitter:data2\" content=\"3 minutes\" \/>\n<script type=\"application\/ld+json\" class=\"yoast-schema-graph\">{\"@context\":\"https:\/\/schema.org\",\"@graph\":[{\"@type\":\"Article\",\"@id\":\"https:\/\/fr.365yawm.ma\/index.php\/2025\/02\/09\/reflexion-sur-les-elections-au-maroc-un-appel-a-la-prise-de-conscience\/#article\",\"isPartOf\":{\"@id\":\"https:\/\/fr.365yawm.ma\/index.php\/2025\/02\/09\/reflexion-sur-les-elections-au-maroc-un-appel-a-la-prise-de-conscience\/\"},\"author\":{\"name\":\"fra365yawm\",\"@id\":\"https:\/\/fr.365yawm.ma\/#\/schema\/person\/3ae7f285880cb2045c5b6a6925408e72\"},\"headline\":\"R\u00c9FLEXION SUR LES \u00c9LECTIONS AU MAROC : UN APPEL \u00c0 LA PRISE DE CONSCIENCE\",\"datePublished\":\"2025-02-09T14:28:36+00:00\",\"dateModified\":\"2025-02-09T14:30:16+00:00\",\"mainEntityOfPage\":{\"@id\":\"https:\/\/fr.365yawm.ma\/index.php\/2025\/02\/09\/reflexion-sur-les-elections-au-maroc-un-appel-a-la-prise-de-conscience\/\"},\"wordCount\":564,\"commentCount\":0,\"publisher\":{\"@id\":\"https:\/\/fr.365yawm.ma\/#organization\"},\"image\":{\"@id\":\"https:\/\/fr.365yawm.ma\/index.php\/2025\/02\/09\/reflexion-sur-les-elections-au-maroc-un-appel-a-la-prise-de-conscience\/#primaryimage\"},\"thumbnailUrl\":\"https:\/\/fr.365yawm.ma\/wp-content\/uploads\/2025\/02\/84d73d6908f6d9c26c0ca760ce05d445.jpg\",\"articleSection\":[\"R\u00e9flexion\"],\"inLanguage\":\"fr-FR\",\"potentialAction\":[{\"@type\":\"CommentAction\",\"name\":\"Comment\",\"target\":[\"https:\/\/fr.365yawm.ma\/index.php\/2025\/02\/09\/reflexion-sur-les-elections-au-maroc-un-appel-a-la-prise-de-conscience\/#respond\"]}]},{\"@type\":\"WebPage\",\"@id\":\"https:\/\/fr.365yawm.ma\/index.php\/2025\/02\/09\/reflexion-sur-les-elections-au-maroc-un-appel-a-la-prise-de-conscience\/\",\"url\":\"https:\/\/fr.365yawm.ma\/index.php\/2025\/02\/09\/reflexion-sur-les-elections-au-maroc-un-appel-a-la-prise-de-conscience\/\",\"name\":\"R\u00c9FLEXION SUR LES \u00c9LECTIONS AU MAROC : UN APPEL \u00c0 LA PRISE DE CONSCIENCE - 365YAWM fran\u00e7ais\",\"isPartOf\":{\"@id\":\"https:\/\/fr.365yawm.ma\/#website\"},\"primaryImageOfPage\":{\"@id\":\"https:\/\/fr.365yawm.ma\/index.php\/2025\/02\/09\/reflexion-sur-les-elections-au-maroc-un-appel-a-la-prise-de-conscience\/#primaryimage\"},\"image\":{\"@id\":\"https:\/\/fr.365yawm.ma\/index.php\/2025\/02\/09\/reflexion-sur-les-elections-au-maroc-un-appel-a-la-prise-de-conscience\/#primaryimage\"},\"thumbnailUrl\":\"https:\/\/fr.365yawm.ma\/wp-content\/uploads\/2025\/02\/84d73d6908f6d9c26c0ca760ce05d445.jpg\",\"datePublished\":\"2025-02-09T14:28:36+00:00\",\"dateModified\":\"2025-02-09T14:30:16+00:00\",\"breadcrumb\":{\"@id\":\"https:\/\/fr.365yawm.ma\/index.php\/2025\/02\/09\/reflexion-sur-les-elections-au-maroc-un-appel-a-la-prise-de-conscience\/#breadcrumb\"},\"inLanguage\":\"fr-FR\",\"potentialAction\":[{\"@type\":\"ReadAction\",\"target\":[\"https:\/\/fr.365yawm.ma\/index.php\/2025\/02\/09\/reflexion-sur-les-elections-au-maroc-un-appel-a-la-prise-de-conscience\/\"]}]},{\"@type\":\"ImageObject\",\"inLanguage\":\"fr-FR\",\"@id\":\"https:\/\/fr.365yawm.ma\/index.php\/2025\/02\/09\/reflexion-sur-les-elections-au-maroc-un-appel-a-la-prise-de-conscience\/#primaryimage\",\"url\":\"https:\/\/fr.365yawm.ma\/wp-content\/uploads\/2025\/02\/84d73d6908f6d9c26c0ca760ce05d445.jpg\",\"contentUrl\":\"https:\/\/fr.365yawm.ma\/wp-content\/uploads\/2025\/02\/84d73d6908f6d9c26c0ca760ce05d445.jpg\",\"width\":720,\"height\":720},{\"@type\":\"BreadcrumbList\",\"@id\":\"https:\/\/fr.365yawm.ma\/index.php\/2025\/02\/09\/reflexion-sur-les-elections-au-maroc-un-appel-a-la-prise-de-conscience\/#breadcrumb\",\"itemListElement\":[{\"@type\":\"ListItem\",\"position\":1,\"name\":\"Accueil\",\"item\":\"https:\/\/fr.365yawm.ma\/\"},{\"@type\":\"ListItem\",\"position\":2,\"name\":\"R\u00c9FLEXION SUR LES \u00c9LECTIONS AU MAROC : UN APPEL \u00c0 LA PRISE DE CONSCIENCE\"}]},{\"@type\":\"WebSite\",\"@id\":\"https:\/\/fr.365yawm.ma\/#website\",\"url\":\"https:\/\/fr.365yawm.ma\/\",\"name\":\"365YAWM fran\u00e7ais\",\"description\":\"\",\"publisher\":{\"@id\":\"https:\/\/fr.365yawm.ma\/#organization\"},\"potentialAction\":[{\"@type\":\"SearchAction\",\"target\":{\"@type\":\"EntryPoint\",\"urlTemplate\":\"https:\/\/fr.365yawm.ma\/?s={search_term_string}\"},\"query-input\":{\"@type\":\"PropertyValueSpecification\",\"valueRequired\":true,\"valueName\":\"search_term_string\"}}],\"inLanguage\":\"fr-FR\"},{\"@type\":\"Organization\",\"@id\":\"https:\/\/fr.365yawm.ma\/#organization\",\"name\":\"365 yawm\",\"url\":\"https:\/\/fr.365yawm.ma\/\",\"logo\":{\"@type\":\"ImageObject\",\"inLanguage\":\"fr-FR\",\"@id\":\"https:\/\/fr.365yawm.ma\/#\/schema\/logo\/image\/\",\"url\":\"https:\/\/fr.365yawm.ma\/wp-content\/uploads\/2020\/04\/icon.png\",\"contentUrl\":\"https:\/\/fr.365yawm.ma\/wp-content\/uploads\/2020\/04\/icon.png\",\"width\":512,\"height\":512,\"caption\":\"365 yawm\"},\"image\":{\"@id\":\"https:\/\/fr.365yawm.ma\/#\/schema\/logo\/image\/\"}},{\"@type\":\"Person\",\"@id\":\"https:\/\/fr.365yawm.ma\/#\/schema\/person\/3ae7f285880cb2045c5b6a6925408e72\",\"name\":\"fra365yawm\",\"image\":{\"@type\":\"ImageObject\",\"inLanguage\":\"fr-FR\",\"@id\":\"https:\/\/fr.365yawm.ma\/#\/schema\/person\/image\/\",\"url\":\"https:\/\/secure.gravatar.com\/avatar\/825cebdd359775298a5648431701cf17d00fd4fbec76f488ebc15fbeb220aa3a?s=96&d=mm&r=g\",\"contentUrl\":\"https:\/\/secure.gravatar.com\/avatar\/825cebdd359775298a5648431701cf17d00fd4fbec76f488ebc15fbeb220aa3a?s=96&d=mm&r=g\",\"caption\":\"fra365yawm\"},\"sameAs\":[\"https:\/\/fr.365yawm.ma\"]}]}<\/script>\n<!-- \/ Yoast SEO plugin. -->","yoast_head_json":{"title":"R\u00c9FLEXION SUR LES \u00c9LECTIONS AU MAROC : UN APPEL \u00c0 LA PRISE DE CONSCIENCE - 365YAWM fran\u00e7ais","robots":{"index":"index","follow":"follow","max-snippet":"max-snippet:-1","max-image-preview":"max-image-preview:large","max-video-preview":"max-video-preview:-1"},"canonical":"https:\/\/fr.365yawm.ma\/index.php\/2025\/02\/09\/reflexion-sur-les-elections-au-maroc-un-appel-a-la-prise-de-conscience\/","og_locale":"fr_FR","og_type":"article","og_title":"R\u00c9FLEXION SUR LES \u00c9LECTIONS AU MAROC : UN APPEL \u00c0 LA PRISE DE CONSCIENCE - 365YAWM fran\u00e7ais","og_description":"&nbsp; Aujourd&rsquo;hui, je ressens le besoin de partager une pens\u00e9e sur les derni\u00e8res \u00e9lections au Maroc. Il est pr\u00e9occupant de constater que des personnes non qualifi\u00e9es, et parfois malhonn\u00eates, ont \u00e9t\u00e9 autoris\u00e9es et aid\u00e9es \u00e0 acc\u00e9der \u00e0 des postes de pouvoir. Au niveau local, dans de nombreuses communes et r\u00e9gions, le discours dominant tourne autour [&hellip;]","og_url":"https:\/\/fr.365yawm.ma\/index.php\/2025\/02\/09\/reflexion-sur-les-elections-au-maroc-un-appel-a-la-prise-de-conscience\/","og_site_name":"365YAWM fran\u00e7ais","article_published_time":"2025-02-09T14:28:36+00:00","article_modified_time":"2025-02-09T14:30:16+00:00","og_image":[{"width":720,"height":720,"url":"https:\/\/fr.365yawm.ma\/wp-content\/uploads\/2025\/02\/84d73d6908f6d9c26c0ca760ce05d445.jpg","type":"image\/jpeg"}],"author":"fra365yawm","twitter_card":"summary_large_image","twitter_misc":{"\u00c9crit par":"fra365yawm","Dur\u00e9e de lecture estim\u00e9e":"3 minutes"},"schema":{"@context":"https:\/\/schema.org","@graph":[{"@type":"Article","@id":"https:\/\/fr.365yawm.ma\/index.php\/2025\/02\/09\/reflexion-sur-les-elections-au-maroc-un-appel-a-la-prise-de-conscience\/#article","isPartOf":{"@id":"https:\/\/fr.365yawm.ma\/index.php\/2025\/02\/09\/reflexion-sur-les-elections-au-maroc-un-appel-a-la-prise-de-conscience\/"},"author":{"name":"fra365yawm","@id":"https:\/\/fr.365yawm.ma\/#\/schema\/person\/3ae7f285880cb2045c5b6a6925408e72"},"headline":"R\u00c9FLEXION SUR LES \u00c9LECTIONS AU MAROC : UN APPEL \u00c0 LA PRISE DE CONSCIENCE","datePublished":"2025-02-09T14:28:36+00:00","dateModified":"2025-02-09T14:30:16+00:00","mainEntityOfPage":{"@id":"https:\/\/fr.365yawm.ma\/index.php\/2025\/02\/09\/reflexion-sur-les-elections-au-maroc-un-appel-a-la-prise-de-conscience\/"},"wordCount":564,"commentCount":0,"publisher":{"@id":"https:\/\/fr.365yawm.ma\/#organization"},"image":{"@id":"https:\/\/fr.365yawm.ma\/index.php\/2025\/02\/09\/reflexion-sur-les-elections-au-maroc-un-appel-a-la-prise-de-conscience\/#primaryimage"},"thumbnailUrl":"https:\/\/fr.365yawm.ma\/wp-content\/uploads\/2025\/02\/84d73d6908f6d9c26c0ca760ce05d445.jpg","articleSection":["R\u00e9flexion"],"inLanguage":"fr-FR","potentialAction":[{"@type":"CommentAction","name":"Comment","target":["https:\/\/fr.365yawm.ma\/index.php\/2025\/02\/09\/reflexion-sur-les-elections-au-maroc-un-appel-a-la-prise-de-conscience\/#respond"]}]},{"@type":"WebPage","@id":"https:\/\/fr.365yawm.ma\/index.php\/2025\/02\/09\/reflexion-sur-les-elections-au-maroc-un-appel-a-la-prise-de-conscience\/","url":"https:\/\/fr.365yawm.ma\/index.php\/2025\/02\/09\/reflexion-sur-les-elections-au-maroc-un-appel-a-la-prise-de-conscience\/","name":"R\u00c9FLEXION SUR LES \u00c9LECTIONS AU MAROC : UN APPEL \u00c0 LA PRISE DE CONSCIENCE - 365YAWM fran\u00e7ais","isPartOf":{"@id":"https:\/\/fr.365yawm.ma\/#website"},"primaryImageOfPage":{"@id":"https:\/\/fr.365yawm.ma\/index.php\/2025\/02\/09\/reflexion-sur-les-elections-au-maroc-un-appel-a-la-prise-de-conscience\/#primaryimage"},"image":{"@id":"https:\/\/fr.365yawm.ma\/index.php\/2025\/02\/09\/reflexion-sur-les-elections-au-maroc-un-appel-a-la-prise-de-conscience\/#primaryimage"},"thumbnailUrl":"https:\/\/fr.365yawm.ma\/wp-content\/uploads\/2025\/02\/84d73d6908f6d9c26c0ca760ce05d445.jpg","datePublished":"2025-02-09T14:28:36+00:00","dateModified":"2025-02-09T14:30:16+00:00","breadcrumb":{"@id":"https:\/\/fr.365yawm.ma\/index.php\/2025\/02\/09\/reflexion-sur-les-elections-au-maroc-un-appel-a-la-prise-de-conscience\/#breadcrumb"},"inLanguage":"fr-FR","potentialAction":[{"@type":"ReadAction","target":["https:\/\/fr.365yawm.ma\/index.php\/2025\/02\/09\/reflexion-sur-les-elections-au-maroc-un-appel-a-la-prise-de-conscience\/"]}]},{"@type":"ImageObject","inLanguage":"fr-FR","@id":"https:\/\/fr.365yawm.ma\/index.php\/2025\/02\/09\/reflexion-sur-les-elections-au-maroc-un-appel-a-la-prise-de-conscience\/#primaryimage","url":"https:\/\/fr.365yawm.ma\/wp-content\/uploads\/2025\/02\/84d73d6908f6d9c26c0ca760ce05d445.jpg","contentUrl":"https:\/\/fr.365yawm.ma\/wp-content\/uploads\/2025\/02\/84d73d6908f6d9c26c0ca760ce05d445.jpg","width":720,"height":720},{"@type":"BreadcrumbList","@id":"https:\/\/fr.365yawm.ma\/index.php\/2025\/02\/09\/reflexion-sur-les-elections-au-maroc-un-appel-a-la-prise-de-conscience\/#breadcrumb","itemListElement":[{"@type":"ListItem","position":1,"name":"Accueil","item":"https:\/\/fr.365yawm.ma\/"},{"@type":"ListItem","position":2,"name":"R\u00c9FLEXION SUR LES \u00c9LECTIONS AU MAROC : UN APPEL \u00c0 LA PRISE DE CONSCIENCE"}]},{"@type":"WebSite","@id":"https:\/\/fr.365yawm.ma\/#website","url":"https:\/\/fr.365yawm.ma\/","name":"365YAWM fran\u00e7ais","description":"","publisher":{"@id":"https:\/\/fr.365yawm.ma\/#organization"},"potentialAction":[{"@type":"SearchAction","target":{"@type":"EntryPoint","urlTemplate":"https:\/\/fr.365yawm.ma\/?s={search_term_string}"},"query-input":{"@type":"PropertyValueSpecification","valueRequired":true,"valueName":"search_term_string"}}],"inLanguage":"fr-FR"},{"@type":"Organization","@id":"https:\/\/fr.365yawm.ma\/#organization","name":"365 yawm","url":"https:\/\/fr.365yawm.ma\/","logo":{"@type":"ImageObject","inLanguage":"fr-FR","@id":"https:\/\/fr.365yawm.ma\/#\/schema\/logo\/image\/","url":"https:\/\/fr.365yawm.ma\/wp-content\/uploads\/2020\/04\/icon.png","contentUrl":"https:\/\/fr.365yawm.ma\/wp-content\/uploads\/2020\/04\/icon.png","width":512,"height":512,"caption":"365 yawm"},"image":{"@id":"https:\/\/fr.365yawm.ma\/#\/schema\/logo\/image\/"}},{"@type":"Person","@id":"https:\/\/fr.365yawm.ma\/#\/schema\/person\/3ae7f285880cb2045c5b6a6925408e72","name":"fra365yawm","image":{"@type":"ImageObject","inLanguage":"fr-FR","@id":"https:\/\/fr.365yawm.ma\/#\/schema\/person\/image\/","url":"https:\/\/secure.gravatar.com\/avatar\/825cebdd359775298a5648431701cf17d00fd4fbec76f488ebc15fbeb220aa3a?s=96&d=mm&r=g","contentUrl":"https:\/\/secure.gravatar.com\/avatar\/825cebdd359775298a5648431701cf17d00fd4fbec76f488ebc15fbeb220aa3a?s=96&d=mm&r=g","caption":"fra365yawm"},"sameAs":["https:\/\/fr.365yawm.ma"]}]}},"jetpack_featured_media_url":"https:\/\/fr.365yawm.ma\/wp-content\/uploads\/2025\/02\/84d73d6908f6d9c26c0ca760ce05d445.jpg","jetpack_sharing_enabled":true,"_links":{"self":[{"href":"https:\/\/fr.365yawm.ma\/index.php\/wp-json\/wp\/v2\/posts\/4888","targetHints":{"allow":["GET"]}}],"collection":[{"href":"https:\/\/fr.365yawm.ma\/index.php\/wp-json\/wp\/v2\/posts"}],"about":[{"href":"https:\/\/fr.365yawm.ma\/index.php\/wp-json\/wp\/v2\/types\/post"}],"author":[{"embeddable":true,"href":"https:\/\/fr.365yawm.ma\/index.php\/wp-json\/wp\/v2\/users\/1"}],"replies":[{"embeddable":true,"href":"https:\/\/fr.365yawm.ma\/index.php\/wp-json\/wp\/v2\/comments?post=4888"}],"version-history":[{"count":3,"href":"https:\/\/fr.365yawm.ma\/index.php\/wp-json\/wp\/v2\/posts\/4888\/revisions"}],"predecessor-version":[{"id":4892,"href":"https:\/\/fr.365yawm.ma\/index.php\/wp-json\/wp\/v2\/posts\/4888\/revisions\/4892"}],"wp:featuredmedia":[{"embeddable":true,"href":"https:\/\/fr.365yawm.ma\/index.php\/wp-json\/wp\/v2\/media\/4889"}],"wp:attachment":[{"href":"https:\/\/fr.365yawm.ma\/index.php\/wp-json\/wp\/v2\/media?parent=4888"}],"wp:term":[{"taxonomy":"category","embeddable":true,"href":"https:\/\/fr.365yawm.ma\/index.php\/wp-json\/wp\/v2\/categories?post=4888"},{"taxonomy":"post_tag","embeddable":true,"href":"https:\/\/fr.365yawm.ma\/index.php\/wp-json\/wp\/v2\/tags?post=4888"}],"curies":[{"name":"wp","href":"https:\/\/api.w.org\/{rel}","templated":true}]}}