{"id":4697,"date":"2024-12-03T13:10:35","date_gmt":"2024-12-03T12:10:35","guid":{"rendered":"https:\/\/fr.365yawm.ma\/?p=4697"},"modified":"2024-12-03T20:55:25","modified_gmt":"2024-12-03T19:55:25","slug":"elections-retour-triomphal-de-aberchan-sur-la-scene-politique","status":"publish","type":"post","link":"https:\/\/fr.365yawm.ma\/index.php\/2024\/12\/03\/elections-retour-triomphal-de-aberchan-sur-la-scene-politique\/","title":{"rendered":"\u00c9LECTIONS : RETOUR TRIOMPHAL DE ABERCHAN SUR LA SC\u00c8NE POLITIQUE"},"content":{"rendered":"<p><strong>Abdelhamid Aberchan a \u00e9t\u00e9 \u00e9lu, ce mardi, nouveau pr\u00e9sident de l&rsquo; arrondissement Tanger-Medina, succ\u00e9dant ainsi \u00e0 Mohammed Cherkaoui d\u00e9chu de ce poste suite \u00e0 une d\u00e9cision de la cour administrative<\/strong>.<\/p>\n<p>Dans une d\u00e9claration aux m\u00e9dias peu apr\u00e8s son \u00e9lection, Aberchan a exprim\u00e9 sa gratitude aux conseillers qui lui ont accord\u00e9 leur confiance ainsi qu\u2019aux habitants de l&rsquo;arrondissement Tanger -Medina pour leur soutien.<\/p>\n<p><span style=\"text-transform: initial;\">Il a \u00e9galement soulign\u00e9 son intention d\u2019adopter une approche participative dans la gestion des affaires de son arrondissement et de redoubler d\u2019efforts\u00a0 pour combler les d\u00e9ficits et corriger les d\u00e9s\u00e9quilibres existants.<\/span><\/p>\n<p>Les trois autres postes vacants ont \u00e9t\u00e9 respectivement remport\u00e9s par Abdelouahid Boula\u00efch (RNI), Mohammed Sa\u00efd Benomar (USFP) et Cam\u00e9lia Boutamou (RNI).<\/p>\n<p>Ces \u00e9lections surviennent apr\u00e8s la destitution de Mohamed Cherkaoui, ainsi que trois de ses adjoints de leurs fonctions, par le tribunal administratif.<\/p>\n<p><a href=\"https:\/\/fr.365yawm.ma\/wp-content\/uploads\/2024\/12\/1733255448446.jpg\"><img loading=\"lazy\" decoding=\"async\" class=\"alignnone size-full wp-image-4709\" src=\"https:\/\/fr.365yawm.ma\/wp-content\/uploads\/2024\/12\/1733255448446.jpg\" alt=\"\" width=\"960\" height=\"540\" srcset=\"https:\/\/fr.365yawm.ma\/wp-content\/uploads\/2024\/12\/1733255448446.jpg 960w, https:\/\/fr.365yawm.ma\/wp-content\/uploads\/2024\/12\/1733255448446-300x169.jpg 300w, https:\/\/fr.365yawm.ma\/wp-content\/uploads\/2024\/12\/1733255448446-768x432.jpg 768w\" sizes=\"auto, (max-width: 960px) 100vw, 960px\" \/><\/a> <a href=\"https:\/\/fr.365yawm.ma\/wp-content\/uploads\/2024\/12\/1733255455275.jpg\"><img loading=\"lazy\" decoding=\"async\" class=\"alignnone size-full wp-image-4711\" src=\"https:\/\/fr.365yawm.ma\/wp-content\/uploads\/2024\/12\/1733255455275.jpg\" alt=\"\" width=\"1080\" height=\"608\" srcset=\"https:\/\/fr.365yawm.ma\/wp-content\/uploads\/2024\/12\/1733255455275.jpg 1080w, https:\/\/fr.365yawm.ma\/wp-content\/uploads\/2024\/12\/1733255455275-300x169.jpg 300w, https:\/\/fr.365yawm.ma\/wp-content\/uploads\/2024\/12\/1733255455275-1024x576.jpg 1024w, https:\/\/fr.365yawm.ma\/wp-content\/uploads\/2024\/12\/1733255455275-768x432.jpg 768w\" sizes=\"auto, (max-width: 1080px) 100vw, 1080px\" \/><\/a><\/p>\n<p>&nbsp;<\/p>\n","protected":false},"excerpt":{"rendered":"<p>Abdelhamid Aberchan a \u00e9t\u00e9 \u00e9lu, ce mardi, nouveau pr\u00e9sident de l&rsquo; arrondissement Tanger-Medina, succ\u00e9dant ainsi \u00e0 Mohammed Cherkaoui d\u00e9chu de ce poste suite \u00e0 une d\u00e9cision de la cour administrative. Dans une d\u00e9claration aux m\u00e9dias peu apr\u00e8s son \u00e9lection, Aberchan a exprim\u00e9 sa gratitude aux conseillers qui lui ont accord\u00e9 leur confiance ainsi qu\u2019aux habitants [&hellip;]<\/p>\n","protected":false},"author":1,"featured_media":4699,"comment_status":"open","ping_status":"open","sticky":false,"template":"","format":"standard","meta":{"_bbp_topic_count":0,"_bbp_reply_count":0,"_bbp_total_topic_count":0,"_bbp_total_reply_count":0,"_bbp_voice_count":0,"_bbp_anonymous_reply_count":0,"_bbp_topic_count_hidden":0,"_bbp_reply_count_hidden":0,"_bbp_forum_subforum_count":0,"_jetpack_memberships_contains_paid_content":false,"footnotes":""},"categories":[26],"tags":[],"class_list":["post-4697","post","type-post","status-publish","format-standard","has-post-thumbnail","hentry","category-region"],"yoast_head":"<!-- This site is optimized with the Yoast SEO plugin v24.9 - https:\/\/yoast.com\/wordpress\/plugins\/seo\/ -->\n<title>\u00c9LECTIONS : RETOUR TRIOMPHAL DE ABERCHAN SUR LA SC\u00c8NE POLITIQUE - 365YAWM fran\u00e7ais<\/title>\n<meta name=\"robots\" content=\"index, follow, max-snippet:-1, max-image-preview:large, max-video-preview:-1\" \/>\n<link rel=\"canonical\" href=\"https:\/\/fr.365yawm.ma\/index.php\/2024\/12\/03\/elections-retour-triomphal-de-aberchan-sur-la-scene-politique\/\" \/>\n<meta property=\"og:locale\" content=\"fr_FR\" \/>\n<meta property=\"og:type\" content=\"article\" \/>\n<meta property=\"og:title\" content=\"\u00c9LECTIONS : RETOUR TRIOMPHAL DE ABERCHAN SUR LA SC\u00c8NE POLITIQUE - 365YAWM fran\u00e7ais\" \/>\n<meta property=\"og:description\" content=\"Abdelhamid Aberchan a \u00e9t\u00e9 \u00e9lu, ce mardi, nouveau pr\u00e9sident de l&rsquo; arrondissement Tanger-Medina, succ\u00e9dant ainsi \u00e0 Mohammed Cherkaoui d\u00e9chu de ce poste suite \u00e0 une d\u00e9cision de la cour administrative. Dans une d\u00e9claration aux m\u00e9dias peu apr\u00e8s son \u00e9lection, Aberchan a exprim\u00e9 sa gratitude aux conseillers qui lui ont accord\u00e9 leur confiance ainsi qu\u2019aux habitants [&hellip;]\" \/>\n<meta property=\"og:url\" content=\"https:\/\/fr.365yawm.ma\/index.php\/2024\/12\/03\/elections-retour-triomphal-de-aberchan-sur-la-scene-politique\/\" \/>\n<meta property=\"og:site_name\" content=\"365YAWM fran\u00e7ais\" \/>\n<meta property=\"article:published_time\" content=\"2024-12-03T12:10:35+00:00\" \/>\n<meta property=\"article:modified_time\" content=\"2024-12-03T19:55:25+00:00\" \/>\n<meta property=\"og:image\" content=\"https:\/\/fr.365yawm.ma\/wp-content\/uploads\/2024\/12\/InShot_20241203_130821265.jpg\" \/>\n\t<meta property=\"og:image:width\" content=\"1920\" \/>\n\t<meta property=\"og:image:height\" content=\"1079\" \/>\n\t<meta property=\"og:image:type\" content=\"image\/jpeg\" \/>\n<meta name=\"author\" content=\"fra365yawm\" \/>\n<meta name=\"twitter:card\" content=\"summary_large_image\" \/>\n<meta name=\"twitter:label1\" content=\"\u00c9crit par\" \/>\n\t<meta name=\"twitter:data1\" content=\"fra365yawm\" \/>\n\t<meta name=\"twitter:label2\" content=\"Dur\u00e9e de lecture estim\u00e9e\" \/>\n\t<meta name=\"twitter:data2\" content=\"2 minutes\" \/>\n<script type=\"application\/ld+json\" class=\"yoast-schema-graph\">{\"@context\":\"https:\/\/schema.org\",\"@graph\":[{\"@type\":\"Article\",\"@id\":\"https:\/\/fr.365yawm.ma\/index.php\/2024\/12\/03\/elections-retour-triomphal-de-aberchan-sur-la-scene-politique\/#article\",\"isPartOf\":{\"@id\":\"https:\/\/fr.365yawm.ma\/index.php\/2024\/12\/03\/elections-retour-triomphal-de-aberchan-sur-la-scene-politique\/\"},\"author\":{\"name\":\"fra365yawm\",\"@id\":\"https:\/\/fr.365yawm.ma\/#\/schema\/person\/3ae7f285880cb2045c5b6a6925408e72\"},\"headline\":\"\u00c9LECTIONS : RETOUR TRIOMPHAL DE ABERCHAN SUR LA SC\u00c8NE POLITIQUE\",\"datePublished\":\"2024-12-03T12:10:35+00:00\",\"dateModified\":\"2024-12-03T19:55:25+00:00\",\"mainEntityOfPage\":{\"@id\":\"https:\/\/fr.365yawm.ma\/index.php\/2024\/12\/03\/elections-retour-triomphal-de-aberchan-sur-la-scene-politique\/\"},\"wordCount\":163,\"commentCount\":0,\"publisher\":{\"@id\":\"https:\/\/fr.365yawm.ma\/#organization\"},\"image\":{\"@id\":\"https:\/\/fr.365yawm.ma\/index.php\/2024\/12\/03\/elections-retour-triomphal-de-aberchan-sur-la-scene-politique\/#primaryimage\"},\"thumbnailUrl\":\"https:\/\/fr.365yawm.ma\/wp-content\/uploads\/2024\/12\/InShot_20241203_130821265.jpg\",\"articleSection\":[\"R\u00e9gion\"],\"inLanguage\":\"fr-FR\",\"potentialAction\":[{\"@type\":\"CommentAction\",\"name\":\"Comment\",\"target\":[\"https:\/\/fr.365yawm.ma\/index.php\/2024\/12\/03\/elections-retour-triomphal-de-aberchan-sur-la-scene-politique\/#respond\"]}]},{\"@type\":\"WebPage\",\"@id\":\"https:\/\/fr.365yawm.ma\/index.php\/2024\/12\/03\/elections-retour-triomphal-de-aberchan-sur-la-scene-politique\/\",\"url\":\"https:\/\/fr.365yawm.ma\/index.php\/2024\/12\/03\/elections-retour-triomphal-de-aberchan-sur-la-scene-politique\/\",\"name\":\"\u00c9LECTIONS : RETOUR TRIOMPHAL DE ABERCHAN SUR LA SC\u00c8NE POLITIQUE - 365YAWM fran\u00e7ais\",\"isPartOf\":{\"@id\":\"https:\/\/fr.365yawm.ma\/#website\"},\"primaryImageOfPage\":{\"@id\":\"https:\/\/fr.365yawm.ma\/index.php\/2024\/12\/03\/elections-retour-triomphal-de-aberchan-sur-la-scene-politique\/#primaryimage\"},\"image\":{\"@id\":\"https:\/\/fr.365yawm.ma\/index.php\/2024\/12\/03\/elections-retour-triomphal-de-aberchan-sur-la-scene-politique\/#primaryimage\"},\"thumbnailUrl\":\"https:\/\/fr.365yawm.ma\/wp-content\/uploads\/2024\/12\/InShot_20241203_130821265.jpg\",\"datePublished\":\"2024-12-03T12:10:35+00:00\",\"dateModified\":\"2024-12-03T19:55:25+00:00\",\"breadcrumb\":{\"@id\":\"https:\/\/fr.365yawm.ma\/index.php\/2024\/12\/03\/elections-retour-triomphal-de-aberchan-sur-la-scene-politique\/#breadcrumb\"},\"inLanguage\":\"fr-FR\",\"potentialAction\":[{\"@type\":\"ReadAction\",\"target\":[\"https:\/\/fr.365yawm.ma\/index.php\/2024\/12\/03\/elections-retour-triomphal-de-aberchan-sur-la-scene-politique\/\"]}]},{\"@type\":\"ImageObject\",\"inLanguage\":\"fr-FR\",\"@id\":\"https:\/\/fr.365yawm.ma\/index.php\/2024\/12\/03\/elections-retour-triomphal-de-aberchan-sur-la-scene-politique\/#primaryimage\",\"url\":\"https:\/\/fr.365yawm.ma\/wp-content\/uploads\/2024\/12\/InShot_20241203_130821265.jpg\",\"contentUrl\":\"https:\/\/fr.365yawm.ma\/wp-content\/uploads\/2024\/12\/InShot_20241203_130821265.jpg\",\"width\":1920,\"height\":1079},{\"@type\":\"BreadcrumbList\",\"@id\":\"https:\/\/fr.365yawm.ma\/index.php\/2024\/12\/03\/elections-retour-triomphal-de-aberchan-sur-la-scene-politique\/#breadcrumb\",\"itemListElement\":[{\"@type\":\"ListItem\",\"position\":1,\"name\":\"Accueil\",\"item\":\"https:\/\/fr.365yawm.ma\/\"},{\"@type\":\"ListItem\",\"position\":2,\"name\":\"\u00c9LECTIONS : RETOUR TRIOMPHAL DE ABERCHAN SUR LA SC\u00c8NE POLITIQUE\"}]},{\"@type\":\"WebSite\",\"@id\":\"https:\/\/fr.365yawm.ma\/#website\",\"url\":\"https:\/\/fr.365yawm.ma\/\",\"name\":\"365YAWM fran\u00e7ais\",\"description\":\"\",\"publisher\":{\"@id\":\"https:\/\/fr.365yawm.ma\/#organization\"},\"potentialAction\":[{\"@type\":\"SearchAction\",\"target\":{\"@type\":\"EntryPoint\",\"urlTemplate\":\"https:\/\/fr.365yawm.ma\/?s={search_term_string}\"},\"query-input\":{\"@type\":\"PropertyValueSpecification\",\"valueRequired\":true,\"valueName\":\"search_term_string\"}}],\"inLanguage\":\"fr-FR\"},{\"@type\":\"Organization\",\"@id\":\"https:\/\/fr.365yawm.ma\/#organization\",\"name\":\"365 yawm\",\"url\":\"https:\/\/fr.365yawm.ma\/\",\"logo\":{\"@type\":\"ImageObject\",\"inLanguage\":\"fr-FR\",\"@id\":\"https:\/\/fr.365yawm.ma\/#\/schema\/logo\/image\/\",\"url\":\"https:\/\/fr.365yawm.ma\/wp-content\/uploads\/2020\/04\/icon.png\",\"contentUrl\":\"https:\/\/fr.365yawm.ma\/wp-content\/uploads\/2020\/04\/icon.png\",\"width\":512,\"height\":512,\"caption\":\"365 yawm\"},\"image\":{\"@id\":\"https:\/\/fr.365yawm.ma\/#\/schema\/logo\/image\/\"}},{\"@type\":\"Person\",\"@id\":\"https:\/\/fr.365yawm.ma\/#\/schema\/person\/3ae7f285880cb2045c5b6a6925408e72\",\"name\":\"fra365yawm\",\"image\":{\"@type\":\"ImageObject\",\"inLanguage\":\"fr-FR\",\"@id\":\"https:\/\/fr.365yawm.ma\/#\/schema\/person\/image\/\",\"url\":\"https:\/\/secure.gravatar.com\/avatar\/825cebdd359775298a5648431701cf17d00fd4fbec76f488ebc15fbeb220aa3a?s=96&d=mm&r=g\",\"contentUrl\":\"https:\/\/secure.gravatar.com\/avatar\/825cebdd359775298a5648431701cf17d00fd4fbec76f488ebc15fbeb220aa3a?s=96&d=mm&r=g\",\"caption\":\"fra365yawm\"},\"sameAs\":[\"https:\/\/fr.365yawm.ma\"]}]}<\/script>\n<!-- \/ Yoast SEO plugin. -->","yoast_head_json":{"title":"\u00c9LECTIONS : RETOUR TRIOMPHAL DE ABERCHAN SUR LA SC\u00c8NE POLITIQUE - 365YAWM fran\u00e7ais","robots":{"index":"index","follow":"follow","max-snippet":"max-snippet:-1","max-image-preview":"max-image-preview:large","max-video-preview":"max-video-preview:-1"},"canonical":"https:\/\/fr.365yawm.ma\/index.php\/2024\/12\/03\/elections-retour-triomphal-de-aberchan-sur-la-scene-politique\/","og_locale":"fr_FR","og_type":"article","og_title":"\u00c9LECTIONS : RETOUR TRIOMPHAL DE ABERCHAN SUR LA SC\u00c8NE POLITIQUE - 365YAWM fran\u00e7ais","og_description":"Abdelhamid Aberchan a \u00e9t\u00e9 \u00e9lu, ce mardi, nouveau pr\u00e9sident de l&rsquo; arrondissement Tanger-Medina, succ\u00e9dant ainsi \u00e0 Mohammed Cherkaoui d\u00e9chu de ce poste suite \u00e0 une d\u00e9cision de la cour administrative. Dans une d\u00e9claration aux m\u00e9dias peu apr\u00e8s son \u00e9lection, Aberchan a exprim\u00e9 sa gratitude aux conseillers qui lui ont accord\u00e9 leur confiance ainsi qu\u2019aux habitants [&hellip;]","og_url":"https:\/\/fr.365yawm.ma\/index.php\/2024\/12\/03\/elections-retour-triomphal-de-aberchan-sur-la-scene-politique\/","og_site_name":"365YAWM fran\u00e7ais","article_published_time":"2024-12-03T12:10:35+00:00","article_modified_time":"2024-12-03T19:55:25+00:00","og_image":[{"width":1920,"height":1079,"url":"https:\/\/fr.365yawm.ma\/wp-content\/uploads\/2024\/12\/InShot_20241203_130821265.jpg","type":"image\/jpeg"}],"author":"fra365yawm","twitter_card":"summary_large_image","twitter_misc":{"\u00c9crit par":"fra365yawm","Dur\u00e9e de lecture estim\u00e9e":"2 minutes"},"schema":{"@context":"https:\/\/schema.org","@graph":[{"@type":"Article","@id":"https:\/\/fr.365yawm.ma\/index.php\/2024\/12\/03\/elections-retour-triomphal-de-aberchan-sur-la-scene-politique\/#article","isPartOf":{"@id":"https:\/\/fr.365yawm.ma\/index.php\/2024\/12\/03\/elections-retour-triomphal-de-aberchan-sur-la-scene-politique\/"},"author":{"name":"fra365yawm","@id":"https:\/\/fr.365yawm.ma\/#\/schema\/person\/3ae7f285880cb2045c5b6a6925408e72"},"headline":"\u00c9LECTIONS : RETOUR TRIOMPHAL DE ABERCHAN SUR LA SC\u00c8NE POLITIQUE","datePublished":"2024-12-03T12:10:35+00:00","dateModified":"2024-12-03T19:55:25+00:00","mainEntityOfPage":{"@id":"https:\/\/fr.365yawm.ma\/index.php\/2024\/12\/03\/elections-retour-triomphal-de-aberchan-sur-la-scene-politique\/"},"wordCount":163,"commentCount":0,"publisher":{"@id":"https:\/\/fr.365yawm.ma\/#organization"},"image":{"@id":"https:\/\/fr.365yawm.ma\/index.php\/2024\/12\/03\/elections-retour-triomphal-de-aberchan-sur-la-scene-politique\/#primaryimage"},"thumbnailUrl":"https:\/\/fr.365yawm.ma\/wp-content\/uploads\/2024\/12\/InShot_20241203_130821265.jpg","articleSection":["R\u00e9gion"],"inLanguage":"fr-FR","potentialAction":[{"@type":"CommentAction","name":"Comment","target":["https:\/\/fr.365yawm.ma\/index.php\/2024\/12\/03\/elections-retour-triomphal-de-aberchan-sur-la-scene-politique\/#respond"]}]},{"@type":"WebPage","@id":"https:\/\/fr.365yawm.ma\/index.php\/2024\/12\/03\/elections-retour-triomphal-de-aberchan-sur-la-scene-politique\/","url":"https:\/\/fr.365yawm.ma\/index.php\/2024\/12\/03\/elections-retour-triomphal-de-aberchan-sur-la-scene-politique\/","name":"\u00c9LECTIONS : RETOUR TRIOMPHAL DE ABERCHAN SUR LA SC\u00c8NE POLITIQUE - 365YAWM fran\u00e7ais","isPartOf":{"@id":"https:\/\/fr.365yawm.ma\/#website"},"primaryImageOfPage":{"@id":"https:\/\/fr.365yawm.ma\/index.php\/2024\/12\/03\/elections-retour-triomphal-de-aberchan-sur-la-scene-politique\/#primaryimage"},"image":{"@id":"https:\/\/fr.365yawm.ma\/index.php\/2024\/12\/03\/elections-retour-triomphal-de-aberchan-sur-la-scene-politique\/#primaryimage"},"thumbnailUrl":"https:\/\/fr.365yawm.ma\/wp-content\/uploads\/2024\/12\/InShot_20241203_130821265.jpg","datePublished":"2024-12-03T12:10:35+00:00","dateModified":"2024-12-03T19:55:25+00:00","breadcrumb":{"@id":"https:\/\/fr.365yawm.ma\/index.php\/2024\/12\/03\/elections-retour-triomphal-de-aberchan-sur-la-scene-politique\/#breadcrumb"},"inLanguage":"fr-FR","potentialAction":[{"@type":"ReadAction","target":["https:\/\/fr.365yawm.ma\/index.php\/2024\/12\/03\/elections-retour-triomphal-de-aberchan-sur-la-scene-politique\/"]}]},{"@type":"ImageObject","inLanguage":"fr-FR","@id":"https:\/\/fr.365yawm.ma\/index.php\/2024\/12\/03\/elections-retour-triomphal-de-aberchan-sur-la-scene-politique\/#primaryimage","url":"https:\/\/fr.365yawm.ma\/wp-content\/uploads\/2024\/12\/InShot_20241203_130821265.jpg","contentUrl":"https:\/\/fr.365yawm.ma\/wp-content\/uploads\/2024\/12\/InShot_20241203_130821265.jpg","width":1920,"height":1079},{"@type":"BreadcrumbList","@id":"https:\/\/fr.365yawm.ma\/index.php\/2024\/12\/03\/elections-retour-triomphal-de-aberchan-sur-la-scene-politique\/#breadcrumb","itemListElement":[{"@type":"ListItem","position":1,"name":"Accueil","item":"https:\/\/fr.365yawm.ma\/"},{"@type":"ListItem","position":2,"name":"\u00c9LECTIONS : RETOUR TRIOMPHAL DE ABERCHAN SUR LA SC\u00c8NE POLITIQUE"}]},{"@type":"WebSite","@id":"https:\/\/fr.365yawm.ma\/#website","url":"https:\/\/fr.365yawm.ma\/","name":"365YAWM fran\u00e7ais","description":"","publisher":{"@id":"https:\/\/fr.365yawm.ma\/#organization"},"potentialAction":[{"@type":"SearchAction","target":{"@type":"EntryPoint","urlTemplate":"https:\/\/fr.365yawm.ma\/?s={search_term_string}"},"query-input":{"@type":"PropertyValueSpecification","valueRequired":true,"valueName":"search_term_string"}}],"inLanguage":"fr-FR"},{"@type":"Organization","@id":"https:\/\/fr.365yawm.ma\/#organization","name":"365 yawm","url":"https:\/\/fr.365yawm.ma\/","logo":{"@type":"ImageObject","inLanguage":"fr-FR","@id":"https:\/\/fr.365yawm.ma\/#\/schema\/logo\/image\/","url":"https:\/\/fr.365yawm.ma\/wp-content\/uploads\/2020\/04\/icon.png","contentUrl":"https:\/\/fr.365yawm.ma\/wp-content\/uploads\/2020\/04\/icon.png","width":512,"height":512,"caption":"365 yawm"},"image":{"@id":"https:\/\/fr.365yawm.ma\/#\/schema\/logo\/image\/"}},{"@type":"Person","@id":"https:\/\/fr.365yawm.ma\/#\/schema\/person\/3ae7f285880cb2045c5b6a6925408e72","name":"fra365yawm","image":{"@type":"ImageObject","inLanguage":"fr-FR","@id":"https:\/\/fr.365yawm.ma\/#\/schema\/person\/image\/","url":"https:\/\/secure.gravatar.com\/avatar\/825cebdd359775298a5648431701cf17d00fd4fbec76f488ebc15fbeb220aa3a?s=96&d=mm&r=g","contentUrl":"https:\/\/secure.gravatar.com\/avatar\/825cebdd359775298a5648431701cf17d00fd4fbec76f488ebc15fbeb220aa3a?s=96&d=mm&r=g","caption":"fra365yawm"},"sameAs":["https:\/\/fr.365yawm.ma"]}]}},"jetpack_featured_media_url":"https:\/\/fr.365yawm.ma\/wp-content\/uploads\/2024\/12\/InShot_20241203_130821265.jpg","jetpack_sharing_enabled":true,"_links":{"self":[{"href":"https:\/\/fr.365yawm.ma\/index.php\/wp-json\/wp\/v2\/posts\/4697","targetHints":{"allow":["GET"]}}],"collection":[{"href":"https:\/\/fr.365yawm.ma\/index.php\/wp-json\/wp\/v2\/posts"}],"about":[{"href":"https:\/\/fr.365yawm.ma\/index.php\/wp-json\/wp\/v2\/types\/post"}],"author":[{"embeddable":true,"href":"https:\/\/fr.365yawm.ma\/index.php\/wp-json\/wp\/v2\/users\/1"}],"replies":[{"embeddable":true,"href":"https:\/\/fr.365yawm.ma\/index.php\/wp-json\/wp\/v2\/comments?post=4697"}],"version-history":[{"count":3,"href":"https:\/\/fr.365yawm.ma\/index.php\/wp-json\/wp\/v2\/posts\/4697\/revisions"}],"predecessor-version":[{"id":4714,"href":"https:\/\/fr.365yawm.ma\/index.php\/wp-json\/wp\/v2\/posts\/4697\/revisions\/4714"}],"wp:featuredmedia":[{"embeddable":true,"href":"https:\/\/fr.365yawm.ma\/index.php\/wp-json\/wp\/v2\/media\/4699"}],"wp:attachment":[{"href":"https:\/\/fr.365yawm.ma\/index.php\/wp-json\/wp\/v2\/media?parent=4697"}],"wp:term":[{"taxonomy":"category","embeddable":true,"href":"https:\/\/fr.365yawm.ma\/index.php\/wp-json\/wp\/v2\/categories?post=4697"},{"taxonomy":"post_tag","embeddable":true,"href":"https:\/\/fr.365yawm.ma\/index.php\/wp-json\/wp\/v2\/tags?post=4697"}],"curies":[{"name":"wp","href":"https:\/\/api.w.org\/{rel}","templated":true}]}}