{"id":4648,"date":"2024-11-04T14:35:48","date_gmt":"2024-11-04T13:35:48","guid":{"rendered":"https:\/\/fr.365yawm.ma\/?p=4648"},"modified":"2024-11-04T14:35:48","modified_gmt":"2024-11-04T13:35:48","slug":"des-pluies-diluviennes-sabattent-sur-barcelone","status":"publish","type":"post","link":"https:\/\/fr.365yawm.ma\/index.php\/2024\/11\/04\/des-pluies-diluviennes-sabattent-sur-barcelone\/","title":{"rendered":"DES PLUIES DILUVIENNES S&rsquo;ABATTENT SUR BARCELONE"},"content":{"rendered":"<p>La protection civile a envoy\u00e9 lundi un avertissement de pluies intenses aux habitants de Barcelone, Garraf et Baix Llobregat, en Catalogne, rapportent les m\u00e9dias espagnols. Le service m\u00e9t\u00e9orologique de Catalogne a diffus\u00e9 plusieurs avertissements de pluies intenses et de risque d\u2019inondation.<\/p>\n<p>Des pluies diluviennes en ce moment s&rsquo;abattent sur la capitale catalane.<\/p>\n<p><a href=\"https:\/\/fr.365yawm.ma\/wp-content\/uploads\/2024\/11\/1730726223274.jpg\"><img loading=\"lazy\" decoding=\"async\" class=\"alignnone size-full wp-image-4650\" src=\"https:\/\/fr.365yawm.ma\/wp-content\/uploads\/2024\/11\/1730726223274.jpg\" alt=\"\" width=\"1024\" height=\"576\" srcset=\"https:\/\/fr.365yawm.ma\/wp-content\/uploads\/2024\/11\/1730726223274.jpg 1024w, https:\/\/fr.365yawm.ma\/wp-content\/uploads\/2024\/11\/1730726223274-300x169.jpg 300w, https:\/\/fr.365yawm.ma\/wp-content\/uploads\/2024\/11\/1730726223274-768x432.jpg 768w\" sizes=\"auto, (max-width: 1024px) 100vw, 1024px\" \/><\/a> <a href=\"https:\/\/fr.365yawm.ma\/wp-content\/uploads\/2024\/11\/1730726219460.jpg\"><img loading=\"lazy\" decoding=\"async\" class=\"alignnone size-full wp-image-4651\" src=\"https:\/\/fr.365yawm.ma\/wp-content\/uploads\/2024\/11\/1730726219460.jpg\" alt=\"\" width=\"1080\" height=\"1170\" srcset=\"https:\/\/fr.365yawm.ma\/wp-content\/uploads\/2024\/11\/1730726219460.jpg 1080w, https:\/\/fr.365yawm.ma\/wp-content\/uploads\/2024\/11\/1730726219460-277x300.jpg 277w, https:\/\/fr.365yawm.ma\/wp-content\/uploads\/2024\/11\/1730726219460-945x1024.jpg 945w, https:\/\/fr.365yawm.ma\/wp-content\/uploads\/2024\/11\/1730726219460-768x832.jpg 768w\" sizes=\"auto, (max-width: 1080px) 100vw, 1080px\" \/><\/a> <a href=\"https:\/\/fr.365yawm.ma\/wp-content\/uploads\/2024\/11\/1730726214590.jpg\"><img loading=\"lazy\" decoding=\"async\" class=\"alignnone size-full wp-image-4652\" src=\"https:\/\/fr.365yawm.ma\/wp-content\/uploads\/2024\/11\/1730726214590.jpg\" alt=\"\" width=\"824\" height=\"1440\" srcset=\"https:\/\/fr.365yawm.ma\/wp-content\/uploads\/2024\/11\/1730726214590.jpg 824w, https:\/\/fr.365yawm.ma\/wp-content\/uploads\/2024\/11\/1730726214590-172x300.jpg 172w, https:\/\/fr.365yawm.ma\/wp-content\/uploads\/2024\/11\/1730726214590-586x1024.jpg 586w, https:\/\/fr.365yawm.ma\/wp-content\/uploads\/2024\/11\/1730726214590-768x1342.jpg 768w\" sizes=\"auto, (max-width: 824px) 100vw, 824px\" \/><\/a><\/p>\n","protected":false},"excerpt":{"rendered":"<p>La protection civile a envoy\u00e9 lundi un avertissement de pluies intenses aux habitants de Barcelone, Garraf et Baix Llobregat, en Catalogne, rapportent les m\u00e9dias espagnols. Le service m\u00e9t\u00e9orologique de Catalogne a diffus\u00e9 plusieurs avertissements de pluies intenses et de risque d\u2019inondation. Des pluies diluviennes en ce moment s&rsquo;abattent sur la capitale catalane.<\/p>\n","protected":false},"author":1,"featured_media":4649,"comment_status":"open","ping_status":"open","sticky":false,"template":"","format":"standard","meta":{"_bbp_topic_count":0,"_bbp_reply_count":0,"_bbp_total_topic_count":0,"_bbp_total_reply_count":0,"_bbp_voice_count":0,"_bbp_anonymous_reply_count":0,"_bbp_topic_count_hidden":0,"_bbp_reply_count_hidden":0,"_bbp_forum_subforum_count":0,"_jetpack_memberships_contains_paid_content":false,"footnotes":""},"categories":[1],"tags":[],"class_list":["post-4648","post","type-post","status-publish","format-standard","has-post-thumbnail","hentry","category-non-classe"],"yoast_head":"<!-- This site is optimized with the Yoast SEO plugin v24.9 - https:\/\/yoast.com\/wordpress\/plugins\/seo\/ -->\n<title>DES PLUIES DILUVIENNES S&#039;ABATTENT SUR BARCELONE - 365YAWM fran\u00e7ais<\/title>\n<meta name=\"robots\" content=\"index, follow, max-snippet:-1, max-image-preview:large, max-video-preview:-1\" \/>\n<link rel=\"canonical\" href=\"https:\/\/fr.365yawm.ma\/index.php\/2024\/11\/04\/des-pluies-diluviennes-sabattent-sur-barcelone\/\" \/>\n<meta property=\"og:locale\" content=\"fr_FR\" \/>\n<meta property=\"og:type\" content=\"article\" \/>\n<meta property=\"og:title\" content=\"DES PLUIES DILUVIENNES S&#039;ABATTENT SUR BARCELONE - 365YAWM fran\u00e7ais\" \/>\n<meta property=\"og:description\" content=\"La protection civile a envoy\u00e9 lundi un avertissement de pluies intenses aux habitants de Barcelone, Garraf et Baix Llobregat, en Catalogne, rapportent les m\u00e9dias espagnols. Le service m\u00e9t\u00e9orologique de Catalogne a diffus\u00e9 plusieurs avertissements de pluies intenses et de risque d\u2019inondation. Des pluies diluviennes en ce moment s&rsquo;abattent sur la capitale catalane.\" \/>\n<meta property=\"og:url\" content=\"https:\/\/fr.365yawm.ma\/index.php\/2024\/11\/04\/des-pluies-diluviennes-sabattent-sur-barcelone\/\" \/>\n<meta property=\"og:site_name\" content=\"365YAWM fran\u00e7ais\" \/>\n<meta property=\"article:published_time\" content=\"2024-11-04T13:35:48+00:00\" \/>\n<meta property=\"og:image\" content=\"https:\/\/fr.365yawm.ma\/wp-content\/uploads\/2024\/11\/1730726231695.jpg\" \/>\n\t<meta property=\"og:image:width\" content=\"810\" \/>\n\t<meta property=\"og:image:height\" content=\"1440\" \/>\n\t<meta property=\"og:image:type\" content=\"image\/jpeg\" \/>\n<meta name=\"author\" content=\"fra365yawm\" \/>\n<meta name=\"twitter:card\" content=\"summary_large_image\" \/>\n<meta name=\"twitter:label1\" content=\"\u00c9crit par\" \/>\n\t<meta name=\"twitter:data1\" content=\"fra365yawm\" \/>\n\t<meta name=\"twitter:label2\" content=\"Dur\u00e9e de lecture estim\u00e9e\" \/>\n\t<meta name=\"twitter:data2\" content=\"2 minutes\" \/>\n<script type=\"application\/ld+json\" class=\"yoast-schema-graph\">{\"@context\":\"https:\/\/schema.org\",\"@graph\":[{\"@type\":\"Article\",\"@id\":\"https:\/\/fr.365yawm.ma\/index.php\/2024\/11\/04\/des-pluies-diluviennes-sabattent-sur-barcelone\/#article\",\"isPartOf\":{\"@id\":\"https:\/\/fr.365yawm.ma\/index.php\/2024\/11\/04\/des-pluies-diluviennes-sabattent-sur-barcelone\/\"},\"author\":{\"name\":\"fra365yawm\",\"@id\":\"https:\/\/fr.365yawm.ma\/#\/schema\/person\/3ae7f285880cb2045c5b6a6925408e72\"},\"headline\":\"DES PLUIES DILUVIENNES S&rsquo;ABATTENT SUR BARCELONE\",\"datePublished\":\"2024-11-04T13:35:48+00:00\",\"mainEntityOfPage\":{\"@id\":\"https:\/\/fr.365yawm.ma\/index.php\/2024\/11\/04\/des-pluies-diluviennes-sabattent-sur-barcelone\/\"},\"wordCount\":62,\"commentCount\":0,\"publisher\":{\"@id\":\"https:\/\/fr.365yawm.ma\/#organization\"},\"image\":{\"@id\":\"https:\/\/fr.365yawm.ma\/index.php\/2024\/11\/04\/des-pluies-diluviennes-sabattent-sur-barcelone\/#primaryimage\"},\"thumbnailUrl\":\"https:\/\/fr.365yawm.ma\/wp-content\/uploads\/2024\/11\/1730726231695.jpg\",\"inLanguage\":\"fr-FR\",\"potentialAction\":[{\"@type\":\"CommentAction\",\"name\":\"Comment\",\"target\":[\"https:\/\/fr.365yawm.ma\/index.php\/2024\/11\/04\/des-pluies-diluviennes-sabattent-sur-barcelone\/#respond\"]}]},{\"@type\":\"WebPage\",\"@id\":\"https:\/\/fr.365yawm.ma\/index.php\/2024\/11\/04\/des-pluies-diluviennes-sabattent-sur-barcelone\/\",\"url\":\"https:\/\/fr.365yawm.ma\/index.php\/2024\/11\/04\/des-pluies-diluviennes-sabattent-sur-barcelone\/\",\"name\":\"DES PLUIES DILUVIENNES S'ABATTENT SUR BARCELONE - 365YAWM fran\u00e7ais\",\"isPartOf\":{\"@id\":\"https:\/\/fr.365yawm.ma\/#website\"},\"primaryImageOfPage\":{\"@id\":\"https:\/\/fr.365yawm.ma\/index.php\/2024\/11\/04\/des-pluies-diluviennes-sabattent-sur-barcelone\/#primaryimage\"},\"image\":{\"@id\":\"https:\/\/fr.365yawm.ma\/index.php\/2024\/11\/04\/des-pluies-diluviennes-sabattent-sur-barcelone\/#primaryimage\"},\"thumbnailUrl\":\"https:\/\/fr.365yawm.ma\/wp-content\/uploads\/2024\/11\/1730726231695.jpg\",\"datePublished\":\"2024-11-04T13:35:48+00:00\",\"breadcrumb\":{\"@id\":\"https:\/\/fr.365yawm.ma\/index.php\/2024\/11\/04\/des-pluies-diluviennes-sabattent-sur-barcelone\/#breadcrumb\"},\"inLanguage\":\"fr-FR\",\"potentialAction\":[{\"@type\":\"ReadAction\",\"target\":[\"https:\/\/fr.365yawm.ma\/index.php\/2024\/11\/04\/des-pluies-diluviennes-sabattent-sur-barcelone\/\"]}]},{\"@type\":\"ImageObject\",\"inLanguage\":\"fr-FR\",\"@id\":\"https:\/\/fr.365yawm.ma\/index.php\/2024\/11\/04\/des-pluies-diluviennes-sabattent-sur-barcelone\/#primaryimage\",\"url\":\"https:\/\/fr.365yawm.ma\/wp-content\/uploads\/2024\/11\/1730726231695.jpg\",\"contentUrl\":\"https:\/\/fr.365yawm.ma\/wp-content\/uploads\/2024\/11\/1730726231695.jpg\",\"width\":810,\"height\":1440},{\"@type\":\"BreadcrumbList\",\"@id\":\"https:\/\/fr.365yawm.ma\/index.php\/2024\/11\/04\/des-pluies-diluviennes-sabattent-sur-barcelone\/#breadcrumb\",\"itemListElement\":[{\"@type\":\"ListItem\",\"position\":1,\"name\":\"Accueil\",\"item\":\"https:\/\/fr.365yawm.ma\/\"},{\"@type\":\"ListItem\",\"position\":2,\"name\":\"DES PLUIES DILUVIENNES S&rsquo;ABATTENT SUR BARCELONE\"}]},{\"@type\":\"WebSite\",\"@id\":\"https:\/\/fr.365yawm.ma\/#website\",\"url\":\"https:\/\/fr.365yawm.ma\/\",\"name\":\"365YAWM fran\u00e7ais\",\"description\":\"\",\"publisher\":{\"@id\":\"https:\/\/fr.365yawm.ma\/#organization\"},\"potentialAction\":[{\"@type\":\"SearchAction\",\"target\":{\"@type\":\"EntryPoint\",\"urlTemplate\":\"https:\/\/fr.365yawm.ma\/?s={search_term_string}\"},\"query-input\":{\"@type\":\"PropertyValueSpecification\",\"valueRequired\":true,\"valueName\":\"search_term_string\"}}],\"inLanguage\":\"fr-FR\"},{\"@type\":\"Organization\",\"@id\":\"https:\/\/fr.365yawm.ma\/#organization\",\"name\":\"365 yawm\",\"url\":\"https:\/\/fr.365yawm.ma\/\",\"logo\":{\"@type\":\"ImageObject\",\"inLanguage\":\"fr-FR\",\"@id\":\"https:\/\/fr.365yawm.ma\/#\/schema\/logo\/image\/\",\"url\":\"https:\/\/fr.365yawm.ma\/wp-content\/uploads\/2020\/04\/icon.png\",\"contentUrl\":\"https:\/\/fr.365yawm.ma\/wp-content\/uploads\/2020\/04\/icon.png\",\"width\":512,\"height\":512,\"caption\":\"365 yawm\"},\"image\":{\"@id\":\"https:\/\/fr.365yawm.ma\/#\/schema\/logo\/image\/\"}},{\"@type\":\"Person\",\"@id\":\"https:\/\/fr.365yawm.ma\/#\/schema\/person\/3ae7f285880cb2045c5b6a6925408e72\",\"name\":\"fra365yawm\",\"image\":{\"@type\":\"ImageObject\",\"inLanguage\":\"fr-FR\",\"@id\":\"https:\/\/fr.365yawm.ma\/#\/schema\/person\/image\/\",\"url\":\"https:\/\/secure.gravatar.com\/avatar\/825cebdd359775298a5648431701cf17d00fd4fbec76f488ebc15fbeb220aa3a?s=96&d=mm&r=g\",\"contentUrl\":\"https:\/\/secure.gravatar.com\/avatar\/825cebdd359775298a5648431701cf17d00fd4fbec76f488ebc15fbeb220aa3a?s=96&d=mm&r=g\",\"caption\":\"fra365yawm\"},\"sameAs\":[\"https:\/\/fr.365yawm.ma\"]}]}<\/script>\n<!-- \/ Yoast SEO plugin. -->","yoast_head_json":{"title":"DES PLUIES DILUVIENNES S'ABATTENT SUR BARCELONE - 365YAWM fran\u00e7ais","robots":{"index":"index","follow":"follow","max-snippet":"max-snippet:-1","max-image-preview":"max-image-preview:large","max-video-preview":"max-video-preview:-1"},"canonical":"https:\/\/fr.365yawm.ma\/index.php\/2024\/11\/04\/des-pluies-diluviennes-sabattent-sur-barcelone\/","og_locale":"fr_FR","og_type":"article","og_title":"DES PLUIES DILUVIENNES S'ABATTENT SUR BARCELONE - 365YAWM fran\u00e7ais","og_description":"La protection civile a envoy\u00e9 lundi un avertissement de pluies intenses aux habitants de Barcelone, Garraf et Baix Llobregat, en Catalogne, rapportent les m\u00e9dias espagnols. Le service m\u00e9t\u00e9orologique de Catalogne a diffus\u00e9 plusieurs avertissements de pluies intenses et de risque d\u2019inondation. Des pluies diluviennes en ce moment s&rsquo;abattent sur la capitale catalane.","og_url":"https:\/\/fr.365yawm.ma\/index.php\/2024\/11\/04\/des-pluies-diluviennes-sabattent-sur-barcelone\/","og_site_name":"365YAWM fran\u00e7ais","article_published_time":"2024-11-04T13:35:48+00:00","og_image":[{"width":810,"height":1440,"url":"https:\/\/fr.365yawm.ma\/wp-content\/uploads\/2024\/11\/1730726231695.jpg","type":"image\/jpeg"}],"author":"fra365yawm","twitter_card":"summary_large_image","twitter_misc":{"\u00c9crit par":"fra365yawm","Dur\u00e9e de lecture estim\u00e9e":"2 minutes"},"schema":{"@context":"https:\/\/schema.org","@graph":[{"@type":"Article","@id":"https:\/\/fr.365yawm.ma\/index.php\/2024\/11\/04\/des-pluies-diluviennes-sabattent-sur-barcelone\/#article","isPartOf":{"@id":"https:\/\/fr.365yawm.ma\/index.php\/2024\/11\/04\/des-pluies-diluviennes-sabattent-sur-barcelone\/"},"author":{"name":"fra365yawm","@id":"https:\/\/fr.365yawm.ma\/#\/schema\/person\/3ae7f285880cb2045c5b6a6925408e72"},"headline":"DES PLUIES DILUVIENNES S&rsquo;ABATTENT SUR BARCELONE","datePublished":"2024-11-04T13:35:48+00:00","mainEntityOfPage":{"@id":"https:\/\/fr.365yawm.ma\/index.php\/2024\/11\/04\/des-pluies-diluviennes-sabattent-sur-barcelone\/"},"wordCount":62,"commentCount":0,"publisher":{"@id":"https:\/\/fr.365yawm.ma\/#organization"},"image":{"@id":"https:\/\/fr.365yawm.ma\/index.php\/2024\/11\/04\/des-pluies-diluviennes-sabattent-sur-barcelone\/#primaryimage"},"thumbnailUrl":"https:\/\/fr.365yawm.ma\/wp-content\/uploads\/2024\/11\/1730726231695.jpg","inLanguage":"fr-FR","potentialAction":[{"@type":"CommentAction","name":"Comment","target":["https:\/\/fr.365yawm.ma\/index.php\/2024\/11\/04\/des-pluies-diluviennes-sabattent-sur-barcelone\/#respond"]}]},{"@type":"WebPage","@id":"https:\/\/fr.365yawm.ma\/index.php\/2024\/11\/04\/des-pluies-diluviennes-sabattent-sur-barcelone\/","url":"https:\/\/fr.365yawm.ma\/index.php\/2024\/11\/04\/des-pluies-diluviennes-sabattent-sur-barcelone\/","name":"DES PLUIES DILUVIENNES S'ABATTENT SUR BARCELONE - 365YAWM fran\u00e7ais","isPartOf":{"@id":"https:\/\/fr.365yawm.ma\/#website"},"primaryImageOfPage":{"@id":"https:\/\/fr.365yawm.ma\/index.php\/2024\/11\/04\/des-pluies-diluviennes-sabattent-sur-barcelone\/#primaryimage"},"image":{"@id":"https:\/\/fr.365yawm.ma\/index.php\/2024\/11\/04\/des-pluies-diluviennes-sabattent-sur-barcelone\/#primaryimage"},"thumbnailUrl":"https:\/\/fr.365yawm.ma\/wp-content\/uploads\/2024\/11\/1730726231695.jpg","datePublished":"2024-11-04T13:35:48+00:00","breadcrumb":{"@id":"https:\/\/fr.365yawm.ma\/index.php\/2024\/11\/04\/des-pluies-diluviennes-sabattent-sur-barcelone\/#breadcrumb"},"inLanguage":"fr-FR","potentialAction":[{"@type":"ReadAction","target":["https:\/\/fr.365yawm.ma\/index.php\/2024\/11\/04\/des-pluies-diluviennes-sabattent-sur-barcelone\/"]}]},{"@type":"ImageObject","inLanguage":"fr-FR","@id":"https:\/\/fr.365yawm.ma\/index.php\/2024\/11\/04\/des-pluies-diluviennes-sabattent-sur-barcelone\/#primaryimage","url":"https:\/\/fr.365yawm.ma\/wp-content\/uploads\/2024\/11\/1730726231695.jpg","contentUrl":"https:\/\/fr.365yawm.ma\/wp-content\/uploads\/2024\/11\/1730726231695.jpg","width":810,"height":1440},{"@type":"BreadcrumbList","@id":"https:\/\/fr.365yawm.ma\/index.php\/2024\/11\/04\/des-pluies-diluviennes-sabattent-sur-barcelone\/#breadcrumb","itemListElement":[{"@type":"ListItem","position":1,"name":"Accueil","item":"https:\/\/fr.365yawm.ma\/"},{"@type":"ListItem","position":2,"name":"DES PLUIES DILUVIENNES S&rsquo;ABATTENT SUR BARCELONE"}]},{"@type":"WebSite","@id":"https:\/\/fr.365yawm.ma\/#website","url":"https:\/\/fr.365yawm.ma\/","name":"365YAWM fran\u00e7ais","description":"","publisher":{"@id":"https:\/\/fr.365yawm.ma\/#organization"},"potentialAction":[{"@type":"SearchAction","target":{"@type":"EntryPoint","urlTemplate":"https:\/\/fr.365yawm.ma\/?s={search_term_string}"},"query-input":{"@type":"PropertyValueSpecification","valueRequired":true,"valueName":"search_term_string"}}],"inLanguage":"fr-FR"},{"@type":"Organization","@id":"https:\/\/fr.365yawm.ma\/#organization","name":"365 yawm","url":"https:\/\/fr.365yawm.ma\/","logo":{"@type":"ImageObject","inLanguage":"fr-FR","@id":"https:\/\/fr.365yawm.ma\/#\/schema\/logo\/image\/","url":"https:\/\/fr.365yawm.ma\/wp-content\/uploads\/2020\/04\/icon.png","contentUrl":"https:\/\/fr.365yawm.ma\/wp-content\/uploads\/2020\/04\/icon.png","width":512,"height":512,"caption":"365 yawm"},"image":{"@id":"https:\/\/fr.365yawm.ma\/#\/schema\/logo\/image\/"}},{"@type":"Person","@id":"https:\/\/fr.365yawm.ma\/#\/schema\/person\/3ae7f285880cb2045c5b6a6925408e72","name":"fra365yawm","image":{"@type":"ImageObject","inLanguage":"fr-FR","@id":"https:\/\/fr.365yawm.ma\/#\/schema\/person\/image\/","url":"https:\/\/secure.gravatar.com\/avatar\/825cebdd359775298a5648431701cf17d00fd4fbec76f488ebc15fbeb220aa3a?s=96&d=mm&r=g","contentUrl":"https:\/\/secure.gravatar.com\/avatar\/825cebdd359775298a5648431701cf17d00fd4fbec76f488ebc15fbeb220aa3a?s=96&d=mm&r=g","caption":"fra365yawm"},"sameAs":["https:\/\/fr.365yawm.ma"]}]}},"jetpack_featured_media_url":"https:\/\/fr.365yawm.ma\/wp-content\/uploads\/2024\/11\/1730726231695.jpg","jetpack_sharing_enabled":true,"_links":{"self":[{"href":"https:\/\/fr.365yawm.ma\/index.php\/wp-json\/wp\/v2\/posts\/4648","targetHints":{"allow":["GET"]}}],"collection":[{"href":"https:\/\/fr.365yawm.ma\/index.php\/wp-json\/wp\/v2\/posts"}],"about":[{"href":"https:\/\/fr.365yawm.ma\/index.php\/wp-json\/wp\/v2\/types\/post"}],"author":[{"embeddable":true,"href":"https:\/\/fr.365yawm.ma\/index.php\/wp-json\/wp\/v2\/users\/1"}],"replies":[{"embeddable":true,"href":"https:\/\/fr.365yawm.ma\/index.php\/wp-json\/wp\/v2\/comments?post=4648"}],"version-history":[{"count":1,"href":"https:\/\/fr.365yawm.ma\/index.php\/wp-json\/wp\/v2\/posts\/4648\/revisions"}],"predecessor-version":[{"id":4653,"href":"https:\/\/fr.365yawm.ma\/index.php\/wp-json\/wp\/v2\/posts\/4648\/revisions\/4653"}],"wp:featuredmedia":[{"embeddable":true,"href":"https:\/\/fr.365yawm.ma\/index.php\/wp-json\/wp\/v2\/media\/4649"}],"wp:attachment":[{"href":"https:\/\/fr.365yawm.ma\/index.php\/wp-json\/wp\/v2\/media?parent=4648"}],"wp:term":[{"taxonomy":"category","embeddable":true,"href":"https:\/\/fr.365yawm.ma\/index.php\/wp-json\/wp\/v2\/categories?post=4648"},{"taxonomy":"post_tag","embeddable":true,"href":"https:\/\/fr.365yawm.ma\/index.php\/wp-json\/wp\/v2\/tags?post=4648"}],"curies":[{"name":"wp","href":"https:\/\/api.w.org\/{rel}","templated":true}]}}