{"id":4629,"date":"2024-10-23T21:52:55","date_gmt":"2024-10-23T19:52:55","guid":{"rendered":"https:\/\/fr.365yawm.ma\/?p=4629"},"modified":"2024-10-23T21:52:55","modified_gmt":"2024-10-23T19:52:55","slug":"celebracion-del-75-aniversario-del-ie-severo-ochoa","status":"publish","type":"post","link":"https:\/\/fr.365yawm.ma\/index.php\/2024\/10\/23\/celebracion-del-75-aniversario-del-ie-severo-ochoa\/","title":{"rendered":"CELEBRACI\u00d3N DEL 75 ANIVERSARIO DEL IE SEVERO OCHOA"},"content":{"rendered":"<p><strong>Le prestigieux institut espagnol, Severo Ochoa, a c\u00e9l\u00e9br\u00e9 en grande pompe son 75\u00e8me anniversaire les 18 et 19 du mois en cours\u00a0<\/strong><\/p>\n<p>Une c\u00e9r\u00e9monie a \u00e9t\u00e9 organis\u00e9e \u00e0 cette occasion dans l\u2019enceinte de l&rsquo;\u00e9tablissement en pr\u00e9sence de SE la consule g\u00e9n\u00e9rale d&rsquo;Espagne \u00e0 Tanger, Do\u00f1a Aurora Diaz-Rato Revuelta, avec la participation de nombreuses personnalit\u00e9s, du corps enseignant et d\u2019anciens \u00e9l\u00e8ves du lyc\u00e9e, du conseiller de l&rsquo;\u00e9ducation \u00e0 l&rsquo;ambassade d&rsquo;Espagne \u00e0 Rabat, des membres de l&rsquo;inspection g\u00e9n\u00e9rale de Madrid qui ont pu admirer plusieurs prestations artistiques \u00e9labor\u00e9es par les \u00e9tudiants de cet \u00e9tablissement.<\/p>\n<p>Les phases de cette c\u00e9r\u00e9monie ont \u00e9t\u00e9 pr\u00e9sent\u00e9es avec beaucoup de maestria, dans un castillan impeccable , par l&rsquo;\u00e9l\u00e8ve Taoufik Youssef.<\/p>\n<p>Expositions, travaux artistiques, concerts musicaux, expos\u00e9s th\u00e9matiques et conf\u00e9rences ont \u00e9t\u00e9 organis\u00e9s en marge de ces journ\u00e9es. Des activit\u00e9s qui \u00a0t\u00e9moignent de la cr\u00e9ativit\u00e9 des \u00e9l\u00e8ves et du dynamisme de l\u2019\u00e9quipe p\u00e9dagogique.<\/p>\n<p><a href=\"https:\/\/fr.365yawm.ma\/wp-content\/uploads\/2024\/10\/IMG-20241018-WA0016.jpg\"><img loading=\"lazy\" decoding=\"async\" class=\"alignnone size-full wp-image-4631\" src=\"https:\/\/fr.365yawm.ma\/wp-content\/uploads\/2024\/10\/IMG-20241018-WA0016.jpg\" alt=\"\" width=\"2048\" height=\"1536\" srcset=\"https:\/\/fr.365yawm.ma\/wp-content\/uploads\/2024\/10\/IMG-20241018-WA0016.jpg 2048w, https:\/\/fr.365yawm.ma\/wp-content\/uploads\/2024\/10\/IMG-20241018-WA0016-300x225.jpg 300w, https:\/\/fr.365yawm.ma\/wp-content\/uploads\/2024\/10\/IMG-20241018-WA0016-1024x768.jpg 1024w, https:\/\/fr.365yawm.ma\/wp-content\/uploads\/2024\/10\/IMG-20241018-WA0016-768x576.jpg 768w, https:\/\/fr.365yawm.ma\/wp-content\/uploads\/2024\/10\/IMG-20241018-WA0016-1536x1152.jpg 1536w, https:\/\/fr.365yawm.ma\/wp-content\/uploads\/2024\/10\/IMG-20241018-WA0016-86x64.jpg 86w, https:\/\/fr.365yawm.ma\/wp-content\/uploads\/2024\/10\/IMG-20241018-WA0016-400x300.jpg 400w\" sizes=\"auto, (max-width: 2048px) 100vw, 2048px\" \/><\/a><\/p>\n<p><a href=\"https:\/\/fr.365yawm.ma\/wp-content\/uploads\/2024\/10\/464029472_1274169286925720_1205999915637739197_n.jpg\"><img loading=\"lazy\" decoding=\"async\" class=\"alignnone size-full wp-image-4632\" src=\"https:\/\/fr.365yawm.ma\/wp-content\/uploads\/2024\/10\/464029472_1274169286925720_1205999915637739197_n.jpg\" alt=\"\" width=\"2048\" height=\"1536\" srcset=\"https:\/\/fr.365yawm.ma\/wp-content\/uploads\/2024\/10\/464029472_1274169286925720_1205999915637739197_n.jpg 2048w, https:\/\/fr.365yawm.ma\/wp-content\/uploads\/2024\/10\/464029472_1274169286925720_1205999915637739197_n-300x225.jpg 300w, https:\/\/fr.365yawm.ma\/wp-content\/uploads\/2024\/10\/464029472_1274169286925720_1205999915637739197_n-1024x768.jpg 1024w, https:\/\/fr.365yawm.ma\/wp-content\/uploads\/2024\/10\/464029472_1274169286925720_1205999915637739197_n-768x576.jpg 768w, https:\/\/fr.365yawm.ma\/wp-content\/uploads\/2024\/10\/464029472_1274169286925720_1205999915637739197_n-1536x1152.jpg 1536w, https:\/\/fr.365yawm.ma\/wp-content\/uploads\/2024\/10\/464029472_1274169286925720_1205999915637739197_n-86x64.jpg 86w, https:\/\/fr.365yawm.ma\/wp-content\/uploads\/2024\/10\/464029472_1274169286925720_1205999915637739197_n-400x300.jpg 400w\" sizes=\"auto, (max-width: 2048px) 100vw, 2048px\" \/><\/a><\/p>\n","protected":false},"excerpt":{"rendered":"<p>Le prestigieux institut espagnol, Severo Ochoa, a c\u00e9l\u00e9br\u00e9 en grande pompe son 75\u00e8me anniversaire les 18 et 19 du mois en cours\u00a0 Une c\u00e9r\u00e9monie a \u00e9t\u00e9 organis\u00e9e \u00e0 cette occasion dans l\u2019enceinte de l&rsquo;\u00e9tablissement en pr\u00e9sence de SE la consule g\u00e9n\u00e9rale d&rsquo;Espagne \u00e0 Tanger, Do\u00f1a Aurora Diaz-Rato Revuelta, avec la participation de nombreuses personnalit\u00e9s, du [&hellip;]<\/p>\n","protected":false},"author":1,"featured_media":4630,"comment_status":"open","ping_status":"open","sticky":false,"template":"","format":"standard","meta":{"_bbp_topic_count":0,"_bbp_reply_count":0,"_bbp_total_topic_count":0,"_bbp_total_reply_count":0,"_bbp_voice_count":0,"_bbp_anonymous_reply_count":0,"_bbp_topic_count_hidden":0,"_bbp_reply_count_hidden":0,"_bbp_forum_subforum_count":0,"_jetpack_memberships_contains_paid_content":false,"footnotes":""},"categories":[66],"tags":[],"class_list":["post-4629","post","type-post","status-publish","format-standard","has-post-thumbnail","hentry","category-enseignement"],"yoast_head":"<!-- This site is optimized with the Yoast SEO plugin v24.9 - https:\/\/yoast.com\/wordpress\/plugins\/seo\/ -->\n<title>CELEBRACI\u00d3N DEL 75 ANIVERSARIO DEL IE SEVERO OCHOA - 365YAWM fran\u00e7ais<\/title>\n<meta name=\"robots\" content=\"index, follow, max-snippet:-1, max-image-preview:large, max-video-preview:-1\" \/>\n<link rel=\"canonical\" href=\"https:\/\/fr.365yawm.ma\/index.php\/2024\/10\/23\/celebracion-del-75-aniversario-del-ie-severo-ochoa\/\" \/>\n<meta property=\"og:locale\" content=\"fr_FR\" \/>\n<meta property=\"og:type\" content=\"article\" \/>\n<meta property=\"og:title\" content=\"CELEBRACI\u00d3N DEL 75 ANIVERSARIO DEL IE SEVERO OCHOA - 365YAWM fran\u00e7ais\" \/>\n<meta property=\"og:description\" content=\"Le prestigieux institut espagnol, Severo Ochoa, a c\u00e9l\u00e9br\u00e9 en grande pompe son 75\u00e8me anniversaire les 18 et 19 du mois en cours\u00a0 Une c\u00e9r\u00e9monie a \u00e9t\u00e9 organis\u00e9e \u00e0 cette occasion dans l\u2019enceinte de l&rsquo;\u00e9tablissement en pr\u00e9sence de SE la consule g\u00e9n\u00e9rale d&rsquo;Espagne \u00e0 Tanger, Do\u00f1a Aurora Diaz-Rato Revuelta, avec la participation de nombreuses personnalit\u00e9s, du [&hellip;]\" \/>\n<meta property=\"og:url\" content=\"https:\/\/fr.365yawm.ma\/index.php\/2024\/10\/23\/celebracion-del-75-aniversario-del-ie-severo-ochoa\/\" \/>\n<meta property=\"og:site_name\" content=\"365YAWM fran\u00e7ais\" \/>\n<meta property=\"article:published_time\" content=\"2024-10-23T19:52:55+00:00\" \/>\n<meta property=\"og:image\" content=\"https:\/\/fr.365yawm.ma\/wp-content\/uploads\/2024\/10\/IMG-20241023-WA0045.jpg\" \/>\n\t<meta property=\"og:image:width\" content=\"720\" \/>\n\t<meta property=\"og:image:height\" content=\"1280\" \/>\n\t<meta property=\"og:image:type\" content=\"image\/jpeg\" \/>\n<meta name=\"author\" content=\"fra365yawm\" \/>\n<meta name=\"twitter:card\" content=\"summary_large_image\" \/>\n<meta name=\"twitter:label1\" content=\"\u00c9crit par\" \/>\n\t<meta name=\"twitter:data1\" content=\"fra365yawm\" \/>\n\t<meta name=\"twitter:label2\" content=\"Dur\u00e9e de lecture estim\u00e9e\" \/>\n\t<meta name=\"twitter:data2\" content=\"2 minutes\" \/>\n<script type=\"application\/ld+json\" class=\"yoast-schema-graph\">{\"@context\":\"https:\/\/schema.org\",\"@graph\":[{\"@type\":\"Article\",\"@id\":\"https:\/\/fr.365yawm.ma\/index.php\/2024\/10\/23\/celebracion-del-75-aniversario-del-ie-severo-ochoa\/#article\",\"isPartOf\":{\"@id\":\"https:\/\/fr.365yawm.ma\/index.php\/2024\/10\/23\/celebracion-del-75-aniversario-del-ie-severo-ochoa\/\"},\"author\":{\"name\":\"fra365yawm\",\"@id\":\"https:\/\/fr.365yawm.ma\/#\/schema\/person\/3ae7f285880cb2045c5b6a6925408e72\"},\"headline\":\"CELEBRACI\u00d3N DEL 75 ANIVERSARIO DEL IE SEVERO OCHOA\",\"datePublished\":\"2024-10-23T19:52:55+00:00\",\"mainEntityOfPage\":{\"@id\":\"https:\/\/fr.365yawm.ma\/index.php\/2024\/10\/23\/celebracion-del-75-aniversario-del-ie-severo-ochoa\/\"},\"wordCount\":182,\"commentCount\":0,\"publisher\":{\"@id\":\"https:\/\/fr.365yawm.ma\/#organization\"},\"image\":{\"@id\":\"https:\/\/fr.365yawm.ma\/index.php\/2024\/10\/23\/celebracion-del-75-aniversario-del-ie-severo-ochoa\/#primaryimage\"},\"thumbnailUrl\":\"https:\/\/fr.365yawm.ma\/wp-content\/uploads\/2024\/10\/IMG-20241023-WA0045.jpg\",\"articleSection\":[\"Enseignement\"],\"inLanguage\":\"fr-FR\",\"potentialAction\":[{\"@type\":\"CommentAction\",\"name\":\"Comment\",\"target\":[\"https:\/\/fr.365yawm.ma\/index.php\/2024\/10\/23\/celebracion-del-75-aniversario-del-ie-severo-ochoa\/#respond\"]}]},{\"@type\":\"WebPage\",\"@id\":\"https:\/\/fr.365yawm.ma\/index.php\/2024\/10\/23\/celebracion-del-75-aniversario-del-ie-severo-ochoa\/\",\"url\":\"https:\/\/fr.365yawm.ma\/index.php\/2024\/10\/23\/celebracion-del-75-aniversario-del-ie-severo-ochoa\/\",\"name\":\"CELEBRACI\u00d3N DEL 75 ANIVERSARIO DEL IE SEVERO OCHOA - 365YAWM fran\u00e7ais\",\"isPartOf\":{\"@id\":\"https:\/\/fr.365yawm.ma\/#website\"},\"primaryImageOfPage\":{\"@id\":\"https:\/\/fr.365yawm.ma\/index.php\/2024\/10\/23\/celebracion-del-75-aniversario-del-ie-severo-ochoa\/#primaryimage\"},\"image\":{\"@id\":\"https:\/\/fr.365yawm.ma\/index.php\/2024\/10\/23\/celebracion-del-75-aniversario-del-ie-severo-ochoa\/#primaryimage\"},\"thumbnailUrl\":\"https:\/\/fr.365yawm.ma\/wp-content\/uploads\/2024\/10\/IMG-20241023-WA0045.jpg\",\"datePublished\":\"2024-10-23T19:52:55+00:00\",\"breadcrumb\":{\"@id\":\"https:\/\/fr.365yawm.ma\/index.php\/2024\/10\/23\/celebracion-del-75-aniversario-del-ie-severo-ochoa\/#breadcrumb\"},\"inLanguage\":\"fr-FR\",\"potentialAction\":[{\"@type\":\"ReadAction\",\"target\":[\"https:\/\/fr.365yawm.ma\/index.php\/2024\/10\/23\/celebracion-del-75-aniversario-del-ie-severo-ochoa\/\"]}]},{\"@type\":\"ImageObject\",\"inLanguage\":\"fr-FR\",\"@id\":\"https:\/\/fr.365yawm.ma\/index.php\/2024\/10\/23\/celebracion-del-75-aniversario-del-ie-severo-ochoa\/#primaryimage\",\"url\":\"https:\/\/fr.365yawm.ma\/wp-content\/uploads\/2024\/10\/IMG-20241023-WA0045.jpg\",\"contentUrl\":\"https:\/\/fr.365yawm.ma\/wp-content\/uploads\/2024\/10\/IMG-20241023-WA0045.jpg\",\"width\":720,\"height\":1280},{\"@type\":\"BreadcrumbList\",\"@id\":\"https:\/\/fr.365yawm.ma\/index.php\/2024\/10\/23\/celebracion-del-75-aniversario-del-ie-severo-ochoa\/#breadcrumb\",\"itemListElement\":[{\"@type\":\"ListItem\",\"position\":1,\"name\":\"Accueil\",\"item\":\"https:\/\/fr.365yawm.ma\/\"},{\"@type\":\"ListItem\",\"position\":2,\"name\":\"CELEBRACI\u00d3N DEL 75 ANIVERSARIO DEL IE SEVERO OCHOA\"}]},{\"@type\":\"WebSite\",\"@id\":\"https:\/\/fr.365yawm.ma\/#website\",\"url\":\"https:\/\/fr.365yawm.ma\/\",\"name\":\"365YAWM fran\u00e7ais\",\"description\":\"\",\"publisher\":{\"@id\":\"https:\/\/fr.365yawm.ma\/#organization\"},\"potentialAction\":[{\"@type\":\"SearchAction\",\"target\":{\"@type\":\"EntryPoint\",\"urlTemplate\":\"https:\/\/fr.365yawm.ma\/?s={search_term_string}\"},\"query-input\":{\"@type\":\"PropertyValueSpecification\",\"valueRequired\":true,\"valueName\":\"search_term_string\"}}],\"inLanguage\":\"fr-FR\"},{\"@type\":\"Organization\",\"@id\":\"https:\/\/fr.365yawm.ma\/#organization\",\"name\":\"365 yawm\",\"url\":\"https:\/\/fr.365yawm.ma\/\",\"logo\":{\"@type\":\"ImageObject\",\"inLanguage\":\"fr-FR\",\"@id\":\"https:\/\/fr.365yawm.ma\/#\/schema\/logo\/image\/\",\"url\":\"https:\/\/fr.365yawm.ma\/wp-content\/uploads\/2020\/04\/icon.png\",\"contentUrl\":\"https:\/\/fr.365yawm.ma\/wp-content\/uploads\/2020\/04\/icon.png\",\"width\":512,\"height\":512,\"caption\":\"365 yawm\"},\"image\":{\"@id\":\"https:\/\/fr.365yawm.ma\/#\/schema\/logo\/image\/\"}},{\"@type\":\"Person\",\"@id\":\"https:\/\/fr.365yawm.ma\/#\/schema\/person\/3ae7f285880cb2045c5b6a6925408e72\",\"name\":\"fra365yawm\",\"image\":{\"@type\":\"ImageObject\",\"inLanguage\":\"fr-FR\",\"@id\":\"https:\/\/fr.365yawm.ma\/#\/schema\/person\/image\/\",\"url\":\"https:\/\/secure.gravatar.com\/avatar\/825cebdd359775298a5648431701cf17d00fd4fbec76f488ebc15fbeb220aa3a?s=96&d=mm&r=g\",\"contentUrl\":\"https:\/\/secure.gravatar.com\/avatar\/825cebdd359775298a5648431701cf17d00fd4fbec76f488ebc15fbeb220aa3a?s=96&d=mm&r=g\",\"caption\":\"fra365yawm\"},\"sameAs\":[\"https:\/\/fr.365yawm.ma\"]}]}<\/script>\n<!-- \/ Yoast SEO plugin. -->","yoast_head_json":{"title":"CELEBRACI\u00d3N DEL 75 ANIVERSARIO DEL IE SEVERO OCHOA - 365YAWM fran\u00e7ais","robots":{"index":"index","follow":"follow","max-snippet":"max-snippet:-1","max-image-preview":"max-image-preview:large","max-video-preview":"max-video-preview:-1"},"canonical":"https:\/\/fr.365yawm.ma\/index.php\/2024\/10\/23\/celebracion-del-75-aniversario-del-ie-severo-ochoa\/","og_locale":"fr_FR","og_type":"article","og_title":"CELEBRACI\u00d3N DEL 75 ANIVERSARIO DEL IE SEVERO OCHOA - 365YAWM fran\u00e7ais","og_description":"Le prestigieux institut espagnol, Severo Ochoa, a c\u00e9l\u00e9br\u00e9 en grande pompe son 75\u00e8me anniversaire les 18 et 19 du mois en cours\u00a0 Une c\u00e9r\u00e9monie a \u00e9t\u00e9 organis\u00e9e \u00e0 cette occasion dans l\u2019enceinte de l&rsquo;\u00e9tablissement en pr\u00e9sence de SE la consule g\u00e9n\u00e9rale d&rsquo;Espagne \u00e0 Tanger, Do\u00f1a Aurora Diaz-Rato Revuelta, avec la participation de nombreuses personnalit\u00e9s, du [&hellip;]","og_url":"https:\/\/fr.365yawm.ma\/index.php\/2024\/10\/23\/celebracion-del-75-aniversario-del-ie-severo-ochoa\/","og_site_name":"365YAWM fran\u00e7ais","article_published_time":"2024-10-23T19:52:55+00:00","og_image":[{"width":720,"height":1280,"url":"https:\/\/fr.365yawm.ma\/wp-content\/uploads\/2024\/10\/IMG-20241023-WA0045.jpg","type":"image\/jpeg"}],"author":"fra365yawm","twitter_card":"summary_large_image","twitter_misc":{"\u00c9crit par":"fra365yawm","Dur\u00e9e de lecture estim\u00e9e":"2 minutes"},"schema":{"@context":"https:\/\/schema.org","@graph":[{"@type":"Article","@id":"https:\/\/fr.365yawm.ma\/index.php\/2024\/10\/23\/celebracion-del-75-aniversario-del-ie-severo-ochoa\/#article","isPartOf":{"@id":"https:\/\/fr.365yawm.ma\/index.php\/2024\/10\/23\/celebracion-del-75-aniversario-del-ie-severo-ochoa\/"},"author":{"name":"fra365yawm","@id":"https:\/\/fr.365yawm.ma\/#\/schema\/person\/3ae7f285880cb2045c5b6a6925408e72"},"headline":"CELEBRACI\u00d3N DEL 75 ANIVERSARIO DEL IE SEVERO OCHOA","datePublished":"2024-10-23T19:52:55+00:00","mainEntityOfPage":{"@id":"https:\/\/fr.365yawm.ma\/index.php\/2024\/10\/23\/celebracion-del-75-aniversario-del-ie-severo-ochoa\/"},"wordCount":182,"commentCount":0,"publisher":{"@id":"https:\/\/fr.365yawm.ma\/#organization"},"image":{"@id":"https:\/\/fr.365yawm.ma\/index.php\/2024\/10\/23\/celebracion-del-75-aniversario-del-ie-severo-ochoa\/#primaryimage"},"thumbnailUrl":"https:\/\/fr.365yawm.ma\/wp-content\/uploads\/2024\/10\/IMG-20241023-WA0045.jpg","articleSection":["Enseignement"],"inLanguage":"fr-FR","potentialAction":[{"@type":"CommentAction","name":"Comment","target":["https:\/\/fr.365yawm.ma\/index.php\/2024\/10\/23\/celebracion-del-75-aniversario-del-ie-severo-ochoa\/#respond"]}]},{"@type":"WebPage","@id":"https:\/\/fr.365yawm.ma\/index.php\/2024\/10\/23\/celebracion-del-75-aniversario-del-ie-severo-ochoa\/","url":"https:\/\/fr.365yawm.ma\/index.php\/2024\/10\/23\/celebracion-del-75-aniversario-del-ie-severo-ochoa\/","name":"CELEBRACI\u00d3N DEL 75 ANIVERSARIO DEL IE SEVERO OCHOA - 365YAWM fran\u00e7ais","isPartOf":{"@id":"https:\/\/fr.365yawm.ma\/#website"},"primaryImageOfPage":{"@id":"https:\/\/fr.365yawm.ma\/index.php\/2024\/10\/23\/celebracion-del-75-aniversario-del-ie-severo-ochoa\/#primaryimage"},"image":{"@id":"https:\/\/fr.365yawm.ma\/index.php\/2024\/10\/23\/celebracion-del-75-aniversario-del-ie-severo-ochoa\/#primaryimage"},"thumbnailUrl":"https:\/\/fr.365yawm.ma\/wp-content\/uploads\/2024\/10\/IMG-20241023-WA0045.jpg","datePublished":"2024-10-23T19:52:55+00:00","breadcrumb":{"@id":"https:\/\/fr.365yawm.ma\/index.php\/2024\/10\/23\/celebracion-del-75-aniversario-del-ie-severo-ochoa\/#breadcrumb"},"inLanguage":"fr-FR","potentialAction":[{"@type":"ReadAction","target":["https:\/\/fr.365yawm.ma\/index.php\/2024\/10\/23\/celebracion-del-75-aniversario-del-ie-severo-ochoa\/"]}]},{"@type":"ImageObject","inLanguage":"fr-FR","@id":"https:\/\/fr.365yawm.ma\/index.php\/2024\/10\/23\/celebracion-del-75-aniversario-del-ie-severo-ochoa\/#primaryimage","url":"https:\/\/fr.365yawm.ma\/wp-content\/uploads\/2024\/10\/IMG-20241023-WA0045.jpg","contentUrl":"https:\/\/fr.365yawm.ma\/wp-content\/uploads\/2024\/10\/IMG-20241023-WA0045.jpg","width":720,"height":1280},{"@type":"BreadcrumbList","@id":"https:\/\/fr.365yawm.ma\/index.php\/2024\/10\/23\/celebracion-del-75-aniversario-del-ie-severo-ochoa\/#breadcrumb","itemListElement":[{"@type":"ListItem","position":1,"name":"Accueil","item":"https:\/\/fr.365yawm.ma\/"},{"@type":"ListItem","position":2,"name":"CELEBRACI\u00d3N DEL 75 ANIVERSARIO DEL IE SEVERO OCHOA"}]},{"@type":"WebSite","@id":"https:\/\/fr.365yawm.ma\/#website","url":"https:\/\/fr.365yawm.ma\/","name":"365YAWM fran\u00e7ais","description":"","publisher":{"@id":"https:\/\/fr.365yawm.ma\/#organization"},"potentialAction":[{"@type":"SearchAction","target":{"@type":"EntryPoint","urlTemplate":"https:\/\/fr.365yawm.ma\/?s={search_term_string}"},"query-input":{"@type":"PropertyValueSpecification","valueRequired":true,"valueName":"search_term_string"}}],"inLanguage":"fr-FR"},{"@type":"Organization","@id":"https:\/\/fr.365yawm.ma\/#organization","name":"365 yawm","url":"https:\/\/fr.365yawm.ma\/","logo":{"@type":"ImageObject","inLanguage":"fr-FR","@id":"https:\/\/fr.365yawm.ma\/#\/schema\/logo\/image\/","url":"https:\/\/fr.365yawm.ma\/wp-content\/uploads\/2020\/04\/icon.png","contentUrl":"https:\/\/fr.365yawm.ma\/wp-content\/uploads\/2020\/04\/icon.png","width":512,"height":512,"caption":"365 yawm"},"image":{"@id":"https:\/\/fr.365yawm.ma\/#\/schema\/logo\/image\/"}},{"@type":"Person","@id":"https:\/\/fr.365yawm.ma\/#\/schema\/person\/3ae7f285880cb2045c5b6a6925408e72","name":"fra365yawm","image":{"@type":"ImageObject","inLanguage":"fr-FR","@id":"https:\/\/fr.365yawm.ma\/#\/schema\/person\/image\/","url":"https:\/\/secure.gravatar.com\/avatar\/825cebdd359775298a5648431701cf17d00fd4fbec76f488ebc15fbeb220aa3a?s=96&d=mm&r=g","contentUrl":"https:\/\/secure.gravatar.com\/avatar\/825cebdd359775298a5648431701cf17d00fd4fbec76f488ebc15fbeb220aa3a?s=96&d=mm&r=g","caption":"fra365yawm"},"sameAs":["https:\/\/fr.365yawm.ma"]}]}},"jetpack_featured_media_url":"https:\/\/fr.365yawm.ma\/wp-content\/uploads\/2024\/10\/IMG-20241023-WA0045.jpg","jetpack_sharing_enabled":true,"_links":{"self":[{"href":"https:\/\/fr.365yawm.ma\/index.php\/wp-json\/wp\/v2\/posts\/4629","targetHints":{"allow":["GET"]}}],"collection":[{"href":"https:\/\/fr.365yawm.ma\/index.php\/wp-json\/wp\/v2\/posts"}],"about":[{"href":"https:\/\/fr.365yawm.ma\/index.php\/wp-json\/wp\/v2\/types\/post"}],"author":[{"embeddable":true,"href":"https:\/\/fr.365yawm.ma\/index.php\/wp-json\/wp\/v2\/users\/1"}],"replies":[{"embeddable":true,"href":"https:\/\/fr.365yawm.ma\/index.php\/wp-json\/wp\/v2\/comments?post=4629"}],"version-history":[{"count":1,"href":"https:\/\/fr.365yawm.ma\/index.php\/wp-json\/wp\/v2\/posts\/4629\/revisions"}],"predecessor-version":[{"id":4633,"href":"https:\/\/fr.365yawm.ma\/index.php\/wp-json\/wp\/v2\/posts\/4629\/revisions\/4633"}],"wp:featuredmedia":[{"embeddable":true,"href":"https:\/\/fr.365yawm.ma\/index.php\/wp-json\/wp\/v2\/media\/4630"}],"wp:attachment":[{"href":"https:\/\/fr.365yawm.ma\/index.php\/wp-json\/wp\/v2\/media?parent=4629"}],"wp:term":[{"taxonomy":"category","embeddable":true,"href":"https:\/\/fr.365yawm.ma\/index.php\/wp-json\/wp\/v2\/categories?post=4629"},{"taxonomy":"post_tag","embeddable":true,"href":"https:\/\/fr.365yawm.ma\/index.php\/wp-json\/wp\/v2\/tags?post=4629"}],"curies":[{"name":"wp","href":"https:\/\/api.w.org\/{rel}","templated":true}]}}