{"id":4613,"date":"2024-10-15T21:44:56","date_gmt":"2024-10-15T19:44:56","guid":{"rendered":"https:\/\/fr.365yawm.ma\/?p=4613"},"modified":"2024-10-15T21:44:56","modified_gmt":"2024-10-15T19:44:56","slug":"aziz-amri-au-chevet-du-moghreb-de-tetouan","status":"publish","type":"post","link":"https:\/\/fr.365yawm.ma\/index.php\/2024\/10\/15\/aziz-amri-au-chevet-du-moghreb-de-tetouan\/","title":{"rendered":"AZIZ AMRI AU CHEVET DU MOGHREB DE T\u00c9TOUAN"},"content":{"rendered":"<p><strong>Le Moghreb de T\u00e9touan a pr\u00e9sent\u00e9, ce mardi 15 octobre,son nouvel entra\u00eeneur, Aziz Amri, succ\u00e9dant au croate Dalibor Starcevic cong\u00e9di\u00e9 moins de deux mois apr\u00e8s sa nomination \u00e0 la t\u00eate du staff technique.<\/strong><\/p>\n<p>Aziz Amri, auteur d&rsquo;une \u00e9pop\u00e9e exceptionnelle avec les Roji-blancos, couronn\u00e9e de deux titres de championnat Pro, sera assist\u00e9 de Mohammed Lekhal.<\/p>\n<p>Amri disposera de toutes les pr\u00e9rogatives techniques pour former une \u00e9quipe comp\u00e9titive capable de renouer avec les victoires.<\/p>\n<p>&nbsp;<\/p>\n","protected":false},"excerpt":{"rendered":"<p>Le Moghreb de T\u00e9touan a pr\u00e9sent\u00e9, ce mardi 15 octobre,son nouvel entra\u00eeneur, Aziz Amri, succ\u00e9dant au croate Dalibor Starcevic cong\u00e9di\u00e9 moins de deux mois apr\u00e8s sa nomination \u00e0 la t\u00eate du staff technique. Aziz Amri, auteur d&rsquo;une \u00e9pop\u00e9e exceptionnelle avec les Roji-blancos, couronn\u00e9e de deux titres de championnat Pro, sera assist\u00e9 de Mohammed Lekhal. Amri [&hellip;]<\/p>\n","protected":false},"author":1,"featured_media":4615,"comment_status":"open","ping_status":"open","sticky":false,"template":"","format":"standard","meta":{"_bbp_topic_count":0,"_bbp_reply_count":0,"_bbp_total_topic_count":0,"_bbp_total_reply_count":0,"_bbp_voice_count":0,"_bbp_anonymous_reply_count":0,"_bbp_topic_count_hidden":0,"_bbp_reply_count_hidden":0,"_bbp_forum_subforum_count":0,"_jetpack_memberships_contains_paid_content":false,"footnotes":""},"categories":[28],"tags":[],"class_list":["post-4613","post","type-post","status-publish","format-standard","has-post-thumbnail","hentry","category-sport"],"yoast_head":"<!-- This site is optimized with the Yoast SEO plugin v24.9 - https:\/\/yoast.com\/wordpress\/plugins\/seo\/ -->\n<title>AZIZ AMRI AU CHEVET DU MOGHREB DE T\u00c9TOUAN - 365YAWM fran\u00e7ais<\/title>\n<meta name=\"robots\" content=\"index, follow, max-snippet:-1, max-image-preview:large, max-video-preview:-1\" \/>\n<link rel=\"canonical\" href=\"https:\/\/fr.365yawm.ma\/index.php\/2024\/10\/15\/aziz-amri-au-chevet-du-moghreb-de-tetouan\/\" \/>\n<meta property=\"og:locale\" content=\"fr_FR\" \/>\n<meta property=\"og:type\" content=\"article\" \/>\n<meta property=\"og:title\" content=\"AZIZ AMRI AU CHEVET DU MOGHREB DE T\u00c9TOUAN - 365YAWM fran\u00e7ais\" \/>\n<meta property=\"og:description\" content=\"Le Moghreb de T\u00e9touan a pr\u00e9sent\u00e9, ce mardi 15 octobre,son nouvel entra\u00eeneur, Aziz Amri, succ\u00e9dant au croate Dalibor Starcevic cong\u00e9di\u00e9 moins de deux mois apr\u00e8s sa nomination \u00e0 la t\u00eate du staff technique. Aziz Amri, auteur d&rsquo;une \u00e9pop\u00e9e exceptionnelle avec les Roji-blancos, couronn\u00e9e de deux titres de championnat Pro, sera assist\u00e9 de Mohammed Lekhal. Amri [&hellip;]\" \/>\n<meta property=\"og:url\" content=\"https:\/\/fr.365yawm.ma\/index.php\/2024\/10\/15\/aziz-amri-au-chevet-du-moghreb-de-tetouan\/\" \/>\n<meta property=\"og:site_name\" content=\"365YAWM fran\u00e7ais\" \/>\n<meta property=\"article:published_time\" content=\"2024-10-15T19:44:56+00:00\" \/>\n<meta property=\"og:image\" content=\"https:\/\/fr.365yawm.ma\/wp-content\/uploads\/2024\/10\/1729020141777.jpg\" \/>\n\t<meta property=\"og:image:width\" content=\"960\" \/>\n\t<meta property=\"og:image:height\" content=\"1280\" \/>\n\t<meta property=\"og:image:type\" content=\"image\/jpeg\" \/>\n<meta name=\"author\" content=\"fra365yawm\" \/>\n<meta name=\"twitter:card\" content=\"summary_large_image\" \/>\n<meta name=\"twitter:label1\" content=\"\u00c9crit par\" \/>\n\t<meta name=\"twitter:data1\" content=\"fra365yawm\" \/>\n\t<meta name=\"twitter:label2\" content=\"Dur\u00e9e de lecture estim\u00e9e\" \/>\n\t<meta name=\"twitter:data2\" content=\"1 minute\" \/>\n<script type=\"application\/ld+json\" class=\"yoast-schema-graph\">{\"@context\":\"https:\/\/schema.org\",\"@graph\":[{\"@type\":\"Article\",\"@id\":\"https:\/\/fr.365yawm.ma\/index.php\/2024\/10\/15\/aziz-amri-au-chevet-du-moghreb-de-tetouan\/#article\",\"isPartOf\":{\"@id\":\"https:\/\/fr.365yawm.ma\/index.php\/2024\/10\/15\/aziz-amri-au-chevet-du-moghreb-de-tetouan\/\"},\"author\":{\"name\":\"fra365yawm\",\"@id\":\"https:\/\/fr.365yawm.ma\/#\/schema\/person\/3ae7f285880cb2045c5b6a6925408e72\"},\"headline\":\"AZIZ AMRI AU CHEVET DU MOGHREB DE T\u00c9TOUAN\",\"datePublished\":\"2024-10-15T19:44:56+00:00\",\"mainEntityOfPage\":{\"@id\":\"https:\/\/fr.365yawm.ma\/index.php\/2024\/10\/15\/aziz-amri-au-chevet-du-moghreb-de-tetouan\/\"},\"wordCount\":92,\"commentCount\":0,\"publisher\":{\"@id\":\"https:\/\/fr.365yawm.ma\/#organization\"},\"image\":{\"@id\":\"https:\/\/fr.365yawm.ma\/index.php\/2024\/10\/15\/aziz-amri-au-chevet-du-moghreb-de-tetouan\/#primaryimage\"},\"thumbnailUrl\":\"https:\/\/fr.365yawm.ma\/wp-content\/uploads\/2024\/10\/1729020141777.jpg\",\"articleSection\":[\"Sport\"],\"inLanguage\":\"fr-FR\",\"potentialAction\":[{\"@type\":\"CommentAction\",\"name\":\"Comment\",\"target\":[\"https:\/\/fr.365yawm.ma\/index.php\/2024\/10\/15\/aziz-amri-au-chevet-du-moghreb-de-tetouan\/#respond\"]}]},{\"@type\":\"WebPage\",\"@id\":\"https:\/\/fr.365yawm.ma\/index.php\/2024\/10\/15\/aziz-amri-au-chevet-du-moghreb-de-tetouan\/\",\"url\":\"https:\/\/fr.365yawm.ma\/index.php\/2024\/10\/15\/aziz-amri-au-chevet-du-moghreb-de-tetouan\/\",\"name\":\"AZIZ AMRI AU CHEVET DU MOGHREB DE T\u00c9TOUAN - 365YAWM fran\u00e7ais\",\"isPartOf\":{\"@id\":\"https:\/\/fr.365yawm.ma\/#website\"},\"primaryImageOfPage\":{\"@id\":\"https:\/\/fr.365yawm.ma\/index.php\/2024\/10\/15\/aziz-amri-au-chevet-du-moghreb-de-tetouan\/#primaryimage\"},\"image\":{\"@id\":\"https:\/\/fr.365yawm.ma\/index.php\/2024\/10\/15\/aziz-amri-au-chevet-du-moghreb-de-tetouan\/#primaryimage\"},\"thumbnailUrl\":\"https:\/\/fr.365yawm.ma\/wp-content\/uploads\/2024\/10\/1729020141777.jpg\",\"datePublished\":\"2024-10-15T19:44:56+00:00\",\"breadcrumb\":{\"@id\":\"https:\/\/fr.365yawm.ma\/index.php\/2024\/10\/15\/aziz-amri-au-chevet-du-moghreb-de-tetouan\/#breadcrumb\"},\"inLanguage\":\"fr-FR\",\"potentialAction\":[{\"@type\":\"ReadAction\",\"target\":[\"https:\/\/fr.365yawm.ma\/index.php\/2024\/10\/15\/aziz-amri-au-chevet-du-moghreb-de-tetouan\/\"]}]},{\"@type\":\"ImageObject\",\"inLanguage\":\"fr-FR\",\"@id\":\"https:\/\/fr.365yawm.ma\/index.php\/2024\/10\/15\/aziz-amri-au-chevet-du-moghreb-de-tetouan\/#primaryimage\",\"url\":\"https:\/\/fr.365yawm.ma\/wp-content\/uploads\/2024\/10\/1729020141777.jpg\",\"contentUrl\":\"https:\/\/fr.365yawm.ma\/wp-content\/uploads\/2024\/10\/1729020141777.jpg\",\"width\":960,\"height\":1280},{\"@type\":\"BreadcrumbList\",\"@id\":\"https:\/\/fr.365yawm.ma\/index.php\/2024\/10\/15\/aziz-amri-au-chevet-du-moghreb-de-tetouan\/#breadcrumb\",\"itemListElement\":[{\"@type\":\"ListItem\",\"position\":1,\"name\":\"Accueil\",\"item\":\"https:\/\/fr.365yawm.ma\/\"},{\"@type\":\"ListItem\",\"position\":2,\"name\":\"AZIZ AMRI AU CHEVET DU MOGHREB DE T\u00c9TOUAN\"}]},{\"@type\":\"WebSite\",\"@id\":\"https:\/\/fr.365yawm.ma\/#website\",\"url\":\"https:\/\/fr.365yawm.ma\/\",\"name\":\"365YAWM fran\u00e7ais\",\"description\":\"\",\"publisher\":{\"@id\":\"https:\/\/fr.365yawm.ma\/#organization\"},\"potentialAction\":[{\"@type\":\"SearchAction\",\"target\":{\"@type\":\"EntryPoint\",\"urlTemplate\":\"https:\/\/fr.365yawm.ma\/?s={search_term_string}\"},\"query-input\":{\"@type\":\"PropertyValueSpecification\",\"valueRequired\":true,\"valueName\":\"search_term_string\"}}],\"inLanguage\":\"fr-FR\"},{\"@type\":\"Organization\",\"@id\":\"https:\/\/fr.365yawm.ma\/#organization\",\"name\":\"365 yawm\",\"url\":\"https:\/\/fr.365yawm.ma\/\",\"logo\":{\"@type\":\"ImageObject\",\"inLanguage\":\"fr-FR\",\"@id\":\"https:\/\/fr.365yawm.ma\/#\/schema\/logo\/image\/\",\"url\":\"https:\/\/fr.365yawm.ma\/wp-content\/uploads\/2020\/04\/icon.png\",\"contentUrl\":\"https:\/\/fr.365yawm.ma\/wp-content\/uploads\/2020\/04\/icon.png\",\"width\":512,\"height\":512,\"caption\":\"365 yawm\"},\"image\":{\"@id\":\"https:\/\/fr.365yawm.ma\/#\/schema\/logo\/image\/\"}},{\"@type\":\"Person\",\"@id\":\"https:\/\/fr.365yawm.ma\/#\/schema\/person\/3ae7f285880cb2045c5b6a6925408e72\",\"name\":\"fra365yawm\",\"image\":{\"@type\":\"ImageObject\",\"inLanguage\":\"fr-FR\",\"@id\":\"https:\/\/fr.365yawm.ma\/#\/schema\/person\/image\/\",\"url\":\"https:\/\/secure.gravatar.com\/avatar\/825cebdd359775298a5648431701cf17d00fd4fbec76f488ebc15fbeb220aa3a?s=96&d=mm&r=g\",\"contentUrl\":\"https:\/\/secure.gravatar.com\/avatar\/825cebdd359775298a5648431701cf17d00fd4fbec76f488ebc15fbeb220aa3a?s=96&d=mm&r=g\",\"caption\":\"fra365yawm\"},\"sameAs\":[\"https:\/\/fr.365yawm.ma\"]}]}<\/script>\n<!-- \/ Yoast SEO plugin. -->","yoast_head_json":{"title":"AZIZ AMRI AU CHEVET DU MOGHREB DE T\u00c9TOUAN - 365YAWM fran\u00e7ais","robots":{"index":"index","follow":"follow","max-snippet":"max-snippet:-1","max-image-preview":"max-image-preview:large","max-video-preview":"max-video-preview:-1"},"canonical":"https:\/\/fr.365yawm.ma\/index.php\/2024\/10\/15\/aziz-amri-au-chevet-du-moghreb-de-tetouan\/","og_locale":"fr_FR","og_type":"article","og_title":"AZIZ AMRI AU CHEVET DU MOGHREB DE T\u00c9TOUAN - 365YAWM fran\u00e7ais","og_description":"Le Moghreb de T\u00e9touan a pr\u00e9sent\u00e9, ce mardi 15 octobre,son nouvel entra\u00eeneur, Aziz Amri, succ\u00e9dant au croate Dalibor Starcevic cong\u00e9di\u00e9 moins de deux mois apr\u00e8s sa nomination \u00e0 la t\u00eate du staff technique. Aziz Amri, auteur d&rsquo;une \u00e9pop\u00e9e exceptionnelle avec les Roji-blancos, couronn\u00e9e de deux titres de championnat Pro, sera assist\u00e9 de Mohammed Lekhal. Amri [&hellip;]","og_url":"https:\/\/fr.365yawm.ma\/index.php\/2024\/10\/15\/aziz-amri-au-chevet-du-moghreb-de-tetouan\/","og_site_name":"365YAWM fran\u00e7ais","article_published_time":"2024-10-15T19:44:56+00:00","og_image":[{"width":960,"height":1280,"url":"https:\/\/fr.365yawm.ma\/wp-content\/uploads\/2024\/10\/1729020141777.jpg","type":"image\/jpeg"}],"author":"fra365yawm","twitter_card":"summary_large_image","twitter_misc":{"\u00c9crit par":"fra365yawm","Dur\u00e9e de lecture estim\u00e9e":"1 minute"},"schema":{"@context":"https:\/\/schema.org","@graph":[{"@type":"Article","@id":"https:\/\/fr.365yawm.ma\/index.php\/2024\/10\/15\/aziz-amri-au-chevet-du-moghreb-de-tetouan\/#article","isPartOf":{"@id":"https:\/\/fr.365yawm.ma\/index.php\/2024\/10\/15\/aziz-amri-au-chevet-du-moghreb-de-tetouan\/"},"author":{"name":"fra365yawm","@id":"https:\/\/fr.365yawm.ma\/#\/schema\/person\/3ae7f285880cb2045c5b6a6925408e72"},"headline":"AZIZ AMRI AU CHEVET DU MOGHREB DE T\u00c9TOUAN","datePublished":"2024-10-15T19:44:56+00:00","mainEntityOfPage":{"@id":"https:\/\/fr.365yawm.ma\/index.php\/2024\/10\/15\/aziz-amri-au-chevet-du-moghreb-de-tetouan\/"},"wordCount":92,"commentCount":0,"publisher":{"@id":"https:\/\/fr.365yawm.ma\/#organization"},"image":{"@id":"https:\/\/fr.365yawm.ma\/index.php\/2024\/10\/15\/aziz-amri-au-chevet-du-moghreb-de-tetouan\/#primaryimage"},"thumbnailUrl":"https:\/\/fr.365yawm.ma\/wp-content\/uploads\/2024\/10\/1729020141777.jpg","articleSection":["Sport"],"inLanguage":"fr-FR","potentialAction":[{"@type":"CommentAction","name":"Comment","target":["https:\/\/fr.365yawm.ma\/index.php\/2024\/10\/15\/aziz-amri-au-chevet-du-moghreb-de-tetouan\/#respond"]}]},{"@type":"WebPage","@id":"https:\/\/fr.365yawm.ma\/index.php\/2024\/10\/15\/aziz-amri-au-chevet-du-moghreb-de-tetouan\/","url":"https:\/\/fr.365yawm.ma\/index.php\/2024\/10\/15\/aziz-amri-au-chevet-du-moghreb-de-tetouan\/","name":"AZIZ AMRI AU CHEVET DU MOGHREB DE T\u00c9TOUAN - 365YAWM fran\u00e7ais","isPartOf":{"@id":"https:\/\/fr.365yawm.ma\/#website"},"primaryImageOfPage":{"@id":"https:\/\/fr.365yawm.ma\/index.php\/2024\/10\/15\/aziz-amri-au-chevet-du-moghreb-de-tetouan\/#primaryimage"},"image":{"@id":"https:\/\/fr.365yawm.ma\/index.php\/2024\/10\/15\/aziz-amri-au-chevet-du-moghreb-de-tetouan\/#primaryimage"},"thumbnailUrl":"https:\/\/fr.365yawm.ma\/wp-content\/uploads\/2024\/10\/1729020141777.jpg","datePublished":"2024-10-15T19:44:56+00:00","breadcrumb":{"@id":"https:\/\/fr.365yawm.ma\/index.php\/2024\/10\/15\/aziz-amri-au-chevet-du-moghreb-de-tetouan\/#breadcrumb"},"inLanguage":"fr-FR","potentialAction":[{"@type":"ReadAction","target":["https:\/\/fr.365yawm.ma\/index.php\/2024\/10\/15\/aziz-amri-au-chevet-du-moghreb-de-tetouan\/"]}]},{"@type":"ImageObject","inLanguage":"fr-FR","@id":"https:\/\/fr.365yawm.ma\/index.php\/2024\/10\/15\/aziz-amri-au-chevet-du-moghreb-de-tetouan\/#primaryimage","url":"https:\/\/fr.365yawm.ma\/wp-content\/uploads\/2024\/10\/1729020141777.jpg","contentUrl":"https:\/\/fr.365yawm.ma\/wp-content\/uploads\/2024\/10\/1729020141777.jpg","width":960,"height":1280},{"@type":"BreadcrumbList","@id":"https:\/\/fr.365yawm.ma\/index.php\/2024\/10\/15\/aziz-amri-au-chevet-du-moghreb-de-tetouan\/#breadcrumb","itemListElement":[{"@type":"ListItem","position":1,"name":"Accueil","item":"https:\/\/fr.365yawm.ma\/"},{"@type":"ListItem","position":2,"name":"AZIZ AMRI AU CHEVET DU MOGHREB DE T\u00c9TOUAN"}]},{"@type":"WebSite","@id":"https:\/\/fr.365yawm.ma\/#website","url":"https:\/\/fr.365yawm.ma\/","name":"365YAWM fran\u00e7ais","description":"","publisher":{"@id":"https:\/\/fr.365yawm.ma\/#organization"},"potentialAction":[{"@type":"SearchAction","target":{"@type":"EntryPoint","urlTemplate":"https:\/\/fr.365yawm.ma\/?s={search_term_string}"},"query-input":{"@type":"PropertyValueSpecification","valueRequired":true,"valueName":"search_term_string"}}],"inLanguage":"fr-FR"},{"@type":"Organization","@id":"https:\/\/fr.365yawm.ma\/#organization","name":"365 yawm","url":"https:\/\/fr.365yawm.ma\/","logo":{"@type":"ImageObject","inLanguage":"fr-FR","@id":"https:\/\/fr.365yawm.ma\/#\/schema\/logo\/image\/","url":"https:\/\/fr.365yawm.ma\/wp-content\/uploads\/2020\/04\/icon.png","contentUrl":"https:\/\/fr.365yawm.ma\/wp-content\/uploads\/2020\/04\/icon.png","width":512,"height":512,"caption":"365 yawm"},"image":{"@id":"https:\/\/fr.365yawm.ma\/#\/schema\/logo\/image\/"}},{"@type":"Person","@id":"https:\/\/fr.365yawm.ma\/#\/schema\/person\/3ae7f285880cb2045c5b6a6925408e72","name":"fra365yawm","image":{"@type":"ImageObject","inLanguage":"fr-FR","@id":"https:\/\/fr.365yawm.ma\/#\/schema\/person\/image\/","url":"https:\/\/secure.gravatar.com\/avatar\/825cebdd359775298a5648431701cf17d00fd4fbec76f488ebc15fbeb220aa3a?s=96&d=mm&r=g","contentUrl":"https:\/\/secure.gravatar.com\/avatar\/825cebdd359775298a5648431701cf17d00fd4fbec76f488ebc15fbeb220aa3a?s=96&d=mm&r=g","caption":"fra365yawm"},"sameAs":["https:\/\/fr.365yawm.ma"]}]}},"jetpack_featured_media_url":"https:\/\/fr.365yawm.ma\/wp-content\/uploads\/2024\/10\/1729020141777.jpg","jetpack_sharing_enabled":true,"_links":{"self":[{"href":"https:\/\/fr.365yawm.ma\/index.php\/wp-json\/wp\/v2\/posts\/4613","targetHints":{"allow":["GET"]}}],"collection":[{"href":"https:\/\/fr.365yawm.ma\/index.php\/wp-json\/wp\/v2\/posts"}],"about":[{"href":"https:\/\/fr.365yawm.ma\/index.php\/wp-json\/wp\/v2\/types\/post"}],"author":[{"embeddable":true,"href":"https:\/\/fr.365yawm.ma\/index.php\/wp-json\/wp\/v2\/users\/1"}],"replies":[{"embeddable":true,"href":"https:\/\/fr.365yawm.ma\/index.php\/wp-json\/wp\/v2\/comments?post=4613"}],"version-history":[{"count":1,"href":"https:\/\/fr.365yawm.ma\/index.php\/wp-json\/wp\/v2\/posts\/4613\/revisions"}],"predecessor-version":[{"id":4616,"href":"https:\/\/fr.365yawm.ma\/index.php\/wp-json\/wp\/v2\/posts\/4613\/revisions\/4616"}],"wp:featuredmedia":[{"embeddable":true,"href":"https:\/\/fr.365yawm.ma\/index.php\/wp-json\/wp\/v2\/media\/4615"}],"wp:attachment":[{"href":"https:\/\/fr.365yawm.ma\/index.php\/wp-json\/wp\/v2\/media?parent=4613"}],"wp:term":[{"taxonomy":"category","embeddable":true,"href":"https:\/\/fr.365yawm.ma\/index.php\/wp-json\/wp\/v2\/categories?post=4613"},{"taxonomy":"post_tag","embeddable":true,"href":"https:\/\/fr.365yawm.ma\/index.php\/wp-json\/wp\/v2\/tags?post=4613"}],"curies":[{"name":"wp","href":"https:\/\/api.w.org\/{rel}","templated":true}]}}