{"id":4054,"date":"2024-01-21T14:14:26","date_gmt":"2024-01-21T13:14:26","guid":{"rendered":"https:\/\/fr.365yawm.ma\/?p=4054"},"modified":"2024-01-21T14:14:26","modified_gmt":"2024-01-21T13:14:26","slug":"reprise-des-travaux-a-la-plaza-de-toros-de-tanger","status":"publish","type":"post","link":"https:\/\/fr.365yawm.ma\/index.php\/2024\/01\/21\/reprise-des-travaux-a-la-plaza-de-toros-de-tanger\/","title":{"rendered":"REPRISE DES TRAVAUX \u00c0 LA PLAZA DE TOROS DE TANGER"},"content":{"rendered":"<p><strong>Apr\u00e8s une tr\u00eave de plusieurs semaines, le chantier de r\u00e9novation de la c\u00e9l\u00e8bre Plaza de Toros est relanc\u00e9. A en croire diverses sources, la suspension du chantier \u00e9tait le fait des ouvriers, qui avaient d\u00e9cid\u00e9 de cesser le travail \u00e0 cause de multiples retards du paiement de leurs salaires par l\u2019entreprise en charge du projet.<\/strong> Maintenant que, selon les m\u00eames sources, leur situation est r\u00e9gularis\u00e9e, les travaux ont pu reprendre une cadence normale.<\/p>\n<p><span style=\"text-transform: initial;\">La fameuse Plaza de Toros est appel\u00e9e \u00e0 renforcer l&rsquo;offre culturelle \u00e0 Tanger.<\/span><\/p>\n<p><em>C\u2019est un des nombreux h\u00e9ritages de la colonisation espagnole au Maroc. Dans les ann\u00e9es 1950, des corridas se d\u00e9roulaient dans les ar\u00e8nes de la ville Blanche pour le plus grand plaisir des habitants de cette \u00e9poque.<\/em><\/p>\n<p><em>Depuis les ann\u00e9es 1990, les ar\u00e8nes servent de lieu de spectacles, concerts et autres divertissements. Mais depuis quelques temps, elles ont \u00e9t\u00e9 compl\u00e8tement d\u00e9laiss\u00e9es. Une renaissance de cet h\u00e9ritage est envisag\u00e9e pour en faire un palais de congr\u00e8s et un des espaces culturels phares de la ville Blanche.<\/em><\/p>\n","protected":false},"excerpt":{"rendered":"<p>Apr\u00e8s une tr\u00eave de plusieurs semaines, le chantier de r\u00e9novation de la c\u00e9l\u00e8bre Plaza de Toros est relanc\u00e9. A en croire diverses sources, la suspension du chantier \u00e9tait le fait des ouvriers, qui avaient d\u00e9cid\u00e9 de cesser le travail \u00e0 cause de multiples retards du paiement de leurs salaires par l\u2019entreprise en charge du projet. [&hellip;]<\/p>\n","protected":false},"author":1,"featured_media":4055,"comment_status":"open","ping_status":"open","sticky":false,"template":"","format":"standard","meta":{"_bbp_topic_count":0,"_bbp_reply_count":0,"_bbp_total_topic_count":0,"_bbp_total_reply_count":0,"_bbp_voice_count":0,"_bbp_anonymous_reply_count":0,"_bbp_topic_count_hidden":0,"_bbp_reply_count_hidden":0,"_bbp_forum_subforum_count":0,"_jetpack_memberships_contains_paid_content":false,"footnotes":""},"categories":[26],"tags":[],"class_list":["post-4054","post","type-post","status-publish","format-standard","has-post-thumbnail","hentry","category-region"],"yoast_head":"<!-- This site is optimized with the Yoast SEO plugin v24.9 - https:\/\/yoast.com\/wordpress\/plugins\/seo\/ -->\n<title>REPRISE DES TRAVAUX \u00c0 LA PLAZA DE TOROS DE TANGER - 365YAWM fran\u00e7ais<\/title>\n<meta name=\"robots\" content=\"index, follow, max-snippet:-1, max-image-preview:large, max-video-preview:-1\" \/>\n<link rel=\"canonical\" href=\"https:\/\/fr.365yawm.ma\/index.php\/2024\/01\/21\/reprise-des-travaux-a-la-plaza-de-toros-de-tanger\/\" \/>\n<meta property=\"og:locale\" content=\"fr_FR\" \/>\n<meta property=\"og:type\" content=\"article\" \/>\n<meta property=\"og:title\" content=\"REPRISE DES TRAVAUX \u00c0 LA PLAZA DE TOROS DE TANGER - 365YAWM fran\u00e7ais\" \/>\n<meta property=\"og:description\" content=\"Apr\u00e8s une tr\u00eave de plusieurs semaines, le chantier de r\u00e9novation de la c\u00e9l\u00e8bre Plaza de Toros est relanc\u00e9. A en croire diverses sources, la suspension du chantier \u00e9tait le fait des ouvriers, qui avaient d\u00e9cid\u00e9 de cesser le travail \u00e0 cause de multiples retards du paiement de leurs salaires par l\u2019entreprise en charge du projet. [&hellip;]\" \/>\n<meta property=\"og:url\" content=\"https:\/\/fr.365yawm.ma\/index.php\/2024\/01\/21\/reprise-des-travaux-a-la-plaza-de-toros-de-tanger\/\" \/>\n<meta property=\"og:site_name\" content=\"365YAWM fran\u00e7ais\" \/>\n<meta property=\"article:published_time\" content=\"2024-01-21T13:14:26+00:00\" \/>\n<meta property=\"og:image\" content=\"https:\/\/fr.365yawm.ma\/wp-content\/uploads\/2024\/01\/plaza-de-toros-vue-dessus-750.jpg\" \/>\n\t<meta property=\"og:image:width\" content=\"750\" \/>\n\t<meta property=\"og:image:height\" content=\"421\" \/>\n\t<meta property=\"og:image:type\" content=\"image\/jpeg\" \/>\n<meta name=\"author\" content=\"fra365yawm\" \/>\n<meta name=\"twitter:card\" content=\"summary_large_image\" \/>\n<meta name=\"twitter:label1\" content=\"\u00c9crit par\" \/>\n\t<meta name=\"twitter:data1\" content=\"fra365yawm\" \/>\n\t<meta name=\"twitter:label2\" content=\"Dur\u00e9e de lecture estim\u00e9e\" \/>\n\t<meta name=\"twitter:data2\" content=\"2 minutes\" \/>\n<script type=\"application\/ld+json\" class=\"yoast-schema-graph\">{\"@context\":\"https:\/\/schema.org\",\"@graph\":[{\"@type\":\"Article\",\"@id\":\"https:\/\/fr.365yawm.ma\/index.php\/2024\/01\/21\/reprise-des-travaux-a-la-plaza-de-toros-de-tanger\/#article\",\"isPartOf\":{\"@id\":\"https:\/\/fr.365yawm.ma\/index.php\/2024\/01\/21\/reprise-des-travaux-a-la-plaza-de-toros-de-tanger\/\"},\"author\":{\"name\":\"fra365yawm\",\"@id\":\"https:\/\/fr.365yawm.ma\/#\/schema\/person\/3ae7f285880cb2045c5b6a6925408e72\"},\"headline\":\"REPRISE DES TRAVAUX \u00c0 LA PLAZA DE TOROS DE TANGER\",\"datePublished\":\"2024-01-21T13:14:26+00:00\",\"mainEntityOfPage\":{\"@id\":\"https:\/\/fr.365yawm.ma\/index.php\/2024\/01\/21\/reprise-des-travaux-a-la-plaza-de-toros-de-tanger\/\"},\"wordCount\":198,\"commentCount\":0,\"publisher\":{\"@id\":\"https:\/\/fr.365yawm.ma\/#organization\"},\"image\":{\"@id\":\"https:\/\/fr.365yawm.ma\/index.php\/2024\/01\/21\/reprise-des-travaux-a-la-plaza-de-toros-de-tanger\/#primaryimage\"},\"thumbnailUrl\":\"https:\/\/fr.365yawm.ma\/wp-content\/uploads\/2024\/01\/plaza-de-toros-vue-dessus-750.jpg\",\"articleSection\":[\"R\u00e9gion\"],\"inLanguage\":\"fr-FR\",\"potentialAction\":[{\"@type\":\"CommentAction\",\"name\":\"Comment\",\"target\":[\"https:\/\/fr.365yawm.ma\/index.php\/2024\/01\/21\/reprise-des-travaux-a-la-plaza-de-toros-de-tanger\/#respond\"]}]},{\"@type\":\"WebPage\",\"@id\":\"https:\/\/fr.365yawm.ma\/index.php\/2024\/01\/21\/reprise-des-travaux-a-la-plaza-de-toros-de-tanger\/\",\"url\":\"https:\/\/fr.365yawm.ma\/index.php\/2024\/01\/21\/reprise-des-travaux-a-la-plaza-de-toros-de-tanger\/\",\"name\":\"REPRISE DES TRAVAUX \u00c0 LA PLAZA DE TOROS DE TANGER - 365YAWM fran\u00e7ais\",\"isPartOf\":{\"@id\":\"https:\/\/fr.365yawm.ma\/#website\"},\"primaryImageOfPage\":{\"@id\":\"https:\/\/fr.365yawm.ma\/index.php\/2024\/01\/21\/reprise-des-travaux-a-la-plaza-de-toros-de-tanger\/#primaryimage\"},\"image\":{\"@id\":\"https:\/\/fr.365yawm.ma\/index.php\/2024\/01\/21\/reprise-des-travaux-a-la-plaza-de-toros-de-tanger\/#primaryimage\"},\"thumbnailUrl\":\"https:\/\/fr.365yawm.ma\/wp-content\/uploads\/2024\/01\/plaza-de-toros-vue-dessus-750.jpg\",\"datePublished\":\"2024-01-21T13:14:26+00:00\",\"breadcrumb\":{\"@id\":\"https:\/\/fr.365yawm.ma\/index.php\/2024\/01\/21\/reprise-des-travaux-a-la-plaza-de-toros-de-tanger\/#breadcrumb\"},\"inLanguage\":\"fr-FR\",\"potentialAction\":[{\"@type\":\"ReadAction\",\"target\":[\"https:\/\/fr.365yawm.ma\/index.php\/2024\/01\/21\/reprise-des-travaux-a-la-plaza-de-toros-de-tanger\/\"]}]},{\"@type\":\"ImageObject\",\"inLanguage\":\"fr-FR\",\"@id\":\"https:\/\/fr.365yawm.ma\/index.php\/2024\/01\/21\/reprise-des-travaux-a-la-plaza-de-toros-de-tanger\/#primaryimage\",\"url\":\"https:\/\/fr.365yawm.ma\/wp-content\/uploads\/2024\/01\/plaza-de-toros-vue-dessus-750.jpg\",\"contentUrl\":\"https:\/\/fr.365yawm.ma\/wp-content\/uploads\/2024\/01\/plaza-de-toros-vue-dessus-750.jpg\",\"width\":750,\"height\":421},{\"@type\":\"BreadcrumbList\",\"@id\":\"https:\/\/fr.365yawm.ma\/index.php\/2024\/01\/21\/reprise-des-travaux-a-la-plaza-de-toros-de-tanger\/#breadcrumb\",\"itemListElement\":[{\"@type\":\"ListItem\",\"position\":1,\"name\":\"Accueil\",\"item\":\"https:\/\/fr.365yawm.ma\/\"},{\"@type\":\"ListItem\",\"position\":2,\"name\":\"REPRISE DES TRAVAUX \u00c0 LA PLAZA DE TOROS DE TANGER\"}]},{\"@type\":\"WebSite\",\"@id\":\"https:\/\/fr.365yawm.ma\/#website\",\"url\":\"https:\/\/fr.365yawm.ma\/\",\"name\":\"365YAWM fran\u00e7ais\",\"description\":\"\",\"publisher\":{\"@id\":\"https:\/\/fr.365yawm.ma\/#organization\"},\"potentialAction\":[{\"@type\":\"SearchAction\",\"target\":{\"@type\":\"EntryPoint\",\"urlTemplate\":\"https:\/\/fr.365yawm.ma\/?s={search_term_string}\"},\"query-input\":{\"@type\":\"PropertyValueSpecification\",\"valueRequired\":true,\"valueName\":\"search_term_string\"}}],\"inLanguage\":\"fr-FR\"},{\"@type\":\"Organization\",\"@id\":\"https:\/\/fr.365yawm.ma\/#organization\",\"name\":\"365 yawm\",\"url\":\"https:\/\/fr.365yawm.ma\/\",\"logo\":{\"@type\":\"ImageObject\",\"inLanguage\":\"fr-FR\",\"@id\":\"https:\/\/fr.365yawm.ma\/#\/schema\/logo\/image\/\",\"url\":\"https:\/\/fr.365yawm.ma\/wp-content\/uploads\/2020\/04\/icon.png\",\"contentUrl\":\"https:\/\/fr.365yawm.ma\/wp-content\/uploads\/2020\/04\/icon.png\",\"width\":512,\"height\":512,\"caption\":\"365 yawm\"},\"image\":{\"@id\":\"https:\/\/fr.365yawm.ma\/#\/schema\/logo\/image\/\"}},{\"@type\":\"Person\",\"@id\":\"https:\/\/fr.365yawm.ma\/#\/schema\/person\/3ae7f285880cb2045c5b6a6925408e72\",\"name\":\"fra365yawm\",\"image\":{\"@type\":\"ImageObject\",\"inLanguage\":\"fr-FR\",\"@id\":\"https:\/\/fr.365yawm.ma\/#\/schema\/person\/image\/\",\"url\":\"https:\/\/secure.gravatar.com\/avatar\/825cebdd359775298a5648431701cf17d00fd4fbec76f488ebc15fbeb220aa3a?s=96&d=mm&r=g\",\"contentUrl\":\"https:\/\/secure.gravatar.com\/avatar\/825cebdd359775298a5648431701cf17d00fd4fbec76f488ebc15fbeb220aa3a?s=96&d=mm&r=g\",\"caption\":\"fra365yawm\"},\"sameAs\":[\"https:\/\/fr.365yawm.ma\"]}]}<\/script>\n<!-- \/ Yoast SEO plugin. -->","yoast_head_json":{"title":"REPRISE DES TRAVAUX \u00c0 LA PLAZA DE TOROS DE TANGER - 365YAWM fran\u00e7ais","robots":{"index":"index","follow":"follow","max-snippet":"max-snippet:-1","max-image-preview":"max-image-preview:large","max-video-preview":"max-video-preview:-1"},"canonical":"https:\/\/fr.365yawm.ma\/index.php\/2024\/01\/21\/reprise-des-travaux-a-la-plaza-de-toros-de-tanger\/","og_locale":"fr_FR","og_type":"article","og_title":"REPRISE DES TRAVAUX \u00c0 LA PLAZA DE TOROS DE TANGER - 365YAWM fran\u00e7ais","og_description":"Apr\u00e8s une tr\u00eave de plusieurs semaines, le chantier de r\u00e9novation de la c\u00e9l\u00e8bre Plaza de Toros est relanc\u00e9. A en croire diverses sources, la suspension du chantier \u00e9tait le fait des ouvriers, qui avaient d\u00e9cid\u00e9 de cesser le travail \u00e0 cause de multiples retards du paiement de leurs salaires par l\u2019entreprise en charge du projet. [&hellip;]","og_url":"https:\/\/fr.365yawm.ma\/index.php\/2024\/01\/21\/reprise-des-travaux-a-la-plaza-de-toros-de-tanger\/","og_site_name":"365YAWM fran\u00e7ais","article_published_time":"2024-01-21T13:14:26+00:00","og_image":[{"width":750,"height":421,"url":"https:\/\/fr.365yawm.ma\/wp-content\/uploads\/2024\/01\/plaza-de-toros-vue-dessus-750.jpg","type":"image\/jpeg"}],"author":"fra365yawm","twitter_card":"summary_large_image","twitter_misc":{"\u00c9crit par":"fra365yawm","Dur\u00e9e de lecture estim\u00e9e":"2 minutes"},"schema":{"@context":"https:\/\/schema.org","@graph":[{"@type":"Article","@id":"https:\/\/fr.365yawm.ma\/index.php\/2024\/01\/21\/reprise-des-travaux-a-la-plaza-de-toros-de-tanger\/#article","isPartOf":{"@id":"https:\/\/fr.365yawm.ma\/index.php\/2024\/01\/21\/reprise-des-travaux-a-la-plaza-de-toros-de-tanger\/"},"author":{"name":"fra365yawm","@id":"https:\/\/fr.365yawm.ma\/#\/schema\/person\/3ae7f285880cb2045c5b6a6925408e72"},"headline":"REPRISE DES TRAVAUX \u00c0 LA PLAZA DE TOROS DE TANGER","datePublished":"2024-01-21T13:14:26+00:00","mainEntityOfPage":{"@id":"https:\/\/fr.365yawm.ma\/index.php\/2024\/01\/21\/reprise-des-travaux-a-la-plaza-de-toros-de-tanger\/"},"wordCount":198,"commentCount":0,"publisher":{"@id":"https:\/\/fr.365yawm.ma\/#organization"},"image":{"@id":"https:\/\/fr.365yawm.ma\/index.php\/2024\/01\/21\/reprise-des-travaux-a-la-plaza-de-toros-de-tanger\/#primaryimage"},"thumbnailUrl":"https:\/\/fr.365yawm.ma\/wp-content\/uploads\/2024\/01\/plaza-de-toros-vue-dessus-750.jpg","articleSection":["R\u00e9gion"],"inLanguage":"fr-FR","potentialAction":[{"@type":"CommentAction","name":"Comment","target":["https:\/\/fr.365yawm.ma\/index.php\/2024\/01\/21\/reprise-des-travaux-a-la-plaza-de-toros-de-tanger\/#respond"]}]},{"@type":"WebPage","@id":"https:\/\/fr.365yawm.ma\/index.php\/2024\/01\/21\/reprise-des-travaux-a-la-plaza-de-toros-de-tanger\/","url":"https:\/\/fr.365yawm.ma\/index.php\/2024\/01\/21\/reprise-des-travaux-a-la-plaza-de-toros-de-tanger\/","name":"REPRISE DES TRAVAUX \u00c0 LA PLAZA DE TOROS DE TANGER - 365YAWM fran\u00e7ais","isPartOf":{"@id":"https:\/\/fr.365yawm.ma\/#website"},"primaryImageOfPage":{"@id":"https:\/\/fr.365yawm.ma\/index.php\/2024\/01\/21\/reprise-des-travaux-a-la-plaza-de-toros-de-tanger\/#primaryimage"},"image":{"@id":"https:\/\/fr.365yawm.ma\/index.php\/2024\/01\/21\/reprise-des-travaux-a-la-plaza-de-toros-de-tanger\/#primaryimage"},"thumbnailUrl":"https:\/\/fr.365yawm.ma\/wp-content\/uploads\/2024\/01\/plaza-de-toros-vue-dessus-750.jpg","datePublished":"2024-01-21T13:14:26+00:00","breadcrumb":{"@id":"https:\/\/fr.365yawm.ma\/index.php\/2024\/01\/21\/reprise-des-travaux-a-la-plaza-de-toros-de-tanger\/#breadcrumb"},"inLanguage":"fr-FR","potentialAction":[{"@type":"ReadAction","target":["https:\/\/fr.365yawm.ma\/index.php\/2024\/01\/21\/reprise-des-travaux-a-la-plaza-de-toros-de-tanger\/"]}]},{"@type":"ImageObject","inLanguage":"fr-FR","@id":"https:\/\/fr.365yawm.ma\/index.php\/2024\/01\/21\/reprise-des-travaux-a-la-plaza-de-toros-de-tanger\/#primaryimage","url":"https:\/\/fr.365yawm.ma\/wp-content\/uploads\/2024\/01\/plaza-de-toros-vue-dessus-750.jpg","contentUrl":"https:\/\/fr.365yawm.ma\/wp-content\/uploads\/2024\/01\/plaza-de-toros-vue-dessus-750.jpg","width":750,"height":421},{"@type":"BreadcrumbList","@id":"https:\/\/fr.365yawm.ma\/index.php\/2024\/01\/21\/reprise-des-travaux-a-la-plaza-de-toros-de-tanger\/#breadcrumb","itemListElement":[{"@type":"ListItem","position":1,"name":"Accueil","item":"https:\/\/fr.365yawm.ma\/"},{"@type":"ListItem","position":2,"name":"REPRISE DES TRAVAUX \u00c0 LA PLAZA DE TOROS DE TANGER"}]},{"@type":"WebSite","@id":"https:\/\/fr.365yawm.ma\/#website","url":"https:\/\/fr.365yawm.ma\/","name":"365YAWM fran\u00e7ais","description":"","publisher":{"@id":"https:\/\/fr.365yawm.ma\/#organization"},"potentialAction":[{"@type":"SearchAction","target":{"@type":"EntryPoint","urlTemplate":"https:\/\/fr.365yawm.ma\/?s={search_term_string}"},"query-input":{"@type":"PropertyValueSpecification","valueRequired":true,"valueName":"search_term_string"}}],"inLanguage":"fr-FR"},{"@type":"Organization","@id":"https:\/\/fr.365yawm.ma\/#organization","name":"365 yawm","url":"https:\/\/fr.365yawm.ma\/","logo":{"@type":"ImageObject","inLanguage":"fr-FR","@id":"https:\/\/fr.365yawm.ma\/#\/schema\/logo\/image\/","url":"https:\/\/fr.365yawm.ma\/wp-content\/uploads\/2020\/04\/icon.png","contentUrl":"https:\/\/fr.365yawm.ma\/wp-content\/uploads\/2020\/04\/icon.png","width":512,"height":512,"caption":"365 yawm"},"image":{"@id":"https:\/\/fr.365yawm.ma\/#\/schema\/logo\/image\/"}},{"@type":"Person","@id":"https:\/\/fr.365yawm.ma\/#\/schema\/person\/3ae7f285880cb2045c5b6a6925408e72","name":"fra365yawm","image":{"@type":"ImageObject","inLanguage":"fr-FR","@id":"https:\/\/fr.365yawm.ma\/#\/schema\/person\/image\/","url":"https:\/\/secure.gravatar.com\/avatar\/825cebdd359775298a5648431701cf17d00fd4fbec76f488ebc15fbeb220aa3a?s=96&d=mm&r=g","contentUrl":"https:\/\/secure.gravatar.com\/avatar\/825cebdd359775298a5648431701cf17d00fd4fbec76f488ebc15fbeb220aa3a?s=96&d=mm&r=g","caption":"fra365yawm"},"sameAs":["https:\/\/fr.365yawm.ma"]}]}},"jetpack_featured_media_url":"https:\/\/fr.365yawm.ma\/wp-content\/uploads\/2024\/01\/plaza-de-toros-vue-dessus-750.jpg","jetpack_sharing_enabled":true,"_links":{"self":[{"href":"https:\/\/fr.365yawm.ma\/index.php\/wp-json\/wp\/v2\/posts\/4054","targetHints":{"allow":["GET"]}}],"collection":[{"href":"https:\/\/fr.365yawm.ma\/index.php\/wp-json\/wp\/v2\/posts"}],"about":[{"href":"https:\/\/fr.365yawm.ma\/index.php\/wp-json\/wp\/v2\/types\/post"}],"author":[{"embeddable":true,"href":"https:\/\/fr.365yawm.ma\/index.php\/wp-json\/wp\/v2\/users\/1"}],"replies":[{"embeddable":true,"href":"https:\/\/fr.365yawm.ma\/index.php\/wp-json\/wp\/v2\/comments?post=4054"}],"version-history":[{"count":1,"href":"https:\/\/fr.365yawm.ma\/index.php\/wp-json\/wp\/v2\/posts\/4054\/revisions"}],"predecessor-version":[{"id":4056,"href":"https:\/\/fr.365yawm.ma\/index.php\/wp-json\/wp\/v2\/posts\/4054\/revisions\/4056"}],"wp:featuredmedia":[{"embeddable":true,"href":"https:\/\/fr.365yawm.ma\/index.php\/wp-json\/wp\/v2\/media\/4055"}],"wp:attachment":[{"href":"https:\/\/fr.365yawm.ma\/index.php\/wp-json\/wp\/v2\/media?parent=4054"}],"wp:term":[{"taxonomy":"category","embeddable":true,"href":"https:\/\/fr.365yawm.ma\/index.php\/wp-json\/wp\/v2\/categories?post=4054"},{"taxonomy":"post_tag","embeddable":true,"href":"https:\/\/fr.365yawm.ma\/index.php\/wp-json\/wp\/v2\/tags?post=4054"}],"curies":[{"name":"wp","href":"https:\/\/api.w.org\/{rel}","templated":true}]}}