{"id":3992,"date":"2024-01-06T14:02:01","date_gmt":"2024-01-06T13:02:01","guid":{"rendered":"https:\/\/fr.365yawm.ma\/?p=3992"},"modified":"2024-01-06T14:02:01","modified_gmt":"2024-01-06T13:02:01","slug":"le-syndicat-independant-des-infirmiers-appelle-a-une-greve","status":"publish","type":"post","link":"https:\/\/fr.365yawm.ma\/index.php\/2024\/01\/06\/le-syndicat-independant-des-infirmiers-appelle-a-une-greve\/","title":{"rendered":"LE SYNDICAT IND\u00c9PENDANT DES INFIRMIERS APPELLE \u00c0 UNE GR\u00c8VE"},"content":{"rendered":"<p><strong>Face au mutisme des instances gouvernementales , l&rsquo;antenne r\u00e9gionale du syndicat Ind\u00e9pendant des infirmiers ne compte pas rester les bras crois\u00e9s. Dans un communiqu\u00e9 rendu public, cette repr\u00e9sentation syndicale appelle \u00e0 une s\u00e9rie de gr\u00e8ve en guise de protestation contre le minist\u00e8re de Khalid Ait Taleb.<\/strong><\/p>\n<p>Le syndicat Ind\u00e9pendant des infirmiers et techniciens de sant\u00e9 entame la nouvelle ann\u00e9e avec une s\u00e9rie de gr\u00e8ves ponctu\u00e9e de sit-in devant les diff\u00e9rentes institutions de la sant\u00e9 publique de la r\u00e9gion.<\/p>\n<p>Epine dorsale du syst\u00e8me de sant\u00e9, le corps infirmier s&rsquo;estime l\u00e9s\u00e9 et exclu de l&rsquo;\u00e9quit\u00e9 salariale. Le recours \u00e0 la gr\u00e8ve est un moyen de faire parvenir sa voix aupr\u00e8s du grand public, aux d\u00e9cideurs au niveau du minist\u00e8re de la sant\u00e9 et au d\u00e9cideurs au niveau du gouvernement.<\/p>\n","protected":false},"excerpt":{"rendered":"<p>Face au mutisme des instances gouvernementales , l&rsquo;antenne r\u00e9gionale du syndicat Ind\u00e9pendant des infirmiers ne compte pas rester les bras crois\u00e9s. Dans un communiqu\u00e9 rendu public, cette repr\u00e9sentation syndicale appelle \u00e0 une s\u00e9rie de gr\u00e8ve en guise de protestation contre le minist\u00e8re de Khalid Ait Taleb. Le syndicat Ind\u00e9pendant des infirmiers et techniciens de sant\u00e9 [&hellip;]<\/p>\n","protected":false},"author":1,"featured_media":3994,"comment_status":"open","ping_status":"open","sticky":false,"template":"","format":"standard","meta":{"_bbp_topic_count":0,"_bbp_reply_count":0,"_bbp_total_topic_count":0,"_bbp_total_reply_count":0,"_bbp_voice_count":0,"_bbp_anonymous_reply_count":0,"_bbp_topic_count_hidden":0,"_bbp_reply_count_hidden":0,"_bbp_forum_subforum_count":0,"_jetpack_memberships_contains_paid_content":false,"footnotes":""},"categories":[26],"tags":[],"class_list":["post-3992","post","type-post","status-publish","format-standard","has-post-thumbnail","hentry","category-region"],"yoast_head":"<!-- This site is optimized with the Yoast SEO plugin v24.9 - https:\/\/yoast.com\/wordpress\/plugins\/seo\/ -->\n<title>LE SYNDICAT IND\u00c9PENDANT DES INFIRMIERS APPELLE \u00c0 UNE GR\u00c8VE - 365YAWM fran\u00e7ais<\/title>\n<meta name=\"robots\" content=\"index, follow, max-snippet:-1, max-image-preview:large, max-video-preview:-1\" \/>\n<link rel=\"canonical\" href=\"https:\/\/fr.365yawm.ma\/index.php\/2024\/01\/06\/le-syndicat-independant-des-infirmiers-appelle-a-une-greve\/\" \/>\n<meta property=\"og:locale\" content=\"fr_FR\" \/>\n<meta property=\"og:type\" content=\"article\" \/>\n<meta property=\"og:title\" content=\"LE SYNDICAT IND\u00c9PENDANT DES INFIRMIERS APPELLE \u00c0 UNE GR\u00c8VE - 365YAWM fran\u00e7ais\" \/>\n<meta property=\"og:description\" content=\"Face au mutisme des instances gouvernementales , l&rsquo;antenne r\u00e9gionale du syndicat Ind\u00e9pendant des infirmiers ne compte pas rester les bras crois\u00e9s. Dans un communiqu\u00e9 rendu public, cette repr\u00e9sentation syndicale appelle \u00e0 une s\u00e9rie de gr\u00e8ve en guise de protestation contre le minist\u00e8re de Khalid Ait Taleb. Le syndicat Ind\u00e9pendant des infirmiers et techniciens de sant\u00e9 [&hellip;]\" \/>\n<meta property=\"og:url\" content=\"https:\/\/fr.365yawm.ma\/index.php\/2024\/01\/06\/le-syndicat-independant-des-infirmiers-appelle-a-une-greve\/\" \/>\n<meta property=\"og:site_name\" content=\"365YAWM fran\u00e7ais\" \/>\n<meta property=\"article:published_time\" content=\"2024-01-06T13:02:01+00:00\" \/>\n<meta property=\"og:image\" content=\"https:\/\/fr.365yawm.ma\/wp-content\/uploads\/2024\/01\/InShot_20240106_135957842.jpg\" \/>\n\t<meta property=\"og:image:width\" content=\"1920\" \/>\n\t<meta property=\"og:image:height\" content=\"1920\" \/>\n\t<meta property=\"og:image:type\" content=\"image\/jpeg\" \/>\n<meta name=\"author\" content=\"fra365yawm\" \/>\n<meta name=\"twitter:card\" content=\"summary_large_image\" \/>\n<meta name=\"twitter:label1\" content=\"\u00c9crit par\" \/>\n\t<meta name=\"twitter:data1\" content=\"fra365yawm\" \/>\n\t<meta name=\"twitter:label2\" content=\"Dur\u00e9e de lecture estim\u00e9e\" \/>\n\t<meta name=\"twitter:data2\" content=\"1 minute\" \/>\n<script type=\"application\/ld+json\" class=\"yoast-schema-graph\">{\"@context\":\"https:\/\/schema.org\",\"@graph\":[{\"@type\":\"Article\",\"@id\":\"https:\/\/fr.365yawm.ma\/index.php\/2024\/01\/06\/le-syndicat-independant-des-infirmiers-appelle-a-une-greve\/#article\",\"isPartOf\":{\"@id\":\"https:\/\/fr.365yawm.ma\/index.php\/2024\/01\/06\/le-syndicat-independant-des-infirmiers-appelle-a-une-greve\/\"},\"author\":{\"name\":\"fra365yawm\",\"@id\":\"https:\/\/fr.365yawm.ma\/#\/schema\/person\/3ae7f285880cb2045c5b6a6925408e72\"},\"headline\":\"LE SYNDICAT IND\u00c9PENDANT DES INFIRMIERS APPELLE \u00c0 UNE GR\u00c8VE\",\"datePublished\":\"2024-01-06T13:02:01+00:00\",\"mainEntityOfPage\":{\"@id\":\"https:\/\/fr.365yawm.ma\/index.php\/2024\/01\/06\/le-syndicat-independant-des-infirmiers-appelle-a-une-greve\/\"},\"wordCount\":156,\"commentCount\":0,\"publisher\":{\"@id\":\"https:\/\/fr.365yawm.ma\/#organization\"},\"image\":{\"@id\":\"https:\/\/fr.365yawm.ma\/index.php\/2024\/01\/06\/le-syndicat-independant-des-infirmiers-appelle-a-une-greve\/#primaryimage\"},\"thumbnailUrl\":\"https:\/\/fr.365yawm.ma\/wp-content\/uploads\/2024\/01\/InShot_20240106_135957842.jpg\",\"articleSection\":[\"R\u00e9gion\"],\"inLanguage\":\"fr-FR\",\"potentialAction\":[{\"@type\":\"CommentAction\",\"name\":\"Comment\",\"target\":[\"https:\/\/fr.365yawm.ma\/index.php\/2024\/01\/06\/le-syndicat-independant-des-infirmiers-appelle-a-une-greve\/#respond\"]}]},{\"@type\":\"WebPage\",\"@id\":\"https:\/\/fr.365yawm.ma\/index.php\/2024\/01\/06\/le-syndicat-independant-des-infirmiers-appelle-a-une-greve\/\",\"url\":\"https:\/\/fr.365yawm.ma\/index.php\/2024\/01\/06\/le-syndicat-independant-des-infirmiers-appelle-a-une-greve\/\",\"name\":\"LE SYNDICAT IND\u00c9PENDANT DES INFIRMIERS APPELLE \u00c0 UNE GR\u00c8VE - 365YAWM fran\u00e7ais\",\"isPartOf\":{\"@id\":\"https:\/\/fr.365yawm.ma\/#website\"},\"primaryImageOfPage\":{\"@id\":\"https:\/\/fr.365yawm.ma\/index.php\/2024\/01\/06\/le-syndicat-independant-des-infirmiers-appelle-a-une-greve\/#primaryimage\"},\"image\":{\"@id\":\"https:\/\/fr.365yawm.ma\/index.php\/2024\/01\/06\/le-syndicat-independant-des-infirmiers-appelle-a-une-greve\/#primaryimage\"},\"thumbnailUrl\":\"https:\/\/fr.365yawm.ma\/wp-content\/uploads\/2024\/01\/InShot_20240106_135957842.jpg\",\"datePublished\":\"2024-01-06T13:02:01+00:00\",\"breadcrumb\":{\"@id\":\"https:\/\/fr.365yawm.ma\/index.php\/2024\/01\/06\/le-syndicat-independant-des-infirmiers-appelle-a-une-greve\/#breadcrumb\"},\"inLanguage\":\"fr-FR\",\"potentialAction\":[{\"@type\":\"ReadAction\",\"target\":[\"https:\/\/fr.365yawm.ma\/index.php\/2024\/01\/06\/le-syndicat-independant-des-infirmiers-appelle-a-une-greve\/\"]}]},{\"@type\":\"ImageObject\",\"inLanguage\":\"fr-FR\",\"@id\":\"https:\/\/fr.365yawm.ma\/index.php\/2024\/01\/06\/le-syndicat-independant-des-infirmiers-appelle-a-une-greve\/#primaryimage\",\"url\":\"https:\/\/fr.365yawm.ma\/wp-content\/uploads\/2024\/01\/InShot_20240106_135957842.jpg\",\"contentUrl\":\"https:\/\/fr.365yawm.ma\/wp-content\/uploads\/2024\/01\/InShot_20240106_135957842.jpg\",\"width\":1920,\"height\":1920},{\"@type\":\"BreadcrumbList\",\"@id\":\"https:\/\/fr.365yawm.ma\/index.php\/2024\/01\/06\/le-syndicat-independant-des-infirmiers-appelle-a-une-greve\/#breadcrumb\",\"itemListElement\":[{\"@type\":\"ListItem\",\"position\":1,\"name\":\"Accueil\",\"item\":\"https:\/\/fr.365yawm.ma\/\"},{\"@type\":\"ListItem\",\"position\":2,\"name\":\"LE SYNDICAT IND\u00c9PENDANT DES INFIRMIERS APPELLE \u00c0 UNE GR\u00c8VE\"}]},{\"@type\":\"WebSite\",\"@id\":\"https:\/\/fr.365yawm.ma\/#website\",\"url\":\"https:\/\/fr.365yawm.ma\/\",\"name\":\"365YAWM fran\u00e7ais\",\"description\":\"\",\"publisher\":{\"@id\":\"https:\/\/fr.365yawm.ma\/#organization\"},\"potentialAction\":[{\"@type\":\"SearchAction\",\"target\":{\"@type\":\"EntryPoint\",\"urlTemplate\":\"https:\/\/fr.365yawm.ma\/?s={search_term_string}\"},\"query-input\":{\"@type\":\"PropertyValueSpecification\",\"valueRequired\":true,\"valueName\":\"search_term_string\"}}],\"inLanguage\":\"fr-FR\"},{\"@type\":\"Organization\",\"@id\":\"https:\/\/fr.365yawm.ma\/#organization\",\"name\":\"365 yawm\",\"url\":\"https:\/\/fr.365yawm.ma\/\",\"logo\":{\"@type\":\"ImageObject\",\"inLanguage\":\"fr-FR\",\"@id\":\"https:\/\/fr.365yawm.ma\/#\/schema\/logo\/image\/\",\"url\":\"https:\/\/fr.365yawm.ma\/wp-content\/uploads\/2020\/04\/icon.png\",\"contentUrl\":\"https:\/\/fr.365yawm.ma\/wp-content\/uploads\/2020\/04\/icon.png\",\"width\":512,\"height\":512,\"caption\":\"365 yawm\"},\"image\":{\"@id\":\"https:\/\/fr.365yawm.ma\/#\/schema\/logo\/image\/\"}},{\"@type\":\"Person\",\"@id\":\"https:\/\/fr.365yawm.ma\/#\/schema\/person\/3ae7f285880cb2045c5b6a6925408e72\",\"name\":\"fra365yawm\",\"image\":{\"@type\":\"ImageObject\",\"inLanguage\":\"fr-FR\",\"@id\":\"https:\/\/fr.365yawm.ma\/#\/schema\/person\/image\/\",\"url\":\"https:\/\/secure.gravatar.com\/avatar\/825cebdd359775298a5648431701cf17d00fd4fbec76f488ebc15fbeb220aa3a?s=96&d=mm&r=g\",\"contentUrl\":\"https:\/\/secure.gravatar.com\/avatar\/825cebdd359775298a5648431701cf17d00fd4fbec76f488ebc15fbeb220aa3a?s=96&d=mm&r=g\",\"caption\":\"fra365yawm\"},\"sameAs\":[\"https:\/\/fr.365yawm.ma\"]}]}<\/script>\n<!-- \/ Yoast SEO plugin. -->","yoast_head_json":{"title":"LE SYNDICAT IND\u00c9PENDANT DES INFIRMIERS APPELLE \u00c0 UNE GR\u00c8VE - 365YAWM fran\u00e7ais","robots":{"index":"index","follow":"follow","max-snippet":"max-snippet:-1","max-image-preview":"max-image-preview:large","max-video-preview":"max-video-preview:-1"},"canonical":"https:\/\/fr.365yawm.ma\/index.php\/2024\/01\/06\/le-syndicat-independant-des-infirmiers-appelle-a-une-greve\/","og_locale":"fr_FR","og_type":"article","og_title":"LE SYNDICAT IND\u00c9PENDANT DES INFIRMIERS APPELLE \u00c0 UNE GR\u00c8VE - 365YAWM fran\u00e7ais","og_description":"Face au mutisme des instances gouvernementales , l&rsquo;antenne r\u00e9gionale du syndicat Ind\u00e9pendant des infirmiers ne compte pas rester les bras crois\u00e9s. Dans un communiqu\u00e9 rendu public, cette repr\u00e9sentation syndicale appelle \u00e0 une s\u00e9rie de gr\u00e8ve en guise de protestation contre le minist\u00e8re de Khalid Ait Taleb. Le syndicat Ind\u00e9pendant des infirmiers et techniciens de sant\u00e9 [&hellip;]","og_url":"https:\/\/fr.365yawm.ma\/index.php\/2024\/01\/06\/le-syndicat-independant-des-infirmiers-appelle-a-une-greve\/","og_site_name":"365YAWM fran\u00e7ais","article_published_time":"2024-01-06T13:02:01+00:00","og_image":[{"width":1920,"height":1920,"url":"https:\/\/fr.365yawm.ma\/wp-content\/uploads\/2024\/01\/InShot_20240106_135957842.jpg","type":"image\/jpeg"}],"author":"fra365yawm","twitter_card":"summary_large_image","twitter_misc":{"\u00c9crit par":"fra365yawm","Dur\u00e9e de lecture estim\u00e9e":"1 minute"},"schema":{"@context":"https:\/\/schema.org","@graph":[{"@type":"Article","@id":"https:\/\/fr.365yawm.ma\/index.php\/2024\/01\/06\/le-syndicat-independant-des-infirmiers-appelle-a-une-greve\/#article","isPartOf":{"@id":"https:\/\/fr.365yawm.ma\/index.php\/2024\/01\/06\/le-syndicat-independant-des-infirmiers-appelle-a-une-greve\/"},"author":{"name":"fra365yawm","@id":"https:\/\/fr.365yawm.ma\/#\/schema\/person\/3ae7f285880cb2045c5b6a6925408e72"},"headline":"LE SYNDICAT IND\u00c9PENDANT DES INFIRMIERS APPELLE \u00c0 UNE GR\u00c8VE","datePublished":"2024-01-06T13:02:01+00:00","mainEntityOfPage":{"@id":"https:\/\/fr.365yawm.ma\/index.php\/2024\/01\/06\/le-syndicat-independant-des-infirmiers-appelle-a-une-greve\/"},"wordCount":156,"commentCount":0,"publisher":{"@id":"https:\/\/fr.365yawm.ma\/#organization"},"image":{"@id":"https:\/\/fr.365yawm.ma\/index.php\/2024\/01\/06\/le-syndicat-independant-des-infirmiers-appelle-a-une-greve\/#primaryimage"},"thumbnailUrl":"https:\/\/fr.365yawm.ma\/wp-content\/uploads\/2024\/01\/InShot_20240106_135957842.jpg","articleSection":["R\u00e9gion"],"inLanguage":"fr-FR","potentialAction":[{"@type":"CommentAction","name":"Comment","target":["https:\/\/fr.365yawm.ma\/index.php\/2024\/01\/06\/le-syndicat-independant-des-infirmiers-appelle-a-une-greve\/#respond"]}]},{"@type":"WebPage","@id":"https:\/\/fr.365yawm.ma\/index.php\/2024\/01\/06\/le-syndicat-independant-des-infirmiers-appelle-a-une-greve\/","url":"https:\/\/fr.365yawm.ma\/index.php\/2024\/01\/06\/le-syndicat-independant-des-infirmiers-appelle-a-une-greve\/","name":"LE SYNDICAT IND\u00c9PENDANT DES INFIRMIERS APPELLE \u00c0 UNE GR\u00c8VE - 365YAWM fran\u00e7ais","isPartOf":{"@id":"https:\/\/fr.365yawm.ma\/#website"},"primaryImageOfPage":{"@id":"https:\/\/fr.365yawm.ma\/index.php\/2024\/01\/06\/le-syndicat-independant-des-infirmiers-appelle-a-une-greve\/#primaryimage"},"image":{"@id":"https:\/\/fr.365yawm.ma\/index.php\/2024\/01\/06\/le-syndicat-independant-des-infirmiers-appelle-a-une-greve\/#primaryimage"},"thumbnailUrl":"https:\/\/fr.365yawm.ma\/wp-content\/uploads\/2024\/01\/InShot_20240106_135957842.jpg","datePublished":"2024-01-06T13:02:01+00:00","breadcrumb":{"@id":"https:\/\/fr.365yawm.ma\/index.php\/2024\/01\/06\/le-syndicat-independant-des-infirmiers-appelle-a-une-greve\/#breadcrumb"},"inLanguage":"fr-FR","potentialAction":[{"@type":"ReadAction","target":["https:\/\/fr.365yawm.ma\/index.php\/2024\/01\/06\/le-syndicat-independant-des-infirmiers-appelle-a-une-greve\/"]}]},{"@type":"ImageObject","inLanguage":"fr-FR","@id":"https:\/\/fr.365yawm.ma\/index.php\/2024\/01\/06\/le-syndicat-independant-des-infirmiers-appelle-a-une-greve\/#primaryimage","url":"https:\/\/fr.365yawm.ma\/wp-content\/uploads\/2024\/01\/InShot_20240106_135957842.jpg","contentUrl":"https:\/\/fr.365yawm.ma\/wp-content\/uploads\/2024\/01\/InShot_20240106_135957842.jpg","width":1920,"height":1920},{"@type":"BreadcrumbList","@id":"https:\/\/fr.365yawm.ma\/index.php\/2024\/01\/06\/le-syndicat-independant-des-infirmiers-appelle-a-une-greve\/#breadcrumb","itemListElement":[{"@type":"ListItem","position":1,"name":"Accueil","item":"https:\/\/fr.365yawm.ma\/"},{"@type":"ListItem","position":2,"name":"LE SYNDICAT IND\u00c9PENDANT DES INFIRMIERS APPELLE \u00c0 UNE GR\u00c8VE"}]},{"@type":"WebSite","@id":"https:\/\/fr.365yawm.ma\/#website","url":"https:\/\/fr.365yawm.ma\/","name":"365YAWM fran\u00e7ais","description":"","publisher":{"@id":"https:\/\/fr.365yawm.ma\/#organization"},"potentialAction":[{"@type":"SearchAction","target":{"@type":"EntryPoint","urlTemplate":"https:\/\/fr.365yawm.ma\/?s={search_term_string}"},"query-input":{"@type":"PropertyValueSpecification","valueRequired":true,"valueName":"search_term_string"}}],"inLanguage":"fr-FR"},{"@type":"Organization","@id":"https:\/\/fr.365yawm.ma\/#organization","name":"365 yawm","url":"https:\/\/fr.365yawm.ma\/","logo":{"@type":"ImageObject","inLanguage":"fr-FR","@id":"https:\/\/fr.365yawm.ma\/#\/schema\/logo\/image\/","url":"https:\/\/fr.365yawm.ma\/wp-content\/uploads\/2020\/04\/icon.png","contentUrl":"https:\/\/fr.365yawm.ma\/wp-content\/uploads\/2020\/04\/icon.png","width":512,"height":512,"caption":"365 yawm"},"image":{"@id":"https:\/\/fr.365yawm.ma\/#\/schema\/logo\/image\/"}},{"@type":"Person","@id":"https:\/\/fr.365yawm.ma\/#\/schema\/person\/3ae7f285880cb2045c5b6a6925408e72","name":"fra365yawm","image":{"@type":"ImageObject","inLanguage":"fr-FR","@id":"https:\/\/fr.365yawm.ma\/#\/schema\/person\/image\/","url":"https:\/\/secure.gravatar.com\/avatar\/825cebdd359775298a5648431701cf17d00fd4fbec76f488ebc15fbeb220aa3a?s=96&d=mm&r=g","contentUrl":"https:\/\/secure.gravatar.com\/avatar\/825cebdd359775298a5648431701cf17d00fd4fbec76f488ebc15fbeb220aa3a?s=96&d=mm&r=g","caption":"fra365yawm"},"sameAs":["https:\/\/fr.365yawm.ma"]}]}},"jetpack_featured_media_url":"https:\/\/fr.365yawm.ma\/wp-content\/uploads\/2024\/01\/InShot_20240106_135957842.jpg","jetpack_sharing_enabled":true,"_links":{"self":[{"href":"https:\/\/fr.365yawm.ma\/index.php\/wp-json\/wp\/v2\/posts\/3992","targetHints":{"allow":["GET"]}}],"collection":[{"href":"https:\/\/fr.365yawm.ma\/index.php\/wp-json\/wp\/v2\/posts"}],"about":[{"href":"https:\/\/fr.365yawm.ma\/index.php\/wp-json\/wp\/v2\/types\/post"}],"author":[{"embeddable":true,"href":"https:\/\/fr.365yawm.ma\/index.php\/wp-json\/wp\/v2\/users\/1"}],"replies":[{"embeddable":true,"href":"https:\/\/fr.365yawm.ma\/index.php\/wp-json\/wp\/v2\/comments?post=3992"}],"version-history":[{"count":1,"href":"https:\/\/fr.365yawm.ma\/index.php\/wp-json\/wp\/v2\/posts\/3992\/revisions"}],"predecessor-version":[{"id":3995,"href":"https:\/\/fr.365yawm.ma\/index.php\/wp-json\/wp\/v2\/posts\/3992\/revisions\/3995"}],"wp:featuredmedia":[{"embeddable":true,"href":"https:\/\/fr.365yawm.ma\/index.php\/wp-json\/wp\/v2\/media\/3994"}],"wp:attachment":[{"href":"https:\/\/fr.365yawm.ma\/index.php\/wp-json\/wp\/v2\/media?parent=3992"}],"wp:term":[{"taxonomy":"category","embeddable":true,"href":"https:\/\/fr.365yawm.ma\/index.php\/wp-json\/wp\/v2\/categories?post=3992"},{"taxonomy":"post_tag","embeddable":true,"href":"https:\/\/fr.365yawm.ma\/index.php\/wp-json\/wp\/v2\/tags?post=3992"}],"curies":[{"name":"wp","href":"https:\/\/api.w.org\/{rel}","templated":true}]}}