{"id":3334,"date":"2023-08-17T13:14:39","date_gmt":"2023-08-17T11:14:39","guid":{"rendered":"https:\/\/fr.365yawm.ma\/?p=3334"},"modified":"2023-08-17T13:14:39","modified_gmt":"2023-08-17T11:14:39","slug":"un-celebre-youtubeur-interpelle-pour-incitation-a-lemigration-clandestine","status":"publish","type":"post","link":"https:\/\/fr.365yawm.ma\/index.php\/2023\/08\/17\/un-celebre-youtubeur-interpelle-pour-incitation-a-lemigration-clandestine\/","title":{"rendered":"UN C\u00c9L\u00c8BRE YOUTUBEUR INTERPELL\u00c9 POUR INCITATION \u00c0 L&rsquo;\u00c9MIGRATION CLANDESTINE"},"content":{"rendered":"<p><strong>Le c\u00e9l\u00e8bre influenceur et youtubeur, Ayoub Hichou, aurait \u00e9t\u00e9 interpell\u00e9 par les services s\u00e9curitaires de la ville de M\u2019diq\u00a0 \u00e0 cause d\u2019extraits d\u2019enregistrements vid\u00e9os publi\u00e9s sur ses comptes officiels sur les r\u00e9seaux sociaux Facebook et Instagram.<\/strong><\/p>\n<p><span style=\"text-transform: initial;\">Plusieurs m\u00e9dias ont soulign\u00e9 qu\u2019Ayoub Hichou, connu par ses vid\u00e9os spontan\u00e9es et humoristiques, est suspect\u00e9 d\u2019\u00eatre impliqu\u00e9 dans une affaire d\u2019incitation \u00e0 l\u2019\u00e9migration ill\u00e9gale, \u00e0 partir de la ville marocaine de Sebta, encore sous occupation espagnole.<\/span><\/p>\n","protected":false},"excerpt":{"rendered":"<p>Le c\u00e9l\u00e8bre influenceur et youtubeur, Ayoub Hichou, aurait \u00e9t\u00e9 interpell\u00e9 par les services s\u00e9curitaires de la ville de M\u2019diq\u00a0 \u00e0 cause d\u2019extraits d\u2019enregistrements vid\u00e9os publi\u00e9s sur ses comptes officiels sur les r\u00e9seaux sociaux Facebook et Instagram. Plusieurs m\u00e9dias ont soulign\u00e9 qu\u2019Ayoub Hichou, connu par ses vid\u00e9os spontan\u00e9es et humoristiques, est suspect\u00e9 d\u2019\u00eatre impliqu\u00e9 dans une [&hellip;]<\/p>\n","protected":false},"author":1,"featured_media":3335,"comment_status":"open","ping_status":"open","sticky":false,"template":"","format":"standard","meta":{"_bbp_topic_count":0,"_bbp_reply_count":0,"_bbp_total_topic_count":0,"_bbp_total_reply_count":0,"_bbp_voice_count":0,"_bbp_anonymous_reply_count":0,"_bbp_topic_count_hidden":0,"_bbp_reply_count_hidden":0,"_bbp_forum_subforum_count":0,"_jetpack_memberships_contains_paid_content":false,"footnotes":""},"categories":[26],"tags":[],"class_list":["post-3334","post","type-post","status-publish","format-standard","has-post-thumbnail","hentry","category-region"],"yoast_head":"<!-- This site is optimized with the Yoast SEO plugin v24.9 - https:\/\/yoast.com\/wordpress\/plugins\/seo\/ -->\n<title>UN C\u00c9L\u00c8BRE YOUTUBEUR INTERPELL\u00c9 POUR INCITATION \u00c0 L&#039;\u00c9MIGRATION CLANDESTINE - 365YAWM fran\u00e7ais<\/title>\n<meta name=\"robots\" content=\"index, follow, max-snippet:-1, max-image-preview:large, max-video-preview:-1\" \/>\n<link rel=\"canonical\" href=\"https:\/\/fr.365yawm.ma\/index.php\/2023\/08\/17\/un-celebre-youtubeur-interpelle-pour-incitation-a-lemigration-clandestine\/\" \/>\n<meta property=\"og:locale\" content=\"fr_FR\" \/>\n<meta property=\"og:type\" content=\"article\" \/>\n<meta property=\"og:title\" content=\"UN C\u00c9L\u00c8BRE YOUTUBEUR INTERPELL\u00c9 POUR INCITATION \u00c0 L&#039;\u00c9MIGRATION CLANDESTINE - 365YAWM fran\u00e7ais\" \/>\n<meta property=\"og:description\" content=\"Le c\u00e9l\u00e8bre influenceur et youtubeur, Ayoub Hichou, aurait \u00e9t\u00e9 interpell\u00e9 par les services s\u00e9curitaires de la ville de M\u2019diq\u00a0 \u00e0 cause d\u2019extraits d\u2019enregistrements vid\u00e9os publi\u00e9s sur ses comptes officiels sur les r\u00e9seaux sociaux Facebook et Instagram. Plusieurs m\u00e9dias ont soulign\u00e9 qu\u2019Ayoub Hichou, connu par ses vid\u00e9os spontan\u00e9es et humoristiques, est suspect\u00e9 d\u2019\u00eatre impliqu\u00e9 dans une [&hellip;]\" \/>\n<meta property=\"og:url\" content=\"https:\/\/fr.365yawm.ma\/index.php\/2023\/08\/17\/un-celebre-youtubeur-interpelle-pour-incitation-a-lemigration-clandestine\/\" \/>\n<meta property=\"og:site_name\" content=\"365YAWM fran\u00e7ais\" \/>\n<meta property=\"article:published_time\" content=\"2023-08-17T11:14:39+00:00\" \/>\n<meta property=\"og:image\" content=\"https:\/\/fr.365yawm.ma\/wp-content\/uploads\/2023\/08\/prisonnier.jpeg\" \/>\n\t<meta property=\"og:image:width\" content=\"1200\" \/>\n\t<meta property=\"og:image:height\" content=\"600\" \/>\n\t<meta property=\"og:image:type\" content=\"image\/jpeg\" \/>\n<meta name=\"author\" content=\"fra365yawm\" \/>\n<meta name=\"twitter:card\" content=\"summary_large_image\" \/>\n<meta name=\"twitter:label1\" content=\"\u00c9crit par\" \/>\n\t<meta name=\"twitter:data1\" content=\"fra365yawm\" \/>\n\t<meta name=\"twitter:label2\" content=\"Dur\u00e9e de lecture estim\u00e9e\" \/>\n\t<meta name=\"twitter:data2\" content=\"1 minute\" \/>\n<script type=\"application\/ld+json\" class=\"yoast-schema-graph\">{\"@context\":\"https:\/\/schema.org\",\"@graph\":[{\"@type\":\"Article\",\"@id\":\"https:\/\/fr.365yawm.ma\/index.php\/2023\/08\/17\/un-celebre-youtubeur-interpelle-pour-incitation-a-lemigration-clandestine\/#article\",\"isPartOf\":{\"@id\":\"https:\/\/fr.365yawm.ma\/index.php\/2023\/08\/17\/un-celebre-youtubeur-interpelle-pour-incitation-a-lemigration-clandestine\/\"},\"author\":{\"name\":\"fra365yawm\",\"@id\":\"https:\/\/fr.365yawm.ma\/#\/schema\/person\/3ae7f285880cb2045c5b6a6925408e72\"},\"headline\":\"UN C\u00c9L\u00c8BRE YOUTUBEUR INTERPELL\u00c9 POUR INCITATION \u00c0 L&rsquo;\u00c9MIGRATION CLANDESTINE\",\"datePublished\":\"2023-08-17T11:14:39+00:00\",\"mainEntityOfPage\":{\"@id\":\"https:\/\/fr.365yawm.ma\/index.php\/2023\/08\/17\/un-celebre-youtubeur-interpelle-pour-incitation-a-lemigration-clandestine\/\"},\"wordCount\":97,\"commentCount\":0,\"publisher\":{\"@id\":\"https:\/\/fr.365yawm.ma\/#organization\"},\"image\":{\"@id\":\"https:\/\/fr.365yawm.ma\/index.php\/2023\/08\/17\/un-celebre-youtubeur-interpelle-pour-incitation-a-lemigration-clandestine\/#primaryimage\"},\"thumbnailUrl\":\"https:\/\/fr.365yawm.ma\/wp-content\/uploads\/2023\/08\/prisonnier.jpeg\",\"articleSection\":[\"R\u00e9gion\"],\"inLanguage\":\"fr-FR\",\"potentialAction\":[{\"@type\":\"CommentAction\",\"name\":\"Comment\",\"target\":[\"https:\/\/fr.365yawm.ma\/index.php\/2023\/08\/17\/un-celebre-youtubeur-interpelle-pour-incitation-a-lemigration-clandestine\/#respond\"]}]},{\"@type\":\"WebPage\",\"@id\":\"https:\/\/fr.365yawm.ma\/index.php\/2023\/08\/17\/un-celebre-youtubeur-interpelle-pour-incitation-a-lemigration-clandestine\/\",\"url\":\"https:\/\/fr.365yawm.ma\/index.php\/2023\/08\/17\/un-celebre-youtubeur-interpelle-pour-incitation-a-lemigration-clandestine\/\",\"name\":\"UN C\u00c9L\u00c8BRE YOUTUBEUR INTERPELL\u00c9 POUR INCITATION \u00c0 L'\u00c9MIGRATION CLANDESTINE - 365YAWM fran\u00e7ais\",\"isPartOf\":{\"@id\":\"https:\/\/fr.365yawm.ma\/#website\"},\"primaryImageOfPage\":{\"@id\":\"https:\/\/fr.365yawm.ma\/index.php\/2023\/08\/17\/un-celebre-youtubeur-interpelle-pour-incitation-a-lemigration-clandestine\/#primaryimage\"},\"image\":{\"@id\":\"https:\/\/fr.365yawm.ma\/index.php\/2023\/08\/17\/un-celebre-youtubeur-interpelle-pour-incitation-a-lemigration-clandestine\/#primaryimage\"},\"thumbnailUrl\":\"https:\/\/fr.365yawm.ma\/wp-content\/uploads\/2023\/08\/prisonnier.jpeg\",\"datePublished\":\"2023-08-17T11:14:39+00:00\",\"breadcrumb\":{\"@id\":\"https:\/\/fr.365yawm.ma\/index.php\/2023\/08\/17\/un-celebre-youtubeur-interpelle-pour-incitation-a-lemigration-clandestine\/#breadcrumb\"},\"inLanguage\":\"fr-FR\",\"potentialAction\":[{\"@type\":\"ReadAction\",\"target\":[\"https:\/\/fr.365yawm.ma\/index.php\/2023\/08\/17\/un-celebre-youtubeur-interpelle-pour-incitation-a-lemigration-clandestine\/\"]}]},{\"@type\":\"ImageObject\",\"inLanguage\":\"fr-FR\",\"@id\":\"https:\/\/fr.365yawm.ma\/index.php\/2023\/08\/17\/un-celebre-youtubeur-interpelle-pour-incitation-a-lemigration-clandestine\/#primaryimage\",\"url\":\"https:\/\/fr.365yawm.ma\/wp-content\/uploads\/2023\/08\/prisonnier.jpeg\",\"contentUrl\":\"https:\/\/fr.365yawm.ma\/wp-content\/uploads\/2023\/08\/prisonnier.jpeg\",\"width\":1200,\"height\":600},{\"@type\":\"BreadcrumbList\",\"@id\":\"https:\/\/fr.365yawm.ma\/index.php\/2023\/08\/17\/un-celebre-youtubeur-interpelle-pour-incitation-a-lemigration-clandestine\/#breadcrumb\",\"itemListElement\":[{\"@type\":\"ListItem\",\"position\":1,\"name\":\"Accueil\",\"item\":\"https:\/\/fr.365yawm.ma\/\"},{\"@type\":\"ListItem\",\"position\":2,\"name\":\"UN C\u00c9L\u00c8BRE YOUTUBEUR INTERPELL\u00c9 POUR INCITATION \u00c0 L&rsquo;\u00c9MIGRATION CLANDESTINE\"}]},{\"@type\":\"WebSite\",\"@id\":\"https:\/\/fr.365yawm.ma\/#website\",\"url\":\"https:\/\/fr.365yawm.ma\/\",\"name\":\"365YAWM fran\u00e7ais\",\"description\":\"\",\"publisher\":{\"@id\":\"https:\/\/fr.365yawm.ma\/#organization\"},\"potentialAction\":[{\"@type\":\"SearchAction\",\"target\":{\"@type\":\"EntryPoint\",\"urlTemplate\":\"https:\/\/fr.365yawm.ma\/?s={search_term_string}\"},\"query-input\":{\"@type\":\"PropertyValueSpecification\",\"valueRequired\":true,\"valueName\":\"search_term_string\"}}],\"inLanguage\":\"fr-FR\"},{\"@type\":\"Organization\",\"@id\":\"https:\/\/fr.365yawm.ma\/#organization\",\"name\":\"365 yawm\",\"url\":\"https:\/\/fr.365yawm.ma\/\",\"logo\":{\"@type\":\"ImageObject\",\"inLanguage\":\"fr-FR\",\"@id\":\"https:\/\/fr.365yawm.ma\/#\/schema\/logo\/image\/\",\"url\":\"https:\/\/fr.365yawm.ma\/wp-content\/uploads\/2020\/04\/icon.png\",\"contentUrl\":\"https:\/\/fr.365yawm.ma\/wp-content\/uploads\/2020\/04\/icon.png\",\"width\":512,\"height\":512,\"caption\":\"365 yawm\"},\"image\":{\"@id\":\"https:\/\/fr.365yawm.ma\/#\/schema\/logo\/image\/\"}},{\"@type\":\"Person\",\"@id\":\"https:\/\/fr.365yawm.ma\/#\/schema\/person\/3ae7f285880cb2045c5b6a6925408e72\",\"name\":\"fra365yawm\",\"image\":{\"@type\":\"ImageObject\",\"inLanguage\":\"fr-FR\",\"@id\":\"https:\/\/fr.365yawm.ma\/#\/schema\/person\/image\/\",\"url\":\"https:\/\/secure.gravatar.com\/avatar\/825cebdd359775298a5648431701cf17d00fd4fbec76f488ebc15fbeb220aa3a?s=96&d=mm&r=g\",\"contentUrl\":\"https:\/\/secure.gravatar.com\/avatar\/825cebdd359775298a5648431701cf17d00fd4fbec76f488ebc15fbeb220aa3a?s=96&d=mm&r=g\",\"caption\":\"fra365yawm\"},\"sameAs\":[\"https:\/\/fr.365yawm.ma\"]}]}<\/script>\n<!-- \/ Yoast SEO plugin. -->","yoast_head_json":{"title":"UN C\u00c9L\u00c8BRE YOUTUBEUR INTERPELL\u00c9 POUR INCITATION \u00c0 L'\u00c9MIGRATION CLANDESTINE - 365YAWM fran\u00e7ais","robots":{"index":"index","follow":"follow","max-snippet":"max-snippet:-1","max-image-preview":"max-image-preview:large","max-video-preview":"max-video-preview:-1"},"canonical":"https:\/\/fr.365yawm.ma\/index.php\/2023\/08\/17\/un-celebre-youtubeur-interpelle-pour-incitation-a-lemigration-clandestine\/","og_locale":"fr_FR","og_type":"article","og_title":"UN C\u00c9L\u00c8BRE YOUTUBEUR INTERPELL\u00c9 POUR INCITATION \u00c0 L'\u00c9MIGRATION CLANDESTINE - 365YAWM fran\u00e7ais","og_description":"Le c\u00e9l\u00e8bre influenceur et youtubeur, Ayoub Hichou, aurait \u00e9t\u00e9 interpell\u00e9 par les services s\u00e9curitaires de la ville de M\u2019diq\u00a0 \u00e0 cause d\u2019extraits d\u2019enregistrements vid\u00e9os publi\u00e9s sur ses comptes officiels sur les r\u00e9seaux sociaux Facebook et Instagram. Plusieurs m\u00e9dias ont soulign\u00e9 qu\u2019Ayoub Hichou, connu par ses vid\u00e9os spontan\u00e9es et humoristiques, est suspect\u00e9 d\u2019\u00eatre impliqu\u00e9 dans une [&hellip;]","og_url":"https:\/\/fr.365yawm.ma\/index.php\/2023\/08\/17\/un-celebre-youtubeur-interpelle-pour-incitation-a-lemigration-clandestine\/","og_site_name":"365YAWM fran\u00e7ais","article_published_time":"2023-08-17T11:14:39+00:00","og_image":[{"width":1200,"height":600,"url":"https:\/\/fr.365yawm.ma\/wp-content\/uploads\/2023\/08\/prisonnier.jpeg","type":"image\/jpeg"}],"author":"fra365yawm","twitter_card":"summary_large_image","twitter_misc":{"\u00c9crit par":"fra365yawm","Dur\u00e9e de lecture estim\u00e9e":"1 minute"},"schema":{"@context":"https:\/\/schema.org","@graph":[{"@type":"Article","@id":"https:\/\/fr.365yawm.ma\/index.php\/2023\/08\/17\/un-celebre-youtubeur-interpelle-pour-incitation-a-lemigration-clandestine\/#article","isPartOf":{"@id":"https:\/\/fr.365yawm.ma\/index.php\/2023\/08\/17\/un-celebre-youtubeur-interpelle-pour-incitation-a-lemigration-clandestine\/"},"author":{"name":"fra365yawm","@id":"https:\/\/fr.365yawm.ma\/#\/schema\/person\/3ae7f285880cb2045c5b6a6925408e72"},"headline":"UN C\u00c9L\u00c8BRE YOUTUBEUR INTERPELL\u00c9 POUR INCITATION \u00c0 L&rsquo;\u00c9MIGRATION CLANDESTINE","datePublished":"2023-08-17T11:14:39+00:00","mainEntityOfPage":{"@id":"https:\/\/fr.365yawm.ma\/index.php\/2023\/08\/17\/un-celebre-youtubeur-interpelle-pour-incitation-a-lemigration-clandestine\/"},"wordCount":97,"commentCount":0,"publisher":{"@id":"https:\/\/fr.365yawm.ma\/#organization"},"image":{"@id":"https:\/\/fr.365yawm.ma\/index.php\/2023\/08\/17\/un-celebre-youtubeur-interpelle-pour-incitation-a-lemigration-clandestine\/#primaryimage"},"thumbnailUrl":"https:\/\/fr.365yawm.ma\/wp-content\/uploads\/2023\/08\/prisonnier.jpeg","articleSection":["R\u00e9gion"],"inLanguage":"fr-FR","potentialAction":[{"@type":"CommentAction","name":"Comment","target":["https:\/\/fr.365yawm.ma\/index.php\/2023\/08\/17\/un-celebre-youtubeur-interpelle-pour-incitation-a-lemigration-clandestine\/#respond"]}]},{"@type":"WebPage","@id":"https:\/\/fr.365yawm.ma\/index.php\/2023\/08\/17\/un-celebre-youtubeur-interpelle-pour-incitation-a-lemigration-clandestine\/","url":"https:\/\/fr.365yawm.ma\/index.php\/2023\/08\/17\/un-celebre-youtubeur-interpelle-pour-incitation-a-lemigration-clandestine\/","name":"UN C\u00c9L\u00c8BRE YOUTUBEUR INTERPELL\u00c9 POUR INCITATION \u00c0 L'\u00c9MIGRATION CLANDESTINE - 365YAWM fran\u00e7ais","isPartOf":{"@id":"https:\/\/fr.365yawm.ma\/#website"},"primaryImageOfPage":{"@id":"https:\/\/fr.365yawm.ma\/index.php\/2023\/08\/17\/un-celebre-youtubeur-interpelle-pour-incitation-a-lemigration-clandestine\/#primaryimage"},"image":{"@id":"https:\/\/fr.365yawm.ma\/index.php\/2023\/08\/17\/un-celebre-youtubeur-interpelle-pour-incitation-a-lemigration-clandestine\/#primaryimage"},"thumbnailUrl":"https:\/\/fr.365yawm.ma\/wp-content\/uploads\/2023\/08\/prisonnier.jpeg","datePublished":"2023-08-17T11:14:39+00:00","breadcrumb":{"@id":"https:\/\/fr.365yawm.ma\/index.php\/2023\/08\/17\/un-celebre-youtubeur-interpelle-pour-incitation-a-lemigration-clandestine\/#breadcrumb"},"inLanguage":"fr-FR","potentialAction":[{"@type":"ReadAction","target":["https:\/\/fr.365yawm.ma\/index.php\/2023\/08\/17\/un-celebre-youtubeur-interpelle-pour-incitation-a-lemigration-clandestine\/"]}]},{"@type":"ImageObject","inLanguage":"fr-FR","@id":"https:\/\/fr.365yawm.ma\/index.php\/2023\/08\/17\/un-celebre-youtubeur-interpelle-pour-incitation-a-lemigration-clandestine\/#primaryimage","url":"https:\/\/fr.365yawm.ma\/wp-content\/uploads\/2023\/08\/prisonnier.jpeg","contentUrl":"https:\/\/fr.365yawm.ma\/wp-content\/uploads\/2023\/08\/prisonnier.jpeg","width":1200,"height":600},{"@type":"BreadcrumbList","@id":"https:\/\/fr.365yawm.ma\/index.php\/2023\/08\/17\/un-celebre-youtubeur-interpelle-pour-incitation-a-lemigration-clandestine\/#breadcrumb","itemListElement":[{"@type":"ListItem","position":1,"name":"Accueil","item":"https:\/\/fr.365yawm.ma\/"},{"@type":"ListItem","position":2,"name":"UN C\u00c9L\u00c8BRE YOUTUBEUR INTERPELL\u00c9 POUR INCITATION \u00c0 L&rsquo;\u00c9MIGRATION CLANDESTINE"}]},{"@type":"WebSite","@id":"https:\/\/fr.365yawm.ma\/#website","url":"https:\/\/fr.365yawm.ma\/","name":"365YAWM fran\u00e7ais","description":"","publisher":{"@id":"https:\/\/fr.365yawm.ma\/#organization"},"potentialAction":[{"@type":"SearchAction","target":{"@type":"EntryPoint","urlTemplate":"https:\/\/fr.365yawm.ma\/?s={search_term_string}"},"query-input":{"@type":"PropertyValueSpecification","valueRequired":true,"valueName":"search_term_string"}}],"inLanguage":"fr-FR"},{"@type":"Organization","@id":"https:\/\/fr.365yawm.ma\/#organization","name":"365 yawm","url":"https:\/\/fr.365yawm.ma\/","logo":{"@type":"ImageObject","inLanguage":"fr-FR","@id":"https:\/\/fr.365yawm.ma\/#\/schema\/logo\/image\/","url":"https:\/\/fr.365yawm.ma\/wp-content\/uploads\/2020\/04\/icon.png","contentUrl":"https:\/\/fr.365yawm.ma\/wp-content\/uploads\/2020\/04\/icon.png","width":512,"height":512,"caption":"365 yawm"},"image":{"@id":"https:\/\/fr.365yawm.ma\/#\/schema\/logo\/image\/"}},{"@type":"Person","@id":"https:\/\/fr.365yawm.ma\/#\/schema\/person\/3ae7f285880cb2045c5b6a6925408e72","name":"fra365yawm","image":{"@type":"ImageObject","inLanguage":"fr-FR","@id":"https:\/\/fr.365yawm.ma\/#\/schema\/person\/image\/","url":"https:\/\/secure.gravatar.com\/avatar\/825cebdd359775298a5648431701cf17d00fd4fbec76f488ebc15fbeb220aa3a?s=96&d=mm&r=g","contentUrl":"https:\/\/secure.gravatar.com\/avatar\/825cebdd359775298a5648431701cf17d00fd4fbec76f488ebc15fbeb220aa3a?s=96&d=mm&r=g","caption":"fra365yawm"},"sameAs":["https:\/\/fr.365yawm.ma"]}]}},"jetpack_featured_media_url":"https:\/\/fr.365yawm.ma\/wp-content\/uploads\/2023\/08\/prisonnier.jpeg","jetpack_sharing_enabled":true,"_links":{"self":[{"href":"https:\/\/fr.365yawm.ma\/index.php\/wp-json\/wp\/v2\/posts\/3334","targetHints":{"allow":["GET"]}}],"collection":[{"href":"https:\/\/fr.365yawm.ma\/index.php\/wp-json\/wp\/v2\/posts"}],"about":[{"href":"https:\/\/fr.365yawm.ma\/index.php\/wp-json\/wp\/v2\/types\/post"}],"author":[{"embeddable":true,"href":"https:\/\/fr.365yawm.ma\/index.php\/wp-json\/wp\/v2\/users\/1"}],"replies":[{"embeddable":true,"href":"https:\/\/fr.365yawm.ma\/index.php\/wp-json\/wp\/v2\/comments?post=3334"}],"version-history":[{"count":1,"href":"https:\/\/fr.365yawm.ma\/index.php\/wp-json\/wp\/v2\/posts\/3334\/revisions"}],"predecessor-version":[{"id":3336,"href":"https:\/\/fr.365yawm.ma\/index.php\/wp-json\/wp\/v2\/posts\/3334\/revisions\/3336"}],"wp:featuredmedia":[{"embeddable":true,"href":"https:\/\/fr.365yawm.ma\/index.php\/wp-json\/wp\/v2\/media\/3335"}],"wp:attachment":[{"href":"https:\/\/fr.365yawm.ma\/index.php\/wp-json\/wp\/v2\/media?parent=3334"}],"wp:term":[{"taxonomy":"category","embeddable":true,"href":"https:\/\/fr.365yawm.ma\/index.php\/wp-json\/wp\/v2\/categories?post=3334"},{"taxonomy":"post_tag","embeddable":true,"href":"https:\/\/fr.365yawm.ma\/index.php\/wp-json\/wp\/v2\/tags?post=3334"}],"curies":[{"name":"wp","href":"https:\/\/api.w.org\/{rel}","templated":true}]}}