{"id":2231,"date":"2022-11-07T20:41:31","date_gmt":"2022-11-07T19:41:31","guid":{"rendered":"https:\/\/fr.365yawm.ma\/?p=2231"},"modified":"2022-11-07T20:41:31","modified_gmt":"2022-11-07T19:41:31","slug":"meurtre-de-letudiant-anouar-une-jeune-fille-de-17-ans-interpellee-a-tetouan","status":"publish","type":"post","link":"https:\/\/fr.365yawm.ma\/index.php\/2022\/11\/07\/meurtre-de-letudiant-anouar-une-jeune-fille-de-17-ans-interpellee-a-tetouan\/","title":{"rendered":"MEURTRE DE L&rsquo;\u00c9TUDIANT ANOUAR: UNE JEUNE FILLE DE 17 ANS INTERPELL\u00c9E A T\u00c9TOUAN"},"content":{"rendered":"<p><strong>Les \u00e9l\u00e9ments de la Brigade pr\u00e9fectorale de la police judiciaire \u00e0 Tanger ont interpell\u00e9, ce lundi, une fille \u00e2g\u00e9e\u00a0de 17 ans suspect\u00e9e d&rsquo;avoir commis le meurtre du jeune \u00e9tudiant Anouar. Un des membres de la famille de la\u00a0jeune fille a \u00e9galement \u00e9t\u00e9 arr\u00eat\u00e9 pour non-d\u00e9nonciation et dissimulation de l&rsquo;arme\u00a0du\u00a0crime et de revenus issus d&rsquo;activit\u00e9s criminelles, pr\u00e9cise un communiqu\u00e9 de la direction g\u00e9n\u00e9rale de la S\u00fbret\u00e9 nationale (DGSN).\u00a0Les investigations sont en cours pour d\u00e9terminer les circonstances du crime et\u00a0la raison\u00a0pour\u00a0laquelle il\u00a0a\u00a0\u00e9t\u00e9 commis<\/strong>.<\/p>\n<p>Anouar\u00a0avait \u00e9t\u00e9 retrouv\u00e9 mort samedi 5 novembre par ses proches dans son appartement situ\u00e9 pr\u00e8s du quartier\u00a0universitaire de Tanger.\u00a0Le d\u00e9c\u00e8s de ce jeune homme de 20 ans, connu TikTok, a cr\u00e9\u00e9 l\u2019\u00e9moi dans toute la ville et sur Internet. Sur les r\u00e9seaux sociaux, ils ont t\u00e9moign\u00e9 leur sympathie et leur solidarit\u00e9 avec la famille de la victime \u00e0 travers diff\u00e9rents hashtags, dont #JusticeforAnouar et #WeAreAllAnouar. Ils ont condamn\u00e9 ce meurtre \u00ab\u00a0odieux\u00a0\u00bb et r\u00e9clam\u00e9 justice pour la famille du d\u00e9funt.<\/p>\n","protected":false},"excerpt":{"rendered":"<p>Les \u00e9l\u00e9ments de la Brigade pr\u00e9fectorale de la police judiciaire \u00e0 Tanger ont interpell\u00e9, ce lundi, une fille \u00e2g\u00e9e\u00a0de 17 ans suspect\u00e9e d&rsquo;avoir commis le meurtre du jeune \u00e9tudiant Anouar. Un des membres de la famille de la\u00a0jeune fille a \u00e9galement \u00e9t\u00e9 arr\u00eat\u00e9 pour non-d\u00e9nonciation et dissimulation de l&rsquo;arme\u00a0du\u00a0crime et de revenus issus d&rsquo;activit\u00e9s criminelles, [&hellip;]<\/p>\n","protected":false},"author":1,"featured_media":2232,"comment_status":"open","ping_status":"open","sticky":false,"template":"","format":"image","meta":{"_bbp_topic_count":0,"_bbp_reply_count":0,"_bbp_total_topic_count":0,"_bbp_total_reply_count":0,"_bbp_voice_count":0,"_bbp_anonymous_reply_count":0,"_bbp_topic_count_hidden":0,"_bbp_reply_count_hidden":0,"_bbp_forum_subforum_count":0,"_jetpack_memberships_contains_paid_content":false,"footnotes":""},"categories":[30],"tags":[],"class_list":["post-2231","post","type-post","status-publish","format-image","has-post-thumbnail","hentry","category-societe","post_format-post-format-image"],"yoast_head":"<!-- This site is optimized with the Yoast SEO plugin v24.9 - https:\/\/yoast.com\/wordpress\/plugins\/seo\/ -->\n<title>MEURTRE DE L&#039;\u00c9TUDIANT ANOUAR: UNE JEUNE FILLE DE 17 ANS INTERPELL\u00c9E A T\u00c9TOUAN - 365YAWM fran\u00e7ais<\/title>\n<meta name=\"robots\" content=\"index, follow, max-snippet:-1, max-image-preview:large, max-video-preview:-1\" \/>\n<link rel=\"canonical\" href=\"https:\/\/fr.365yawm.ma\/index.php\/2022\/11\/07\/meurtre-de-letudiant-anouar-une-jeune-fille-de-17-ans-interpellee-a-tetouan\/\" \/>\n<meta property=\"og:locale\" content=\"fr_FR\" \/>\n<meta property=\"og:type\" content=\"article\" \/>\n<meta property=\"og:title\" content=\"MEURTRE DE L&#039;\u00c9TUDIANT ANOUAR: UNE JEUNE FILLE DE 17 ANS INTERPELL\u00c9E A T\u00c9TOUAN - 365YAWM fran\u00e7ais\" \/>\n<meta property=\"og:description\" content=\"Les \u00e9l\u00e9ments de la Brigade pr\u00e9fectorale de la police judiciaire \u00e0 Tanger ont interpell\u00e9, ce lundi, une fille \u00e2g\u00e9e\u00a0de 17 ans suspect\u00e9e d&rsquo;avoir commis le meurtre du jeune \u00e9tudiant Anouar. Un des membres de la famille de la\u00a0jeune fille a \u00e9galement \u00e9t\u00e9 arr\u00eat\u00e9 pour non-d\u00e9nonciation et dissimulation de l&rsquo;arme\u00a0du\u00a0crime et de revenus issus d&rsquo;activit\u00e9s criminelles, [&hellip;]\" \/>\n<meta property=\"og:url\" content=\"https:\/\/fr.365yawm.ma\/index.php\/2022\/11\/07\/meurtre-de-letudiant-anouar-une-jeune-fille-de-17-ans-interpellee-a-tetouan\/\" \/>\n<meta property=\"og:site_name\" content=\"365YAWM fran\u00e7ais\" \/>\n<meta property=\"article:published_time\" content=\"2022-11-07T19:41:31+00:00\" \/>\n<meta property=\"og:image\" content=\"https:\/\/fr.365yawm.ma\/wp-content\/uploads\/2022\/11\/1667849693643.jpg\" \/>\n\t<meta property=\"og:image:width\" content=\"1080\" \/>\n\t<meta property=\"og:image:height\" content=\"1080\" \/>\n\t<meta property=\"og:image:type\" content=\"image\/jpeg\" \/>\n<meta name=\"author\" content=\"fra365yawm\" \/>\n<meta name=\"twitter:card\" content=\"summary_large_image\" \/>\n<meta name=\"twitter:label1\" content=\"\u00c9crit par\" \/>\n\t<meta name=\"twitter:data1\" content=\"fra365yawm\" \/>\n\t<meta name=\"twitter:label2\" content=\"Dur\u00e9e de lecture estim\u00e9e\" \/>\n\t<meta name=\"twitter:data2\" content=\"1 minute\" \/>\n<script type=\"application\/ld+json\" class=\"yoast-schema-graph\">{\"@context\":\"https:\/\/schema.org\",\"@graph\":[{\"@type\":\"Article\",\"@id\":\"https:\/\/fr.365yawm.ma\/index.php\/2022\/11\/07\/meurtre-de-letudiant-anouar-une-jeune-fille-de-17-ans-interpellee-a-tetouan\/#article\",\"isPartOf\":{\"@id\":\"https:\/\/fr.365yawm.ma\/index.php\/2022\/11\/07\/meurtre-de-letudiant-anouar-une-jeune-fille-de-17-ans-interpellee-a-tetouan\/\"},\"author\":{\"name\":\"fra365yawm\",\"@id\":\"https:\/\/fr.365yawm.ma\/#\/schema\/person\/3ae7f285880cb2045c5b6a6925408e72\"},\"headline\":\"MEURTRE DE L&rsquo;\u00c9TUDIANT ANOUAR: UNE JEUNE FILLE DE 17 ANS INTERPELL\u00c9E A T\u00c9TOUAN\",\"datePublished\":\"2022-11-07T19:41:31+00:00\",\"mainEntityOfPage\":{\"@id\":\"https:\/\/fr.365yawm.ma\/index.php\/2022\/11\/07\/meurtre-de-letudiant-anouar-une-jeune-fille-de-17-ans-interpellee-a-tetouan\/\"},\"wordCount\":204,\"commentCount\":0,\"publisher\":{\"@id\":\"https:\/\/fr.365yawm.ma\/#organization\"},\"image\":{\"@id\":\"https:\/\/fr.365yawm.ma\/index.php\/2022\/11\/07\/meurtre-de-letudiant-anouar-une-jeune-fille-de-17-ans-interpellee-a-tetouan\/#primaryimage\"},\"thumbnailUrl\":\"https:\/\/fr.365yawm.ma\/wp-content\/uploads\/2022\/11\/1667849693643.jpg\",\"articleSection\":[\"Soci\u00e9t\u00e9\"],\"inLanguage\":\"fr-FR\",\"potentialAction\":[{\"@type\":\"CommentAction\",\"name\":\"Comment\",\"target\":[\"https:\/\/fr.365yawm.ma\/index.php\/2022\/11\/07\/meurtre-de-letudiant-anouar-une-jeune-fille-de-17-ans-interpellee-a-tetouan\/#respond\"]}]},{\"@type\":\"WebPage\",\"@id\":\"https:\/\/fr.365yawm.ma\/index.php\/2022\/11\/07\/meurtre-de-letudiant-anouar-une-jeune-fille-de-17-ans-interpellee-a-tetouan\/\",\"url\":\"https:\/\/fr.365yawm.ma\/index.php\/2022\/11\/07\/meurtre-de-letudiant-anouar-une-jeune-fille-de-17-ans-interpellee-a-tetouan\/\",\"name\":\"MEURTRE DE L'\u00c9TUDIANT ANOUAR: UNE JEUNE FILLE DE 17 ANS INTERPELL\u00c9E A T\u00c9TOUAN - 365YAWM fran\u00e7ais\",\"isPartOf\":{\"@id\":\"https:\/\/fr.365yawm.ma\/#website\"},\"primaryImageOfPage\":{\"@id\":\"https:\/\/fr.365yawm.ma\/index.php\/2022\/11\/07\/meurtre-de-letudiant-anouar-une-jeune-fille-de-17-ans-interpellee-a-tetouan\/#primaryimage\"},\"image\":{\"@id\":\"https:\/\/fr.365yawm.ma\/index.php\/2022\/11\/07\/meurtre-de-letudiant-anouar-une-jeune-fille-de-17-ans-interpellee-a-tetouan\/#primaryimage\"},\"thumbnailUrl\":\"https:\/\/fr.365yawm.ma\/wp-content\/uploads\/2022\/11\/1667849693643.jpg\",\"datePublished\":\"2022-11-07T19:41:31+00:00\",\"breadcrumb\":{\"@id\":\"https:\/\/fr.365yawm.ma\/index.php\/2022\/11\/07\/meurtre-de-letudiant-anouar-une-jeune-fille-de-17-ans-interpellee-a-tetouan\/#breadcrumb\"},\"inLanguage\":\"fr-FR\",\"potentialAction\":[{\"@type\":\"ReadAction\",\"target\":[\"https:\/\/fr.365yawm.ma\/index.php\/2022\/11\/07\/meurtre-de-letudiant-anouar-une-jeune-fille-de-17-ans-interpellee-a-tetouan\/\"]}]},{\"@type\":\"ImageObject\",\"inLanguage\":\"fr-FR\",\"@id\":\"https:\/\/fr.365yawm.ma\/index.php\/2022\/11\/07\/meurtre-de-letudiant-anouar-une-jeune-fille-de-17-ans-interpellee-a-tetouan\/#primaryimage\",\"url\":\"https:\/\/fr.365yawm.ma\/wp-content\/uploads\/2022\/11\/1667849693643.jpg\",\"contentUrl\":\"https:\/\/fr.365yawm.ma\/wp-content\/uploads\/2022\/11\/1667849693643.jpg\",\"width\":1080,\"height\":1080},{\"@type\":\"BreadcrumbList\",\"@id\":\"https:\/\/fr.365yawm.ma\/index.php\/2022\/11\/07\/meurtre-de-letudiant-anouar-une-jeune-fille-de-17-ans-interpellee-a-tetouan\/#breadcrumb\",\"itemListElement\":[{\"@type\":\"ListItem\",\"position\":1,\"name\":\"Accueil\",\"item\":\"https:\/\/fr.365yawm.ma\/\"},{\"@type\":\"ListItem\",\"position\":2,\"name\":\"MEURTRE DE L&rsquo;\u00c9TUDIANT ANOUAR: UNE JEUNE FILLE DE 17 ANS INTERPELL\u00c9E A T\u00c9TOUAN\"}]},{\"@type\":\"WebSite\",\"@id\":\"https:\/\/fr.365yawm.ma\/#website\",\"url\":\"https:\/\/fr.365yawm.ma\/\",\"name\":\"365YAWM fran\u00e7ais\",\"description\":\"\",\"publisher\":{\"@id\":\"https:\/\/fr.365yawm.ma\/#organization\"},\"potentialAction\":[{\"@type\":\"SearchAction\",\"target\":{\"@type\":\"EntryPoint\",\"urlTemplate\":\"https:\/\/fr.365yawm.ma\/?s={search_term_string}\"},\"query-input\":{\"@type\":\"PropertyValueSpecification\",\"valueRequired\":true,\"valueName\":\"search_term_string\"}}],\"inLanguage\":\"fr-FR\"},{\"@type\":\"Organization\",\"@id\":\"https:\/\/fr.365yawm.ma\/#organization\",\"name\":\"365 yawm\",\"url\":\"https:\/\/fr.365yawm.ma\/\",\"logo\":{\"@type\":\"ImageObject\",\"inLanguage\":\"fr-FR\",\"@id\":\"https:\/\/fr.365yawm.ma\/#\/schema\/logo\/image\/\",\"url\":\"https:\/\/fr.365yawm.ma\/wp-content\/uploads\/2020\/04\/icon.png\",\"contentUrl\":\"https:\/\/fr.365yawm.ma\/wp-content\/uploads\/2020\/04\/icon.png\",\"width\":512,\"height\":512,\"caption\":\"365 yawm\"},\"image\":{\"@id\":\"https:\/\/fr.365yawm.ma\/#\/schema\/logo\/image\/\"}},{\"@type\":\"Person\",\"@id\":\"https:\/\/fr.365yawm.ma\/#\/schema\/person\/3ae7f285880cb2045c5b6a6925408e72\",\"name\":\"fra365yawm\",\"image\":{\"@type\":\"ImageObject\",\"inLanguage\":\"fr-FR\",\"@id\":\"https:\/\/fr.365yawm.ma\/#\/schema\/person\/image\/\",\"url\":\"https:\/\/secure.gravatar.com\/avatar\/825cebdd359775298a5648431701cf17d00fd4fbec76f488ebc15fbeb220aa3a?s=96&d=mm&r=g\",\"contentUrl\":\"https:\/\/secure.gravatar.com\/avatar\/825cebdd359775298a5648431701cf17d00fd4fbec76f488ebc15fbeb220aa3a?s=96&d=mm&r=g\",\"caption\":\"fra365yawm\"},\"sameAs\":[\"https:\/\/fr.365yawm.ma\"]}]}<\/script>\n<!-- \/ Yoast SEO plugin. -->","yoast_head_json":{"title":"MEURTRE DE L'\u00c9TUDIANT ANOUAR: UNE JEUNE FILLE DE 17 ANS INTERPELL\u00c9E A T\u00c9TOUAN - 365YAWM fran\u00e7ais","robots":{"index":"index","follow":"follow","max-snippet":"max-snippet:-1","max-image-preview":"max-image-preview:large","max-video-preview":"max-video-preview:-1"},"canonical":"https:\/\/fr.365yawm.ma\/index.php\/2022\/11\/07\/meurtre-de-letudiant-anouar-une-jeune-fille-de-17-ans-interpellee-a-tetouan\/","og_locale":"fr_FR","og_type":"article","og_title":"MEURTRE DE L'\u00c9TUDIANT ANOUAR: UNE JEUNE FILLE DE 17 ANS INTERPELL\u00c9E A T\u00c9TOUAN - 365YAWM fran\u00e7ais","og_description":"Les \u00e9l\u00e9ments de la Brigade pr\u00e9fectorale de la police judiciaire \u00e0 Tanger ont interpell\u00e9, ce lundi, une fille \u00e2g\u00e9e\u00a0de 17 ans suspect\u00e9e d&rsquo;avoir commis le meurtre du jeune \u00e9tudiant Anouar. Un des membres de la famille de la\u00a0jeune fille a \u00e9galement \u00e9t\u00e9 arr\u00eat\u00e9 pour non-d\u00e9nonciation et dissimulation de l&rsquo;arme\u00a0du\u00a0crime et de revenus issus d&rsquo;activit\u00e9s criminelles, [&hellip;]","og_url":"https:\/\/fr.365yawm.ma\/index.php\/2022\/11\/07\/meurtre-de-letudiant-anouar-une-jeune-fille-de-17-ans-interpellee-a-tetouan\/","og_site_name":"365YAWM fran\u00e7ais","article_published_time":"2022-11-07T19:41:31+00:00","og_image":[{"width":1080,"height":1080,"url":"https:\/\/fr.365yawm.ma\/wp-content\/uploads\/2022\/11\/1667849693643.jpg","type":"image\/jpeg"}],"author":"fra365yawm","twitter_card":"summary_large_image","twitter_misc":{"\u00c9crit par":"fra365yawm","Dur\u00e9e de lecture estim\u00e9e":"1 minute"},"schema":{"@context":"https:\/\/schema.org","@graph":[{"@type":"Article","@id":"https:\/\/fr.365yawm.ma\/index.php\/2022\/11\/07\/meurtre-de-letudiant-anouar-une-jeune-fille-de-17-ans-interpellee-a-tetouan\/#article","isPartOf":{"@id":"https:\/\/fr.365yawm.ma\/index.php\/2022\/11\/07\/meurtre-de-letudiant-anouar-une-jeune-fille-de-17-ans-interpellee-a-tetouan\/"},"author":{"name":"fra365yawm","@id":"https:\/\/fr.365yawm.ma\/#\/schema\/person\/3ae7f285880cb2045c5b6a6925408e72"},"headline":"MEURTRE DE L&rsquo;\u00c9TUDIANT ANOUAR: UNE JEUNE FILLE DE 17 ANS INTERPELL\u00c9E A T\u00c9TOUAN","datePublished":"2022-11-07T19:41:31+00:00","mainEntityOfPage":{"@id":"https:\/\/fr.365yawm.ma\/index.php\/2022\/11\/07\/meurtre-de-letudiant-anouar-une-jeune-fille-de-17-ans-interpellee-a-tetouan\/"},"wordCount":204,"commentCount":0,"publisher":{"@id":"https:\/\/fr.365yawm.ma\/#organization"},"image":{"@id":"https:\/\/fr.365yawm.ma\/index.php\/2022\/11\/07\/meurtre-de-letudiant-anouar-une-jeune-fille-de-17-ans-interpellee-a-tetouan\/#primaryimage"},"thumbnailUrl":"https:\/\/fr.365yawm.ma\/wp-content\/uploads\/2022\/11\/1667849693643.jpg","articleSection":["Soci\u00e9t\u00e9"],"inLanguage":"fr-FR","potentialAction":[{"@type":"CommentAction","name":"Comment","target":["https:\/\/fr.365yawm.ma\/index.php\/2022\/11\/07\/meurtre-de-letudiant-anouar-une-jeune-fille-de-17-ans-interpellee-a-tetouan\/#respond"]}]},{"@type":"WebPage","@id":"https:\/\/fr.365yawm.ma\/index.php\/2022\/11\/07\/meurtre-de-letudiant-anouar-une-jeune-fille-de-17-ans-interpellee-a-tetouan\/","url":"https:\/\/fr.365yawm.ma\/index.php\/2022\/11\/07\/meurtre-de-letudiant-anouar-une-jeune-fille-de-17-ans-interpellee-a-tetouan\/","name":"MEURTRE DE L'\u00c9TUDIANT ANOUAR: UNE JEUNE FILLE DE 17 ANS INTERPELL\u00c9E A T\u00c9TOUAN - 365YAWM fran\u00e7ais","isPartOf":{"@id":"https:\/\/fr.365yawm.ma\/#website"},"primaryImageOfPage":{"@id":"https:\/\/fr.365yawm.ma\/index.php\/2022\/11\/07\/meurtre-de-letudiant-anouar-une-jeune-fille-de-17-ans-interpellee-a-tetouan\/#primaryimage"},"image":{"@id":"https:\/\/fr.365yawm.ma\/index.php\/2022\/11\/07\/meurtre-de-letudiant-anouar-une-jeune-fille-de-17-ans-interpellee-a-tetouan\/#primaryimage"},"thumbnailUrl":"https:\/\/fr.365yawm.ma\/wp-content\/uploads\/2022\/11\/1667849693643.jpg","datePublished":"2022-11-07T19:41:31+00:00","breadcrumb":{"@id":"https:\/\/fr.365yawm.ma\/index.php\/2022\/11\/07\/meurtre-de-letudiant-anouar-une-jeune-fille-de-17-ans-interpellee-a-tetouan\/#breadcrumb"},"inLanguage":"fr-FR","potentialAction":[{"@type":"ReadAction","target":["https:\/\/fr.365yawm.ma\/index.php\/2022\/11\/07\/meurtre-de-letudiant-anouar-une-jeune-fille-de-17-ans-interpellee-a-tetouan\/"]}]},{"@type":"ImageObject","inLanguage":"fr-FR","@id":"https:\/\/fr.365yawm.ma\/index.php\/2022\/11\/07\/meurtre-de-letudiant-anouar-une-jeune-fille-de-17-ans-interpellee-a-tetouan\/#primaryimage","url":"https:\/\/fr.365yawm.ma\/wp-content\/uploads\/2022\/11\/1667849693643.jpg","contentUrl":"https:\/\/fr.365yawm.ma\/wp-content\/uploads\/2022\/11\/1667849693643.jpg","width":1080,"height":1080},{"@type":"BreadcrumbList","@id":"https:\/\/fr.365yawm.ma\/index.php\/2022\/11\/07\/meurtre-de-letudiant-anouar-une-jeune-fille-de-17-ans-interpellee-a-tetouan\/#breadcrumb","itemListElement":[{"@type":"ListItem","position":1,"name":"Accueil","item":"https:\/\/fr.365yawm.ma\/"},{"@type":"ListItem","position":2,"name":"MEURTRE DE L&rsquo;\u00c9TUDIANT ANOUAR: UNE JEUNE FILLE DE 17 ANS INTERPELL\u00c9E A T\u00c9TOUAN"}]},{"@type":"WebSite","@id":"https:\/\/fr.365yawm.ma\/#website","url":"https:\/\/fr.365yawm.ma\/","name":"365YAWM fran\u00e7ais","description":"","publisher":{"@id":"https:\/\/fr.365yawm.ma\/#organization"},"potentialAction":[{"@type":"SearchAction","target":{"@type":"EntryPoint","urlTemplate":"https:\/\/fr.365yawm.ma\/?s={search_term_string}"},"query-input":{"@type":"PropertyValueSpecification","valueRequired":true,"valueName":"search_term_string"}}],"inLanguage":"fr-FR"},{"@type":"Organization","@id":"https:\/\/fr.365yawm.ma\/#organization","name":"365 yawm","url":"https:\/\/fr.365yawm.ma\/","logo":{"@type":"ImageObject","inLanguage":"fr-FR","@id":"https:\/\/fr.365yawm.ma\/#\/schema\/logo\/image\/","url":"https:\/\/fr.365yawm.ma\/wp-content\/uploads\/2020\/04\/icon.png","contentUrl":"https:\/\/fr.365yawm.ma\/wp-content\/uploads\/2020\/04\/icon.png","width":512,"height":512,"caption":"365 yawm"},"image":{"@id":"https:\/\/fr.365yawm.ma\/#\/schema\/logo\/image\/"}},{"@type":"Person","@id":"https:\/\/fr.365yawm.ma\/#\/schema\/person\/3ae7f285880cb2045c5b6a6925408e72","name":"fra365yawm","image":{"@type":"ImageObject","inLanguage":"fr-FR","@id":"https:\/\/fr.365yawm.ma\/#\/schema\/person\/image\/","url":"https:\/\/secure.gravatar.com\/avatar\/825cebdd359775298a5648431701cf17d00fd4fbec76f488ebc15fbeb220aa3a?s=96&d=mm&r=g","contentUrl":"https:\/\/secure.gravatar.com\/avatar\/825cebdd359775298a5648431701cf17d00fd4fbec76f488ebc15fbeb220aa3a?s=96&d=mm&r=g","caption":"fra365yawm"},"sameAs":["https:\/\/fr.365yawm.ma"]}]}},"jetpack_featured_media_url":"https:\/\/fr.365yawm.ma\/wp-content\/uploads\/2022\/11\/1667849693643.jpg","jetpack_sharing_enabled":true,"_links":{"self":[{"href":"https:\/\/fr.365yawm.ma\/index.php\/wp-json\/wp\/v2\/posts\/2231","targetHints":{"allow":["GET"]}}],"collection":[{"href":"https:\/\/fr.365yawm.ma\/index.php\/wp-json\/wp\/v2\/posts"}],"about":[{"href":"https:\/\/fr.365yawm.ma\/index.php\/wp-json\/wp\/v2\/types\/post"}],"author":[{"embeddable":true,"href":"https:\/\/fr.365yawm.ma\/index.php\/wp-json\/wp\/v2\/users\/1"}],"replies":[{"embeddable":true,"href":"https:\/\/fr.365yawm.ma\/index.php\/wp-json\/wp\/v2\/comments?post=2231"}],"version-history":[{"count":1,"href":"https:\/\/fr.365yawm.ma\/index.php\/wp-json\/wp\/v2\/posts\/2231\/revisions"}],"predecessor-version":[{"id":2233,"href":"https:\/\/fr.365yawm.ma\/index.php\/wp-json\/wp\/v2\/posts\/2231\/revisions\/2233"}],"wp:featuredmedia":[{"embeddable":true,"href":"https:\/\/fr.365yawm.ma\/index.php\/wp-json\/wp\/v2\/media\/2232"}],"wp:attachment":[{"href":"https:\/\/fr.365yawm.ma\/index.php\/wp-json\/wp\/v2\/media?parent=2231"}],"wp:term":[{"taxonomy":"category","embeddable":true,"href":"https:\/\/fr.365yawm.ma\/index.php\/wp-json\/wp\/v2\/categories?post=2231"},{"taxonomy":"post_tag","embeddable":true,"href":"https:\/\/fr.365yawm.ma\/index.php\/wp-json\/wp\/v2\/tags?post=2231"}],"curies":[{"name":"wp","href":"https:\/\/api.w.org\/{rel}","templated":true}]}}